{"id":4907,"date":"2020-11-03T15:11:14","date_gmt":"2020-11-03T14:11:14","guid":{"rendered":"https:\/\/ifeelonline.com\/?p=4907"},"modified":"2021-10-05T09:42:54","modified_gmt":"2021-10-05T08:42:54","slug":"5-fenomenos-psicologicos-en-tu-papeleta-electoral","status":"publish","type":"post","link":"https:\/\/ifeelonline.com\/es\/terapias-ifeel\/desarrollo-personal\/5-fenomenos-psicologicos-en-tu-papeleta-electoral\/","title":{"rendered":"5 fen\u00f3menos psicol\u00f3gicos en tu papeleta electoral"},"content":{"rendered":"<div id=\"ez-toc-container\" class=\"ez-toc-v2_0_81 counter-hierarchy ez-toc-counter ez-toc-custom ez-toc-container-direction\">\n<div class=\"ez-toc-title-container\">\n<p class=\"ez-toc-title\" style=\"cursor:inherit\">Contenidos<\/p>\n<span class=\"ez-toc-title-toggle\"><a href=\"#\" class=\"ez-toc-pull-right ez-toc-btn ez-toc-btn-xs ez-toc-btn-default ez-toc-toggle\" aria-label=\"Toggle Table of Content\"><span class=\"ez-toc-js-icon-con\"><span class=\"\"><span class=\"eztoc-hide\" style=\"display:none;\">Toggle<\/span><span class=\"ez-toc-icon-toggle-span\"><svg style=\"fill: #51607e;color:#51607e\" xmlns=\"http:\/\/www.w3.org\/2000\/svg\" class=\"list-377408\" width=\"20px\" height=\"20px\" viewBox=\"0 0 24 24\" fill=\"none\"><path d=\"M6 6H4v2h2V6zm14 0H8v2h12V6zM4 11h2v2H4v-2zm16 0H8v2h12v-2zM4 16h2v2H4v-2zm16 0H8v2h12v-2z\" fill=\"currentColor\"><\/path><\/svg><svg style=\"fill: #51607e;color:#51607e\" class=\"arrow-unsorted-368013\" xmlns=\"http:\/\/www.w3.org\/2000\/svg\" width=\"10px\" height=\"10px\" viewBox=\"0 0 24 24\" version=\"1.2\" baseProfile=\"tiny\"><path d=\"M18.2 9.3l-6.2-6.3-6.2 6.3c-.2.2-.3.4-.3.7s.1.5.3.7c.2.2.4.3.7.3h11c.3 0 .5-.1.7-.3.2-.2.3-.5.3-.7s-.1-.5-.3-.7zM5.8 14.7l6.2 6.3 6.2-6.3c.2-.2.3-.5.3-.7s-.1-.5-.3-.7c-.2-.2-.4-.3-.7-.3h-11c-.3 0-.5.1-.7.3-.2.2-.3.5-.3.7s.1.5.3.7z\"\/><\/svg><\/span><\/span><\/span><\/a><\/span><\/div>\n<nav><ul class='ez-toc-list ez-toc-list-level-1 eztoc-toggle-hide-by-default' ><li class='ez-toc-page-1 ez-toc-heading-level-2'><a class=\"ez-toc-link ez-toc-heading-1\" href=\"https:\/\/ifeelonline.com\/es\/terapias-ifeel\/desarrollo-personal\/5-fenomenos-psicologicos-en-tu-papeleta-electoral\/#1Creencias_ideas_y_opiniones\" >1.Creencias, ideas y opiniones<\/a><\/li><li class='ez-toc-page-1 ez-toc-heading-level-2'><a class=\"ez-toc-link ez-toc-heading-2\" href=\"https:\/\/ifeelonline.com\/es\/terapias-ifeel\/desarrollo-personal\/5-fenomenos-psicologicos-en-tu-papeleta-electoral\/#2Emociones_y_conducta_electoral\" >2.Emociones y conducta electoral<\/a><\/li><li class='ez-toc-page-1 ez-toc-heading-level-2'><a class=\"ez-toc-link ez-toc-heading-3\" href=\"https:\/\/ifeelonline.com\/es\/terapias-ifeel\/desarrollo-personal\/5-fenomenos-psicologicos-en-tu-papeleta-electoral\/#3Sentido_de_pertenencia\" >3.Sentido de pertenencia<\/a><\/li><li class='ez-toc-page-1 ez-toc-heading-level-2'><a class=\"ez-toc-link ez-toc-heading-4\" href=\"https:\/\/ifeelonline.com\/es\/terapias-ifeel\/desarrollo-personal\/5-fenomenos-psicologicos-en-tu-papeleta-electoral\/#4Necesidad_de_autoafirmacion\" >4.Necesidad de autoafirmaci\u00f3n<\/a><\/li><li class='ez-toc-page-1 ez-toc-heading-level-2'><a class=\"ez-toc-link ez-toc-heading-5\" href=\"https:\/\/ifeelonline.com\/es\/terapias-ifeel\/desarrollo-personal\/5-fenomenos-psicologicos-en-tu-papeleta-electoral\/#5Capacidad_de_liderazgo\" >5.Capacidad de liderazgo<\/a><\/li><\/ul><\/nav><\/div>\n\n<p>Hoy es 3 de noviembre. Probablemente esa fecha no te diga gran cosa por s\u00ed misma. Si te decimos que hoy es <strong>el primer martes despu\u00e9s del primer lunes de noviembre<\/strong> quiz\u00e1 siga sin decirte nada.\u00a0<\/p>\n\n\n\n<p>Sin embargo, si est\u00e1s leyendo la prensa habr\u00e1s visto que este martes se celebran las <strong>elecciones presidenciales en Estados Unidos<\/strong>, cuya Constituci\u00f3n marca precisamente este d\u00eda (el primer martes despu\u00e9s del primer lunes de noviembre) como el momento para elegir al presidente cada cuatro a\u00f1os.\u00a0<\/p>\n\n\n\n<figure class=\"wp-block-image size-large\"><img loading=\"lazy\" decoding=\"async\" width=\"708\" height=\"380\" src=\"https:\/\/ifeelonline.com\/wp-content\/uploads\/2020\/11\/element5-digital-ls8Kc0P9hAA-unsplash-1.jpg\" alt=\"\" class=\"wp-image-4909\" srcset=\"https:\/\/ifeelonline.com\/es\/wp-content\/uploads\/2020\/11\/element5-digital-ls8Kc0P9hAA-unsplash-1.jpg 708w, https:\/\/ifeelonline.com\/es\/wp-content\/uploads\/2020\/11\/element5-digital-ls8Kc0P9hAA-unsplash-1-300x161.jpg 300w\" sizes=\"auto, (max-width: 708px) 100vw, 708px\" \/><\/figure>\n\n\n\n<p>Seguro que no te revelamos nada nuevo si te recordamos que en la <strong>elecci\u00f3n de 2020 <\/strong>se la juegan dos hombres blancos de 74 y 78 a\u00f1os de edad.\u00a0 <strong>Donald Trump<\/strong>, presidente en el cargo, es el candidato del partido republicano y se juega su reelecci\u00f3n.<strong> Joe Biden <\/strong>es el candidato del partido dem\u00f3crata y aspira a arrebatarle la presidencia.\u00a0<\/p>\n\n\n\n<span class=\"entresacado\">Si hay algo que es poco &#8220;100% racional&#8221; es el voto por un determinado candidato en unas elecciones<\/span>\n\n\n\n<p><\/p>\n\n\n\n<p><\/p>\n\n\n\n<p>Los <strong>an\u00e1lisis pol\u00edticos<\/strong> los tienes en los peri\u00f3dicos, la televisi\u00f3n y las redes sociales. Lo que nosotros queremos hacer es aprovechar que <strong>hoy son las elecciones en Estados Unidos<\/strong> para analizar <strong>5 fen\u00f3menos psicol\u00f3gicos<\/strong> que est\u00e1n presentes en todos los electores de todas las elecciones democr\u00e1ticas del mundo.\u00a0<\/p>\n\n\n\n<p>Si cre\u00edas que votar solo es meter un papel en un sobre y este sobre en una urna est\u00e1s equivocado y a continuaci\u00f3n te vamos a explicar por qu\u00e9.<\/p>\n\n\n\n<h2 class=\"wp-block-heading\"><span class=\"ez-toc-section\" id=\"1Creencias_ideas_y_opiniones\"><\/span>1.Creencias, ideas y opiniones<span class=\"ez-toc-section-end\"><\/span><\/h2>\n\n\n\n<p>Si hay algo que marca <strong>la conducta de un elector<\/strong> es su ideolog\u00eda. Es decir, las ideas pol\u00edticas m\u00e1s o menos elaboradas que tenga en su mente y con las que se mueva por la vida. Por supuesto, estas ideas est\u00e1n <strong>aderezadas con opiniones, creencias diversas, juicios de valor<\/strong>, principios morales y todo tipo de contenidos mentales que podamos considerar.\u00a0<\/p>\n\n\n\n<p>A veces las <strong>creencias y pensamientos pol\u00edticos <\/strong>con los que participamos en unas elecciones est\u00e1n muy claros. En otras ocasiones, son de car\u00e1cter bastante inconsciente. Tambi\u00e9n puede ser que <strong>unas creencias resulten contradictorias con otras <\/strong>o que no sepamos bien en qu\u00e9 momento las hemos incorporado a nuestro repertorio psicol\u00f3gico.\u00a0<\/p>\n\n\n\n<p>Por ejemplo, puedo <strong>votar a un personaje con el que no me une absolutamente nada<\/strong> pero, sin embargo, siento una extra\u00f1a afinidad, o elegir a alguien que -aunque yo no lo quiera admitir- <strong>defiende ideas que son muy contrarias a la realidad <\/strong>que yo o mis seres queridos vivimos cada d\u00eda. Pero es que no todo en el voto obedece a la l\u00f3gica, de hecho ahora vamos a explicarte por qu\u00e9.\u00a0<\/p>\n\n\n\n<h2 class=\"wp-block-heading\"><span class=\"ez-toc-section\" id=\"2Emociones_y_conducta_electoral\"><\/span>2.Emociones y conducta electoral<span class=\"ez-toc-section-end\"><\/span><\/h2>\n\n\n\n<p>No todo obedece a la l\u00f3gica en la conducta electoral porque, junto con la supuesta ideolog\u00eda, <strong>el otro gran pilar que sostiene el comportamiento de un elector<\/strong> es, sin duda, <a href=\"https:\/\/ifeelonline.com\/las-emociones-moverse-con-inteligencia\/\">su mundo emocional<\/a>.\u00a0<\/p>\n\n\n\n<p>De hecho, a mucha gente le gusta creer que vota a un candidato u otro <strong>en virtud de un razonamiento objetivo, intelectual y l\u00f3gico<\/strong>, pero en realidad sus preferencias pol\u00edticas est\u00e1n muy influidas por las <strong>emociones<\/strong> que los distintos candidatos, sus partidos y sus seguidores despiertan en \u00e9l.\u00a0<\/p>\n\n\n\n<p>A veces<strong> como electores nos sentimos desanimados<\/strong> o sin horizonte. Percibimos que <strong>nuestro voto no influye <\/strong>nada en en el resultado de las elecciones o en el devenir del pa\u00eds. Caemos entonces en un famoso fen\u00f3meno psicol\u00f3gico: la <strong>indefensi\u00f3n aprendida<\/strong>, que es b\u00e1sicamente lo que sentimos cuando llegamos a la conclusi\u00f3n de que <strong>nuestra conducta no influye en el ambiente<\/strong> y que, hagamos lo que hagamos, nada cambiar\u00e1.\u00a0<\/p>\n\n\n\n<figure class=\"wp-block-image size-large\"><img loading=\"lazy\" decoding=\"async\" width=\"708\" height=\"380\" src=\"https:\/\/ifeelonline.com\/wp-content\/uploads\/2020\/11\/glen-carrie-wzKHNVTZmZo-unsplash-1.jpg\" alt=\"\" class=\"wp-image-4910\" srcset=\"https:\/\/ifeelonline.com\/es\/wp-content\/uploads\/2020\/11\/glen-carrie-wzKHNVTZmZo-unsplash-1.jpg 708w, https:\/\/ifeelonline.com\/es\/wp-content\/uploads\/2020\/11\/glen-carrie-wzKHNVTZmZo-unsplash-1-300x161.jpg 300w\" sizes=\"auto, (max-width: 708px) 100vw, 708px\" \/><\/figure>\n\n\n\n<p>Otras veces <strong>decidimos acercarnos al colegio electoral<\/strong> porque sentimos confianza en el poder de nuestro voto. Adem\u00e1s de movidos por las ideas, en estos casos tambi\u00e9n <strong>votamos motivados por el miedo a que gane el candidato que no nos gusta<\/strong>, la esperanza respecto al futuro que promete el candidato que preferimos o el enfado generalizado que sentimos hacia el sistema, que puede llevarnos a <strong>votar desde la rabia o los deseos de venganza<\/strong>. En definitiva, si hay algo poco fr\u00edo en la vida, incluso poco \u201c100% racional\u201d, es la papeleta que depositamos en la urna.\u00a0<\/p>\n\n\n\n<h2 class=\"wp-block-heading\"><span class=\"ez-toc-section\" id=\"3Sentido_de_pertenencia\"><\/span>3.Sentido de pertenencia<span class=\"ez-toc-section-end\"><\/span><\/h2>\n\n\n\n<p>Las elecciones son <strong>uno de esos momentos de gran reuni\u00f3n como pa\u00eds<\/strong>, como sociedad. Son las ocasiones en las que la gente tiene un cierto <strong>sentido de participaci\u00f3n <\/strong>en el desarrollo de la sociedad de la que forma parte.\u00a0<\/p>\n\n\n\n<p>Siempre que <strong>un elector se lo toma en serio<\/strong> siente que su voto es la respuesta activa a una pregunta que, metaf\u00f3ricamente, le hace su pa\u00eds: \u00bf<strong>hacia d\u00f3nde te parece que es mejor que vayamos<\/strong> todos durante los pr\u00f3ximos cuatro a\u00f1os?\u00a0<\/p>\n\n\n\n<p>Adem\u00e1s de lecturas pol\u00edticas, sociol\u00f3gicas o antropol\u00f3gicas, esto<strong> tiene una importante dimensi\u00f3n psicol\u00f3gica<\/strong> que podr\u00edamos resumir en la idea de <strong>\u201csentido de pertenencia\u201d<\/strong>. Dicho sentido consiste en cu\u00e1nto un individuo se identifica con el grupo dentro del que desarrolla su vida y en el<strong> grado de implicaci\u00f3n con que participa en la vida de ese grupo<\/strong>. Votar es muchas cosas: entre otras, afirmar que se pertenece a un grupo con pleno derecho a trav\u00e9s de la participaci\u00f3n pol\u00edtica.\u00a0<\/p>\n\n\n\n<h2 class=\"wp-block-heading\"><span class=\"ez-toc-section\" id=\"4Necesidad_de_autoafirmacion\"><\/span>4.Necesidad de autoafirmaci\u00f3n<span class=\"ez-toc-section-end\"><\/span><\/h2>\n\n\n\n<p>Hablando de afirmaciones y de indefensiones aprendidas: \u00bfqu\u00e9 es el voto sino <strong>un medio para reivindicar nuestras opiniones <\/strong>y necesidades de manera pac\u00edfica? A trav\u00e9s de la vida pol\u00edtica y la participaci\u00f3n en sociedad, esto <strong>tiene que ver con una importante necesidad relacional <\/strong>que todos los psic\u00f3logos observamos en cualquier ser humano: <strong>la necesidad de autoafirmarnos<\/strong>. Esta necesidad implica expresar nuestros gustos, intereses, necesidades y proyectos de vida delante de los dem\u00e1s y sin que estos los aplasten, sino que les dejen espacio suficiente para desarrollarse.\u00a0<\/p>\n\n\n\n<p>Cuando votamos no estamos afirmando o <strong>reivindicando solo cuestiones organizativas o burocr\u00e1ticas<\/strong>, sino que estamos expresando el tipo de personas que somos y <strong>la manera en que deseamos que nos trate<\/strong> la sociedad en que vivimos.\u00a0<\/p>\n\n\n\n<h2 class=\"wp-block-heading\"><span class=\"ez-toc-section\" id=\"5Capacidad_de_liderazgo\"><\/span>5.Capacidad de liderazgo<span class=\"ez-toc-section-end\"><\/span><\/h2>\n\n\n\n<p>Cualquier proceso electoral implica que <strong>los candidatos someten a juicio sus programas <\/strong>pero tambi\u00e9n se someten a juicio a s\u00ed mismos a nivel personal. En efecto, se exponen a que todo un electorado los eval\u00fae m\u00e1s o menos concienzudamente y <strong>emita una opini\u00f3n favorable<\/strong> o bien los condene y rechace.\u00a0<\/p>\n\n\n\n<span class=\"entresacado\">En nuestra conducta electoral influye nuestra ideolog\u00eda, pero tambi\u00e9n las emociones que despierta en nosotros un determinado candidato<\/span>\n\n\n\n<p><\/p>\n\n\n\n<p><\/p>\n\n\n\n<p>Para lograr sus objetivos,<strong> los candidatos tienen que saber ser persuasivos<\/strong> y conectar con la mayor cantidad posible de votantes. Estos por su parte, evaluar\u00e1n las propuestas que se les hagan, teniendo en cuenta <strong>la parte cognitiva y emocional <\/strong>que hemos descrito m\u00e1s arriba. A continuaci\u00f3n, <strong>cotejar\u00e1n a los candidatos consigo mismos <\/strong>para decidir si se sienten representados o no por aquellos y si les inspiran confianza, rechazo o indiferencia. Es decir, para <strong>decidir si se identifican lo suficiente con ellos y con las causas que defienden<\/strong> como para votar por ellos. Sin duda, toda votaci\u00f3n es, entre otras cosas, un proceso de expresi\u00f3n y evaluaci\u00f3n de <a href=\"https:\/\/ifeelonline.com\/diferencia-lider-jefe\/\">diferentes <strong>estilos de liderazgo<\/strong><\/a>.\u00a0<\/p>\n\n\n\n<figure class=\"wp-block-image size-large\"><img loading=\"lazy\" decoding=\"async\" width=\"708\" height=\"380\" src=\"https:\/\/ifeelonline.com\/wp-content\/uploads\/2020\/11\/kelly-sikkema-6mUIYJvS2_I-unsplash-1.jpg\" alt=\"\" class=\"wp-image-4911\" srcset=\"https:\/\/ifeelonline.com\/es\/wp-content\/uploads\/2020\/11\/kelly-sikkema-6mUIYJvS2_I-unsplash-1.jpg 708w, https:\/\/ifeelonline.com\/es\/wp-content\/uploads\/2020\/11\/kelly-sikkema-6mUIYJvS2_I-unsplash-1-300x161.jpg 300w\" sizes=\"auto, (max-width: 708px) 100vw, 708px\" \/><\/figure>\n\n\n\n<p>Como te dec\u00edamos, <strong>hoy es martes 3 de noviembre de 2020<\/strong> y al otro lado del Atl\u00e1ntico se deciden asuntos importantes y que, aunque t\u00fa no lo creas, van a tener enorme trascendencia tambi\u00e9n en tu vida. Cada uno de<strong> los 150 millones de electores que est\u00e1n decidiendo entre Donald Trump y Joe Biden<\/strong> lo est\u00e1n haciendo a trav\u00e9s de los cinco ejes psicol\u00f3gicos de los que te hemos hablado. Sea cual sea el resultado, <strong>la parte psicol\u00f3gica de cualquier proceso electoral<\/strong> siempre es de las m\u00e1s fascinantes.\u00a0<\/p>\n\n    <div class=\"xs_social_share_widget xs_share_url after_content \t\tmain_content  wslu-style-1 wslu-share-box-shaped wslu-fill-colored wslu-none wslu-share-horizontal wslu-theme-font-no wslu-main_content\">\n\n\t\t\n        <ul>\n\t\t\t        <\/ul>\n    <\/div> \n","protected":false},"excerpt":{"rendered":"<p>Hoy es 3 de noviembre. Probablemente esa fecha no te diga gran cosa por s\u00ed misma. Si te decimos que hoy es el primer martes despu\u00e9s del primer lunes de noviembre quiz\u00e1 siga sin decirte nada.\u00a0 Sin embargo, si est\u00e1s leyendo la prensa habr\u00e1s visto que este martes se celebran las elecciones presidenciales en Estados [&hellip;]<\/p>\n","protected":false},"author":8,"featured_media":4908,"comment_status":"closed","ping_status":"open","sticky":false,"template":"","format":"standard","meta":{"content-type":"","postBodyCss":"","postBodyMargin":[],"postBodyPadding":[],"postBodyBackground":{"backgroundType":"classic","gradient":""},"footnotes":""},"categories":[486],"tags":[],"class_list":["post-4907","post","type-post","status-publish","format-standard","has-post-thumbnail","hentry","category-desarrollo-personal"],"_links":{"self":[{"href":"https:\/\/ifeelonline.com\/es\/wp-json\/wp\/v2\/posts\/4907","targetHints":{"allow":["GET"]}}],"collection":[{"href":"https:\/\/ifeelonline.com\/es\/wp-json\/wp\/v2\/posts"}],"about":[{"href":"https:\/\/ifeelonline.com\/es\/wp-json\/wp\/v2\/types\/post"}],"author":[{"embeddable":true,"href":"https:\/\/ifeelonline.com\/es\/wp-json\/wp\/v2\/users\/8"}],"replies":[{"embeddable":true,"href":"https:\/\/ifeelonline.com\/es\/wp-json\/wp\/v2\/comments?post=4907"}],"version-history":[{"count":0,"href":"https:\/\/ifeelonline.com\/es\/wp-json\/wp\/v2\/posts\/4907\/revisions"}],"wp:featuredmedia":[{"embeddable":true,"href":"https:\/\/ifeelonline.com\/es\/wp-json\/wp\/v2\/media\/4908"}],"wp:attachment":[{"href":"https:\/\/ifeelonline.com\/es\/wp-json\/wp\/v2\/media?parent=4907"}],"wp:term":[{"taxonomy":"category","embeddable":true,"href":"https:\/\/ifeelonline.com\/es\/wp-json\/wp\/v2\/categories?post=4907"},{"taxonomy":"post_tag","embeddable":true,"href":"https:\/\/ifeelonline.com\/es\/wp-json\/wp\/v2\/tags?post=4907"}],"curies":[{"name":"wp","href":"https:\/\/api.w.org\/{rel}","templated":true}]}}