{"id":4094,"date":"2019-05-27T18:20:02","date_gmt":"2019-05-27T17:20:02","guid":{"rendered":"https:\/\/ifeelonline.com\/?p=4094"},"modified":"2021-10-05T11:46:31","modified_gmt":"2021-10-05T10:46:31","slug":"eurovision-festival-para-psicologos","status":"publish","type":"post","link":"https:\/\/ifeelonline.com\/es\/terapias-ifeel\/ansiedad\/eurovision-festival-para-psicologos\/","title":{"rendered":"Eurovisi\u00f3n: festival para psic\u00f3logos"},"content":{"rendered":"<div id=\"ez-toc-container\" class=\"ez-toc-v2_0_81 counter-hierarchy ez-toc-counter ez-toc-custom ez-toc-container-direction\">\n<div class=\"ez-toc-title-container\">\n<p class=\"ez-toc-title\" style=\"cursor:inherit\">Contenidos<\/p>\n<span class=\"ez-toc-title-toggle\"><a href=\"#\" class=\"ez-toc-pull-right ez-toc-btn ez-toc-btn-xs ez-toc-btn-default ez-toc-toggle\" aria-label=\"Toggle Table of Content\"><span class=\"ez-toc-js-icon-con\"><span class=\"\"><span class=\"eztoc-hide\" style=\"display:none;\">Toggle<\/span><span class=\"ez-toc-icon-toggle-span\"><svg style=\"fill: #51607e;color:#51607e\" xmlns=\"http:\/\/www.w3.org\/2000\/svg\" class=\"list-377408\" width=\"20px\" height=\"20px\" viewBox=\"0 0 24 24\" fill=\"none\"><path d=\"M6 6H4v2h2V6zm14 0H8v2h12V6zM4 11h2v2H4v-2zm16 0H8v2h12v-2zM4 16h2v2H4v-2zm16 0H8v2h12v-2z\" fill=\"currentColor\"><\/path><\/svg><svg style=\"fill: #51607e;color:#51607e\" class=\"arrow-unsorted-368013\" xmlns=\"http:\/\/www.w3.org\/2000\/svg\" width=\"10px\" height=\"10px\" viewBox=\"0 0 24 24\" version=\"1.2\" baseProfile=\"tiny\"><path d=\"M18.2 9.3l-6.2-6.3-6.2 6.3c-.2.2-.3.4-.3.7s.1.5.3.7c.2.2.4.3.7.3h11c.3 0 .5-.1.7-.3.2-.2.3-.5.3-.7s-.1-.5-.3-.7zM5.8 14.7l6.2 6.3 6.2-6.3c.2-.2.3-.5.3-.7s-.1-.5-.3-.7c-.2-.2-.4-.3-.7-.3h-11c-.3 0-.5.1-.7.3-.2.2-.3.5-.3.7s.1.5.3.7z\"\/><\/svg><\/span><\/span><\/span><\/a><\/span><\/div>\n<nav><ul class='ez-toc-list ez-toc-list-level-1 eztoc-toggle-hide-by-default' ><li class='ez-toc-page-1 ez-toc-heading-level-2'><a class=\"ez-toc-link ez-toc-heading-1\" href=\"https:\/\/ifeelonline.com\/es\/terapias-ifeel\/ansiedad\/eurovision-festival-para-psicologos\/#No_controles_mi_forma_de_cantar\" >No controles mi forma de cantar<\/a><\/li><li class='ez-toc-page-1 ez-toc-heading-level-2'><a class=\"ez-toc-link ez-toc-heading-2\" href=\"https:\/\/ifeelonline.com\/es\/terapias-ifeel\/ansiedad\/eurovision-festival-para-psicologos\/#Un_festival_de_las_emociones\" >Un festival de las emociones<\/a><\/li><li class='ez-toc-page-1 ez-toc-heading-level-2'><a class=\"ez-toc-link ez-toc-heading-3\" href=\"https:\/\/ifeelonline.com\/es\/terapias-ifeel\/ansiedad\/eurovision-festival-para-psicologos\/#El_nuevo_Orgullo_Gay\" >El nuevo Orgullo Gay<\/a><\/li><li class='ez-toc-page-1 ez-toc-heading-level-2'><a class=\"ez-toc-link ez-toc-heading-4\" href=\"https:\/\/ifeelonline.com\/es\/terapias-ifeel\/ansiedad\/eurovision-festival-para-psicologos\/#Una_promesa_de_igualdad\" >Una promesa de igualdad<\/a><\/li><li class='ez-toc-page-1 ez-toc-heading-level-2'><a class=\"ez-toc-link ez-toc-heading-5\" href=\"https:\/\/ifeelonline.com\/es\/terapias-ifeel\/ansiedad\/eurovision-festival-para-psicologos\/#Ideologia_de_sabado_noche\" >Ideolog\u00eda de s\u00e1bado noche<\/a><\/li><li class='ez-toc-page-1 ez-toc-heading-level-2'><a class=\"ez-toc-link ez-toc-heading-6\" href=\"https:\/\/ifeelonline.com\/es\/terapias-ifeel\/ansiedad\/eurovision-festival-para-psicologos\/#Cuando_se_apagan_los_focos\" >Cuando se apagan los focos<\/a><\/li><\/ul><\/nav><\/div>\n\n<p>Hace algo m\u00e1s de una semana <strong>se celebr\u00f3 una nueva edici\u00f3n del Festival de Eurovisi\u00f3<\/strong>n y no podemos resistirnos a comentar este evento planetario desde nuestro particular punto de vista. Al fin y al cabo, los psic\u00f3logos tambi\u00e9n bajamos de vez en cuando la persiana, vemos la televisi\u00f3n y luego volvemos a ponernos en marcha.<br><\/p>\n\n\n\n<p>Suponemos que los cantantes y sus respectivos equipos deben <strong>sufrir un gran desgaste antes de regresar a sus casas<\/strong>. Por eso, no cabe duda de que Eurovisi\u00f3n les hace vivir numerosas experiencias con las que podemos trabajar a nivel terap\u00e9utico.<br><\/p>\n\n\n\n<p>Las responsabilidad de haber sido seleccionado, las dudas respecto a la canci\u00f3n, las decisiones sobre c\u00f3mo ponerla en escena, la ilusi\u00f3n, la presi\u00f3n, la prensa, las expectativas,<strong> los ensayos agotadores con tus rivales pis\u00e1ndote los talones, vivir el <\/strong><em><strong>show<\/strong><\/em><strong> y las votaciones\u2026<\/strong> Todo eso merece ser atendido para que no acabe antes de tiempo con la salud del cantante. <br><\/p>\n\n\n\n<figure class=\"wp-block-image\"><img decoding=\"async\" src=\"https:\/\/ifeelonline.com\/wp-content\/uploads\/2019\/05\/aaron-paul-172684-unsplash-1024x682.jpg\" alt=\"\" class=\"wp-image-4096\"><\/figure>\n\n\n\n<p>Por eso es muy importante <strong>que todo participante en Eurovisi\u00f3n est\u00e9 preparado antes, durante y despu\u00e9s de su actuaci\u00f3n<\/strong>, independientemente del resultado final. Debe prepararse para perder, porque su ilusi\u00f3n y su esfuerzo no garantizan por s\u00ed mismos que vaya a quedar en primera posici\u00f3n. De hecho, <strong>puede hacerlo genial y quedar el \u00faltimo<\/strong>. <\/p>\n\n\n\n<p>Los cantantes tambi\u00e9n deben prepararse para ganar. En el vencedor se reactivar\u00e1 una nueva ola de estr\u00e9s -con m\u00e1s sonrisas y <em>flashes<\/em>, pero estr\u00e9s- que puede volverse en su contra si no se contiene adecuadamente. <br><\/p>\n\n\n\n<p>As\u00ed pues, un \u201ceuropsic\u00f3logo\u201d tiene ante s\u00ed todo un campo para motivar, escuchar, apoyar y reubicar a su paciente.<br><\/p>\n\n\n\n<p>Al final de este art\u00edculo <strong>daremos m\u00e1s recomendaciones que esperemos que en alg\u00fan momento lleguen a nuestro buen Miki N\u00fa\u00f1ez<\/strong>. Pero antes, \u00bfpor qu\u00e9 no un poco de repaso a lo que Eurovisi\u00f3n, en general, suele dar de s\u00ed?<\/p>\n\n\n\n<h2 class=\"wp-block-heading\"><span class=\"ez-toc-section\" id=\"No_controles_mi_forma_de_cantar\"><\/span><strong>No controles mi forma de cantar<\/strong><span class=\"ez-toc-section-end\"><\/span><\/h2>\n\n\n\n<p>Te dediques o no la psicolog\u00eda hay cosas que saltan a la vista en este tipo de programas. Una de ellas es que <strong>lo que vemos sobre el escenario de Eurovisi\u00f3n desaf\u00eda los l\u00edmites de la est\u00e9tica<\/strong> hasta confundirlos con los de la \u00e9tica. <br><\/p>\n\n\n\n<p>Por un lado, est\u00e1n las canciones de (des)amor m\u00e1s bien blanditas, <strong>de esas que nos han gustado desde siempre pero solo lo confesamos tras un buen taller de empoderamiento<\/strong> o sobre c\u00f3mo abrazar nuestro sufrimiento mientras abrazamos el tronco de un \u00e1rbol. Estas canciones se intercalan con \u201ccosas\u201d que se parecen a una canci\u00f3n-protesta camuflada bajo una coreograf\u00eda imposible o un batiburrillo de arneses, pelucas o efectos de pantalla destinados a abrasar retinas y derretir cerebros. <br><\/p>\n\n\n\n<figure class=\"wp-block-image\"><img decoding=\"async\" src=\"https:\/\/ifeelonline.com\/wp-content\/uploads\/2019\/05\/andrew-gaines-287085-unsplash-1024x683.jpg\" alt=\"\" class=\"wp-image-4097\"><\/figure>\n\n\n\n<p>Est\u00e1 claro que, si Eurovisi\u00f3n no existiera, <strong>un pu\u00f1ado de presidentes de gobierno, banqueros misteriosos y electricistas amantes del petardeo tendr\u00edan que inventarlo<\/strong>. <br><\/p>\n\n\n\n<h2 class=\"wp-block-heading\"><span class=\"ez-toc-section\" id=\"Un_festival_de_las_emociones\"><\/span><strong>Un festival de las emociones<\/strong><span class=\"ez-toc-section-end\"><\/span><\/h2>\n\n\n\n<p>Eurovisi\u00f3n tiene algo de <em>Juego de Tronos<\/em> con guion de la Asociaci\u00f3n Americana de Psicolog\u00eda y direcci\u00f3n de Raffaella Carr\u00e0. Intrigas, rumores, venganzas, rencor, decepciones, patinaje sobre cualquier superficie, <strong>mucho fuego, su poquito de chisporroteo, un buen golpe de melena y org\u00eda de confetti para el fin de fiesta<\/strong>. \u00bfEn qu\u00e9 congreso de psicopatolog\u00eda has visto un fest\u00edn as\u00ed?<br><\/p>\n\n\n\n<p>Tanto si est\u00e1s a pie de escenario como en el sal\u00f3n de tu amiga poni\u00e9ndote ciega a quicos mientras murmuras maldades, hay algo que no puedes negar:<strong> sabes que alguien, quiz\u00e1 t\u00fa, va a sentir cosas realmente m\u00e1gicas esa noche. <\/strong><br><\/p>\n\n\n\n<p>Solo hay que ver a los presentes cada vez que la c\u00e1mara los enfoca para <strong>comprobar lo entregados que est\u00e1n a cualquier canci\u00f3n que se ponga por delante<\/strong>. Ya se sabe que no hay nada como llegar entregado a una gala y seguir entreg\u00e1ndose durante la misma con todas las dosis extra (de entrega, se entiende) que hagan falta. <br><\/p>\n\n\n\n<p>A algunas personas puede dejarlas perplejas tal nivel de implicaci\u00f3n pero es que hay cosas que no te las pueden explicar, no las tienes que entender, <strong>solo puedes vivirlas<\/strong>. Una de ellas es el arte abstracto. Otra es el Roc\u00edo. Y la otra es Eurovisi\u00f3n. <br><\/p>\n\n\n\n<h2 class=\"wp-block-heading\"><span class=\"ez-toc-section\" id=\"El_nuevo_Orgullo_Gay\"><\/span><strong>El nuevo Orgullo Gay<\/strong><span class=\"ez-toc-section-end\"><\/span><\/h2>\n\n\n\n<p>El colectivo LGTBI se ha apropiado del festival y lo ha incorporado como santo y se\u00f1a comunitario. Era solo cuesti\u00f3n de tiempo que ocurriera, ya que <strong>esta comunidad ha hecho de la apropiaci\u00f3n y la resignificaci\u00f3n una marca de clase<\/strong>. Y el despiporre de la canci\u00f3n ligera con aire de campamento intercultural era una presa m\u00e1s que f\u00e1cil para ello. <br><\/p>\n\n\n\n<p>Eurovisi\u00f3n tiene un doble efecto sobre el colectivo. Por un lado<strong> aglutina a sus integrantes en torno a una nueva causa<\/strong>, fortaleciendo de este modo su identidad. Por otro, sobre todo para aquellos gais que se sienten m\u00e1s ajenos al Eurovision Song Contest, este evento es un horror m\u00e1s, <strong>una especie de engendro que alimenta t\u00f3picos<\/strong> con los que no desean ser identificados.<br><\/p>\n\n\n\n<p>Con alegr\u00eda o refunfu\u00f1ando, la gran familia gay se re\u00fane en torno a la mesa como si de una Nochebuena musical se tratara. Ya existen otros acontecimientos as\u00ed en el calendario pero es que el concurso (?) de la canci\u00f3n europea tiene sus peculiaridades. Por ejemplo, <strong>cada cuatro a\u00f1os hay una final del mundial de f\u00fatbol pero Eurovisi\u00f3n es cada a\u00f1o<\/strong>, as\u00ed que disfrutamos cuatro veces por el precio de una. <br><\/p>\n\n\n\n<p>Por otro lado, se dice que el f\u00fatbol es bonito porque todo es posible encima de una hect\u00e1rea de c\u00e9sped, entendiendo ese <em>todo es posible<\/em> como <strong>\u201cPuede haber un favorito pero nadie sabe cu\u00e1l de los dos ganar\u00e1\u201d<\/strong>. En cambio, Eurovisi\u00f3n es bonito porque, como la mayor\u00eda de la gente ya sabe o sospecha cu\u00e1l de los 26 participantes vencer\u00e1, puede disfrutar del espect\u00e1culo sin los nervios de ese penalty traicionero o esa pr\u00f3rroga que pueden cambiar para siempre el curso de la historia. <br><\/p>\n\n\n\n<figure class=\"wp-block-image\"><img decoding=\"async\" src=\"https:\/\/ifeelonline.com\/wp-content\/uploads\/2019\/05\/ezra-comeau-jeffrey-77199-unsplash-1024x683.jpg\" alt=\"\" class=\"wp-image-4099\"><\/figure>\n\n\n\n<p>Al fin y al cabo, si algo nos ha ense\u00f1ado Hollywood es que quienes ganan el \u00f3scar al Mejor Actor Secundario (que suele ser el primero de la noche en entregarse) saben en primera persona que <strong>la gala se disfruta mucho m\u00e1s si tu misterio se resuelve al principio<\/strong> que si tienes que esperar hasta el final para saber si ganar\u00e1s. <br><\/p>\n\n\n\n<h2 class=\"wp-block-heading\"><span class=\"ez-toc-section\" id=\"Una_promesa_de_igualdad\"><\/span><strong>Una promesa de igualdad<\/strong><span class=\"ez-toc-section-end\"><\/span><\/h2>\n\n\n\n<p>Tambi\u00e9n se dice que una de las caracter\u00edsticas del \u201csue\u00f1o americano\u201d es que <strong>hasta el m\u00e1s pintado puede llegar a presidente<\/strong>. Como la eficacia de dicho modelo est\u00e1 m\u00e1s que demostrada, la evoluci\u00f3n de Eurovisi\u00f3n ha hecho suyo el mismo principio. No hay normas escritas: seas como seas, hagas lo que hagas, <strong>valgas lo que valgas (siempre y cuando no representes a Espa\u00f1a)&#8230; puedes ganar<\/strong>. <br><\/p>\n\n\n\n<p>No nos enga\u00f1emos, Eurovisi\u00f3n lleva d\u00e9cadas trayendo a nuestras vidas un mensaje de esperanza, la promesa de que <strong>la igualdad de oportunidades es real<\/strong>. O al menos lo parece, que es mucho mejor. De este modo, si est\u00e1s leyendo esto y quieres presentarte, no lo dudes ni por un instante y conf\u00eda en tu talento, lo tengas o no. <br><\/p>\n\n\n\n<figure class=\"wp-block-image\"><img decoding=\"async\" src=\"https:\/\/ifeelonline.com\/wp-content\/uploads\/2019\/05\/marcus-neto-96651-unsplash-1024x683.jpg\" alt=\"\" class=\"wp-image-4098\"><\/figure>\n\n\n\n<p>Porque <strong>Eurovisi\u00f3n no va de tener talento, va de que te quieran<\/strong>. Eurovisi\u00f3n es una especie de Pa\u00eds de Oz donde no importa el tama\u00f1o o la forma de tu cuerpo. No importa tu belleza f\u00edsica, no importa si vienes de un pa\u00eds muy progre, de una pseudodemocracia o de una dictadura declarada. Qu\u00e9 diablos, \u00a1ni siquiera importa si tu pa\u00eds est\u00e1 en Europa! Tampoco importa si tu canci\u00f3n es maravillosa o una aut\u00e9ntica basura. No importa si bailas o cacareas, si te retuerces para aparentar sensibilidad, si vuelas colgada de una l\u00e1mpara, si te mojas o te marcas un triathlon en medio del escenario. Eurovisi\u00f3n es una f\u00e1brica de sue\u00f1os de los que no dejaremos de despertarnos en las discotecas durante los pr\u00f3ximos meses. Aunque pierdas. Aunque nunca vayas.<br><\/p>\n\n\n\n<h2 class=\"wp-block-heading\"><span class=\"ez-toc-section\" id=\"Ideologia_de_sabado_noche\"><\/span><strong>Ideolog\u00eda de s\u00e1bado noche<\/strong><span class=\"ez-toc-section-end\"><\/span><\/h2>\n\n\n\n<p>Aunque nos suene muy cognitivo, <strong>el concepto de ideolog\u00eda est\u00e1 muy ligado al de emoci\u00f3n<\/strong>. Al fin y al cabo, \u00bfqui\u00e9n ha visto alguna vez a un pensamiento caminando por ah\u00ed solito, o a una emoci\u00f3n sin su poquito de creencia que la acompa\u00f1e?<br><\/p>\n\n\n\n<p>Y es que existen pocas cosas tan emocionales y alocadamente ideologizadas como el festival de Eurovisi\u00f3n. Artistas, organizadores, p\u00fablico y dem\u00e1s sat\u00e9lites del evento<strong> hacen de este concurso es un gran tabl\u00f3n de anuncios en el que los pa\u00edses se van dejando recaditos unos a otros<\/strong>, o bien a s\u00ed mismos, a trav\u00e9s del cantante que los representa. <br><\/p>\n\n\n\n<p>De hecho, &nbsp;Eurovisi\u00f3n es el escenario donde algunos cantantes aprovechan para dirigir a los gobernantes de sus pa\u00edses o de otros pa\u00edses mensajes \u201cmuy comprometidos\u201d. La paradoja (o no) es que <strong>esos mensajes nunca llegar\u00e1n a dichos gobernantes porque ellos no son el tipo de gente que ve Eurovisi\u00f3n<\/strong> aunque, seg\u00fan las malas lenguas, s\u00ed son el tipo de gente que decide los tejemanejes del festival. <br><\/p>\n\n\n\n<p>No es necesario preocuparse por la coherencia. <strong>Todo sucede con mucho brillo, acrobacia y pantalla, y en p\u00edldoras de unos tres minutos de duraci\u00f3n<\/strong>. Al fin y al cabo es un festival, no una reuni\u00f3n del Consejo de Seguridad de Naciones Unidas con hilo musical de fondo. <br><\/p>\n\n\n\n<p>Entre fogonazo y fogonazo <strong>el artefacto eurovisivo acaba centr\u00e1ndose en una revisi\u00f3n medio petarda, medio seria, de diversos nacionalismos<\/strong> mientras se hace a\u00f1icos el patriotismo de cada cual: \u00bfen serio esta persona representa a mi pa\u00eds? \u00bfNo hubiera sido mejor enviar al otro? Nunca se celebra Eurovisi\u00f3n a gusto de todos. <br><\/p>\n\n\n\n<p>En definitiva, <strong>Eurovisi\u00f3n es un gran expositor de mensajes reivindicativos normalmente muy simples y bastante manidos<\/strong>, dise\u00f1ados para generar el acuerdo de la totalidad del p\u00fablico. El a\u00f1o pasado toc\u00f3 feminismo para principiantes. Este a\u00f1o el triunfo ha reca\u00eddo en <strong>un elegante joven holand\u00e9s del que se destaca que sufri\u00f3 acoso escolar<\/strong> en su infancia y adolescencia. Lo dicho, Eurovisi\u00f3n va de que te quieran.<br><\/p>\n\n\n\n<p>Sea como sea, para los m\u00e1s <em>hooligans<\/em> <strong>se trata de una nueva religi\u00f3n en la que solo hay dos opciones: o conmigo o contra m\u00ed<\/strong>. O conf\u00edas en que el festival se basa en unos criterios que se cumplen rigurosamente mediante las votaciones de, bueno, de nadie tiene muy claro qui\u00e9n, o eres uno de esos herejes que afirman que el festival europeo de la canci\u00f3n es una enorme tapadera de importantes intereses pol\u00edticos que nada tienen que ver con lo musical. En realidad, \u00bfqu\u00e9 importa? <strong>No podemos evitar que las f\u00e1bricas de los sue\u00f1os tambi\u00e9n fabriquen pesadillas<\/strong>.&nbsp;<\/p>\n\n\n\n<p><\/p>\n\n\n\n<h3 class=\"wp-block-heading\"><strong>Hay quien sabe que nunca ganar\u00e1<\/strong><\/h3>\n\n\n\n<p>Pero si hay un mensaje ideol\u00f3gico cargado de emociones es <strong>el ya tradicional escarnio p\u00fablico a la europarticipaci\u00f3n de Rusia<\/strong>, pa\u00eds donde la homofobia es la ley. <br><\/p>\n\n\n\n<p>Contaba la escritora <strong>Ana Mar\u00eda Matute <\/strong>que una de las primeras cosas que explic\u00f3 a sus alumnos cuando fue invitada a dar clases en una universidad estadounidense fue algo as\u00ed como \u201cVuestros profesores os habr\u00e1n estado hablando hasta ahora de la literatura pero es que yo <em>soy<\/em> la literatura\u201d. <br><\/p>\n\n\n\n<p>La Matute entendi\u00f3 la importancia de las peque\u00f1as diferencias y los eurofans m\u00e1s entregados tambi\u00e9n. <strong>Cuando Rusia aparece se borran el resto de fronteras, se aprietan las filas y se afilan los silbidos<\/strong>. Porque en ese momento el \u00fanico nacionalismo que vale es el de la Naci\u00f3n Gay. <br><\/p>\n\n\n\n<p>As\u00ed pues, da la impresi\u00f3n de que cada vez que sucede algo ruso en escena todo el p\u00fablico se pone de acuerdo en una premisa: vosotros pod\u00e9is participar en un festival repleto de gais -mientras persegu\u00eds a los gais en vuestro pa\u00eds-, pero <strong>nosotros <\/strong><em><strong>somos<\/strong><\/em><strong> los gais. Traducci\u00f3n: no ten\u00e9is nada que hacer, \u00a1que siga el pitido!<\/strong><br><\/p>\n\n\n\n<p>En cualquier caso, y como si de un sistema bipartidista se tratara,<strong> este a\u00f1o ha vuelto a vencer el modelo sobrio tanto en la canci\u00f3n como en su puesta en escena<\/strong>, caracterizadas por la simplicidad y la autenticidad. Parece que la tendencia apretaba fuerte, ya que el segundo en la clasificaci\u00f3n segu\u00eda una l\u00ednea m\u00e1s o menos similar, por contraste con el espect\u00e1culo estridente de la ganadora del a\u00f1o pasado. <br><\/p>\n\n\n\n<p>\u00bfQu\u00e9 quiere decirnos Eurovisi\u00f3n con esto? \u00bfEs Eurovisi\u00f3n el nuevo term\u00f3metro de los valores de la juventud -homosexual- que habita en algo que sol\u00eda llamarse Europa y cuyas l\u00edneas desdibujadas se extienden ya hasta Australia?<\/p>\n\n\n\n<p><\/p>\n\n\n\n<h2 class=\"wp-block-heading\"><span class=\"ez-toc-section\" id=\"Cuando_se_apagan_los_focos\"><\/span><strong>Cuando se apagan los focos<\/strong><span class=\"ez-toc-section-end\"><\/span><\/h2>\n\n\n\n<p>Todos los participantes afirman haber trabajado muy duro hasta llegar a la final, expresan su deseo de disfrutarlo y <strong>tratan de no perecer aplastados bajo el afecto -o la crueldad- de sus compatriotas<\/strong>. Salen a ganar y a superarse. Sin embargo, al cabo de las horas muchos de ellos estar\u00e1n chapoteando en el lodazal de la derrota. <br><\/p>\n\n\n\n<p>Todo parece muy evidente una vez apagados los focos. <strong>Qu\u00e9 escenograf\u00eda no funcionaba, qu\u00e9 tipo de m\u00fasica no era tendencia este a\u00f1o, qu\u00e9 otro producto nacional habr\u00eda triunfado<\/strong> donde ahora solo hay un puesto veintitantos&#8230; Pero a menudo la realidad es mucho m\u00e1s aleatoria y conviene contar con ello desde el primer momento. <br><\/p>\n\n\n\n<p>Al principio de este art\u00edculo indicamos la importancia de que quienes viven una experiencia as\u00ed <strong>reciban un acompa\u00f1amiento psicol\u00f3gico adecuado para que la factura para su salud sea lo m\u00e1s baja posible<\/strong>. <br><\/p>\n\n\n\n<p>Ahora ya sabemos en qu\u00e9 puesto ha quedado Espa\u00f1a. Por eso, <strong>si yo fuera el terapeuta de Miki N\u00fa\u00f1ez<\/strong> le invitar\u00eda a que hablara sin tapujos de c\u00f3mo ha sido su proceso eurovisivo desde el mismo momento en que fue seleccionado. Qu\u00e9 ha significado para \u00e9l, qu\u00e9 se ha dejado en el camino y <strong>qu\u00e9 se lleva de todo este artefacto<\/strong> que volver\u00e1 a brillar el a\u00f1o que viene para otro concursante. <br><\/p>\n\n\n\n<figure class=\"wp-block-image\"><img decoding=\"async\" src=\"https:\/\/ifeelonline.com\/wp-content\/uploads\/2019\/05\/kelly-sikkema-1377286-unsplash-1024x683.jpg\" alt=\"\" class=\"wp-image-4100\"><\/figure>\n\n\n\n<p><strong>Le invitar\u00eda -ahora que nos nos oye nadie- a que se quejara de lo que \u00e9l quisiera<\/strong> y que pusiera palabras a sus emociones: \u00bfdecepci\u00f3n, enfado, envidia? \u00bfAlivio&#8230;? Le manifestar\u00eda, hasta donde fuera capaz, <strong>el sentido que tienen para m\u00ed sus palabras y qu\u00e9 es lo que detecto en ellas tanto como en sus expresiones o en la postura de su cuerpo mientras me lo cuenta<\/strong>. Le autorizar\u00eda a tomarse el tiempo que necesitara para metabolizar el regreso a casa. Si \u00e9l quisiera, le ayudar\u00eda a imaginar qu\u00e9 es lo siguiente que tiene en mente mientras la resaca se va disolviendo. <br><\/p>\n\n\n\n<p>La edici\u00f3n de Eurovisi\u00f3n pasa, pero la vida de sus concursantes contin\u00faa y merece hacerlo con autenticidad y salud mental. As\u00ed que si eres un eurofan en duelo, un artista que necesita entrenarse por dentro o simplemente alguien a quien todo lo que decimos le ha llamado la atenci\u00f3n recuerda: <strong>los psic\u00f3logos estamos aqu\u00ed para ir contigo al fondo de todo ello<\/strong> y en ifeel nos encantar\u00e1 poder ayudarte.<\/p>\n\n\n\n<p><\/p>\n\n    <div class=\"xs_social_share_widget xs_share_url after_content \t\tmain_content  wslu-style-1 wslu-share-box-shaped wslu-fill-colored wslu-none wslu-share-horizontal wslu-theme-font-no wslu-main_content\">\n\n\t\t\n        <ul>\n\t\t\t        <\/ul>\n    <\/div> \n","protected":false},"excerpt":{"rendered":"<p>Hace algo m\u00e1s de una semana se celebr\u00f3 una nueva edici\u00f3n del Festival de Eurovisi\u00f3n y no podemos resistirnos a comentar este evento planetario desde nuestro particular punto de vista. Al fin y al cabo, los psic\u00f3logos tambi\u00e9n bajamos de vez en cuando la persiana, vemos la televisi\u00f3n y luego volvemos a ponernos en marcha. [&hellip;]<\/p>\n","protected":false},"author":8,"featured_media":4318,"comment_status":"closed","ping_status":"open","sticky":false,"template":"","format":"standard","meta":{"content-type":"","postBodyCss":"","postBodyMargin":[],"postBodyPadding":[],"postBodyBackground":{"backgroundType":"classic","gradient":""},"footnotes":""},"categories":[55,479],"tags":[320,434,435],"class_list":["post-4094","post","type-post","status-publish","format-standard","has-post-thumbnail","hentry","category-ansiedad","category-terapias-ifeel","tag-duelo","tag-eurovision","tag-miki-nunez"],"_links":{"self":[{"href":"https:\/\/ifeelonline.com\/es\/wp-json\/wp\/v2\/posts\/4094","targetHints":{"allow":["GET"]}}],"collection":[{"href":"https:\/\/ifeelonline.com\/es\/wp-json\/wp\/v2\/posts"}],"about":[{"href":"https:\/\/ifeelonline.com\/es\/wp-json\/wp\/v2\/types\/post"}],"author":[{"embeddable":true,"href":"https:\/\/ifeelonline.com\/es\/wp-json\/wp\/v2\/users\/8"}],"replies":[{"embeddable":true,"href":"https:\/\/ifeelonline.com\/es\/wp-json\/wp\/v2\/comments?post=4094"}],"version-history":[{"count":0,"href":"https:\/\/ifeelonline.com\/es\/wp-json\/wp\/v2\/posts\/4094\/revisions"}],"wp:featuredmedia":[{"embeddable":true,"href":"https:\/\/ifeelonline.com\/es\/wp-json\/wp\/v2\/media\/4318"}],"wp:attachment":[{"href":"https:\/\/ifeelonline.com\/es\/wp-json\/wp\/v2\/media?parent=4094"}],"wp:term":[{"taxonomy":"category","embeddable":true,"href":"https:\/\/ifeelonline.com\/es\/wp-json\/wp\/v2\/categories?post=4094"},{"taxonomy":"post_tag","embeddable":true,"href":"https:\/\/ifeelonline.com\/es\/wp-json\/wp\/v2\/tags?post=4094"}],"curies":[{"name":"wp","href":"https:\/\/api.w.org\/{rel}","templated":true}]}}