{"id":4087,"date":"2019-05-23T17:37:35","date_gmt":"2019-05-23T16:37:35","guid":{"rendered":"https:\/\/ifeelonline.com\/?p=4087"},"modified":"2021-10-05T11:37:10","modified_gmt":"2021-10-05T10:37:10","slug":"10-formas-en-las-que-eduard-punset-te-hablo-de-psicologia","status":"publish","type":"post","link":"https:\/\/ifeelonline.com\/es\/terapias-ifeel\/ansiedad\/10-formas-en-las-que-eduard-punset-te-hablo-de-psicologia\/","title":{"rendered":"10 formas en las que Eduard Punset te habl\u00f3 de psicolog\u00eda"},"content":{"rendered":"<div id=\"ez-toc-container\" class=\"ez-toc-v2_0_81 counter-hierarchy ez-toc-counter ez-toc-custom ez-toc-container-direction\">\n<div class=\"ez-toc-title-container\">\n<p class=\"ez-toc-title\" style=\"cursor:inherit\">Contenidos<\/p>\n<span class=\"ez-toc-title-toggle\"><a href=\"#\" class=\"ez-toc-pull-right ez-toc-btn ez-toc-btn-xs ez-toc-btn-default ez-toc-toggle\" aria-label=\"Toggle Table of Content\"><span class=\"ez-toc-js-icon-con\"><span class=\"\"><span class=\"eztoc-hide\" style=\"display:none;\">Toggle<\/span><span class=\"ez-toc-icon-toggle-span\"><svg style=\"fill: #51607e;color:#51607e\" xmlns=\"http:\/\/www.w3.org\/2000\/svg\" class=\"list-377408\" width=\"20px\" height=\"20px\" viewBox=\"0 0 24 24\" fill=\"none\"><path d=\"M6 6H4v2h2V6zm14 0H8v2h12V6zM4 11h2v2H4v-2zm16 0H8v2h12v-2zM4 16h2v2H4v-2zm16 0H8v2h12v-2z\" fill=\"currentColor\"><\/path><\/svg><svg style=\"fill: #51607e;color:#51607e\" class=\"arrow-unsorted-368013\" xmlns=\"http:\/\/www.w3.org\/2000\/svg\" width=\"10px\" height=\"10px\" viewBox=\"0 0 24 24\" version=\"1.2\" baseProfile=\"tiny\"><path d=\"M18.2 9.3l-6.2-6.3-6.2 6.3c-.2.2-.3.4-.3.7s.1.5.3.7c.2.2.4.3.7.3h11c.3 0 .5-.1.7-.3.2-.2.3-.5.3-.7s-.1-.5-.3-.7zM5.8 14.7l6.2 6.3 6.2-6.3c.2-.2.3-.5.3-.7s-.1-.5-.3-.7c-.2-.2-.4-.3-.7-.3h-11c-.3 0-.5.1-.7.3-.2.2-.3.5-.3.7s.1.5.3.7z\"\/><\/svg><\/span><\/span><\/span><\/a><\/span><\/div>\n<nav><ul class='ez-toc-list ez-toc-list-level-1 eztoc-toggle-hide-by-default' ><li class='ez-toc-page-1 ez-toc-heading-level-2'><a class=\"ez-toc-link ez-toc-heading-1\" href=\"https:\/\/ifeelonline.com\/es\/terapias-ifeel\/ansiedad\/10-formas-en-las-que-eduard-punset-te-hablo-de-psicologia\/#1Funcionamiento_cerebral\" >1.Funcionamiento cerebral<\/a><\/li><li class='ez-toc-page-1 ez-toc-heading-level-2'><a class=\"ez-toc-link ez-toc-heading-2\" href=\"https:\/\/ifeelonline.com\/es\/terapias-ifeel\/ansiedad\/10-formas-en-las-que-eduard-punset-te-hablo-de-psicologia\/#2La_inteligencia_y_sus_multiples_caras\" >2.La inteligencia y sus m\u00faltiples caras<\/a><\/li><li class='ez-toc-page-1 ez-toc-heading-level-2'><a class=\"ez-toc-link ez-toc-heading-3\" href=\"https:\/\/ifeelonline.com\/es\/terapias-ifeel\/ansiedad\/10-formas-en-las-que-eduard-punset-te-hablo-de-psicologia\/#3Las_emociones_y_sus_misterios\" >3.Las emociones y sus misterios<\/a><\/li><li class='ez-toc-page-1 ez-toc-heading-level-2'><a class=\"ez-toc-link ez-toc-heading-4\" href=\"https:\/\/ifeelonline.com\/es\/terapias-ifeel\/ansiedad\/10-formas-en-las-que-eduard-punset-te-hablo-de-psicologia\/#4Amor_la_lucha_contra_la_soledad\" >4.Amor, la lucha contra la soledad<\/a><\/li><li class='ez-toc-page-1 ez-toc-heading-level-2'><a class=\"ez-toc-link ez-toc-heading-5\" href=\"https:\/\/ifeelonline.com\/es\/terapias-ifeel\/ansiedad\/10-formas-en-las-que-eduard-punset-te-hablo-de-psicologia\/#5Felicidad_autonomia_y_estres\" >5.Felicidad, autonom\u00eda y estr\u00e9s<\/a><\/li><li class='ez-toc-page-1 ez-toc-heading-level-2'><a class=\"ez-toc-link ez-toc-heading-6\" href=\"https:\/\/ifeelonline.com\/es\/terapias-ifeel\/ansiedad\/10-formas-en-las-que-eduard-punset-te-hablo-de-psicologia\/#6Personalidad_y_genetica\" >6.Personalidad y gen\u00e9tica<\/a><\/li><li class='ez-toc-page-1 ez-toc-heading-level-2'><a class=\"ez-toc-link ez-toc-heading-7\" href=\"https:\/\/ifeelonline.com\/es\/terapias-ifeel\/ansiedad\/10-formas-en-las-que-eduard-punset-te-hablo-de-psicologia\/#7Las_redes_sociales_y_la_psicologia\" >7.Las redes sociales y la psicolog\u00eda<\/a><\/li><li class='ez-toc-page-1 ez-toc-heading-level-2'><a class=\"ez-toc-link ez-toc-heading-8\" href=\"https:\/\/ifeelonline.com\/es\/terapias-ifeel\/ansiedad\/10-formas-en-las-que-eduard-punset-te-hablo-de-psicologia\/#8El_poder_de_la_creatividad\" >8.El poder de la creatividad<\/a><\/li><li class='ez-toc-page-1 ez-toc-heading-level-2'><a class=\"ez-toc-link ez-toc-heading-9\" href=\"https:\/\/ifeelonline.com\/es\/terapias-ifeel\/ansiedad\/10-formas-en-las-que-eduard-punset-te-hablo-de-psicologia\/#9Los_misterios_de_la_psicopatia\" >9.Los misterios de la psicopat\u00eda<\/a><\/li><li class='ez-toc-page-1 ez-toc-heading-level-2'><a class=\"ez-toc-link ez-toc-heading-10\" href=\"https:\/\/ifeelonline.com\/es\/terapias-ifeel\/ansiedad\/10-formas-en-las-que-eduard-punset-te-hablo-de-psicologia\/#10Diversidad_sexual\" >10.Diversidad sexual<\/a><\/li><\/ul><\/nav><\/div>\n\n<p>Seguro que ya has o\u00eddo que <strong>Eduard Punset<\/strong> (Barcelona, 1936-2019) ha fallecido esta semana a los 82 a\u00f1os. Fue una figura enormemente polifac\u00e9tica (\u00bfsab\u00edas que fue ministro durante la Transici\u00f3n?) y cosech\u00f3 una legi\u00f3n de seguidores, incluso fans de lo m\u00e1s entregados, gracias principalmente a <strong>su labor como \u201cdivulgador cient\u00edfico\u201d en su conocido programa <\/strong><em><strong>Redes<\/strong><\/em>. Televisi\u00f3n Espa\u00f1ola emiti\u00f3 este programa nada m\u00e1s y nada menos que durante 18 a\u00f1os, entre 1996 y 2014. <br><\/p>\n\n\n\n<p>Punset tambi\u00e9n se granje\u00f3 no pocos detractores, que <strong>le afearon su deriva durante sus \u00faltimos a\u00f1os en activo m\u00e1s bien como \u201cdivulgador pseudocient\u00edfico\u201d<\/strong>. Le acusaban de alinearse -o ser quiz\u00e1 indulgente- con temas m\u00e1s propios del folklore que rodea a la psicolog\u00eda y la salud que al verdadero rigor y profundidad que exige la ciencia. <br><\/p>\n\n\n\n<p>Aplaudido o denostado, lo cierto es que Eduard Punset ha sido durante estos a\u00f1os un personaje tremendamente popular en Espa\u00f1a. De este modo, <strong>su nombre siempre estar\u00e1 ligado, de una manera u otra, a las ideas de ciencia, curiosidad y conocimiento<\/strong>. <br><\/p>\n\n\n\n<p>Como imaginar\u00e1s, 18 a\u00f1os de programa dan para mucho. Sin embargo, <strong>si hay un campo en el que Punset y sus colaboradores centraron sus contenidos fue el de la psicolog\u00eda y todo lo que esta abarca<\/strong>. Por eso, queremos comentar de manera resumida 10 temas sobre psicolog\u00eda en los que Eduard Punset tuvo ocasi\u00f3n de profundizar en su programa. <br><\/p>\n\n\n<div class=\"div-cta-blog-blue\">\n<p>Descubre como la terapia puede ayudarte a mejorar tu relaci\u00f3n con el trabajo<\/p>\n<p><a href=\"https:\/\/app.ifeelonline.com\/users\/sign_up\" class=\"btn btn-cta\">Saber m\u00e1s<\/a>\n<\/p>\n<\/div>\n\n\n<h2 class=\"wp-block-heading\"><span class=\"ez-toc-section\" id=\"1Funcionamiento_cerebral\"><\/span><strong>1.Funcionamiento cerebral<\/strong><span class=\"ez-toc-section-end\"><\/span><\/h2>\n\n\n\n<p>Se trata de un \u00e1mbito bastante amplio dado que, al fin y al cabo, cuando hablamos del ser humano todo parece empezar y acabar en ese \u00f3rgano a\u00fan tan desconocido pero fascinante que es el cerebro. <em>Estimula tu cerebro para vivir m\u00e1s y mejor<\/em>, <em>\u00bfC\u00f3mo construimos los recuerdos?<\/em> o <em>Deporte para un cerebro m\u00e1s sano<\/em> son solo <strong>algunos de los programas que Eduard Punset dedic\u00f3 al funcionamiento del cerebro<\/strong>. El procesamiento de la informaci\u00f3n, las funciones superiores (memoria, atenci\u00f3n y lenguaje, entre otras), enfermedades neurodegenerativas y todo lo referido a la evoluci\u00f3n de la neurociencia centraron la atenci\u00f3n del catal\u00e1n. <br><\/p>\n\n\n\n<figure class=\"wp-block-image\"><img loading=\"lazy\" decoding=\"async\" width=\"1024\" height=\"721\" src=\"https:\/\/ifeelonline.com\/wp-content\/uploads\/2019\/05\/david-clode-483981-unsplash-1024x721.jpg\" alt=\"\" class=\"wp-image-4089\" srcset=\"https:\/\/ifeelonline.com\/es\/wp-content\/uploads\/2019\/05\/david-clode-483981-unsplash-1024x721.jpg 1024w, https:\/\/ifeelonline.com\/es\/wp-content\/uploads\/2019\/05\/david-clode-483981-unsplash-300x211.jpg 300w, https:\/\/ifeelonline.com\/es\/wp-content\/uploads\/2019\/05\/david-clode-483981-unsplash-768x540.jpg 768w, https:\/\/ifeelonline.com\/es\/wp-content\/uploads\/2019\/05\/david-clode-483981-unsplash.jpg 2048w\" sizes=\"auto, (max-width: 1024px) 100vw, 1024px\" \/><\/figure>\n\n\n\n<h2 class=\"wp-block-heading\"><span class=\"ez-toc-section\" id=\"2La_inteligencia_y_sus_multiples_caras\"><\/span><strong>2.La inteligencia y sus m\u00faltiples caras <\/strong><span class=\"ez-toc-section-end\"><\/span><\/h2>\n\n\n\n<p>El programa <em>Redes<\/em> tambi\u00e9n se ocup\u00f3 del \u00e1mbito de la inteligencia en general, <strong>las llamadas inteligencias m\u00faltiples y su influencia en la educaci\u00f3n<\/strong>, los trastornos del espectro autista o el funcionamiento a veces parad\u00f3jico de las personas con altas capacidades (tradicionalmente denominadas como \u201csuperdotadas\u201d). Qu\u00e9 es la inteligencia, hasta qu\u00e9 punto es posible medirla, en funci\u00f3n de qu\u00e9 par\u00e1metros podemos afirmar que una persona es m\u00e1s inteligente que otra, son preguntas a las que intent\u00f3 responder. La principal conclusi\u00f3n que intent\u00f3 difundir es que <strong>existen diferentes tipos de capacidades que cumplen una funci\u00f3n \u00fatil para la supervivencia <\/strong>y bienestar del individuo y que van m\u00e1s all\u00e1 de su destreza matem\u00e1tica, por ejemplo.<br><\/p>\n\n\n\n<h2 class=\"wp-block-heading\"><span class=\"ez-toc-section\" id=\"3Las_emociones_y_sus_misterios\"><\/span><strong>3.Las emociones y sus misterios<\/strong><span class=\"ez-toc-section-end\"><\/span><\/h2>\n\n\n\n<p>Un programa como <em>Redes<\/em>, tan dado a abordar temas relacionados con la psicolog\u00eda, <strong>no pod\u00eda eludir un campo tan importante como el de las emociones<\/strong>. Sin duda tuvo un inter\u00e9s particular en el pujante mundo de las emociones positivas, por ejemplo el optimismo o la cada vez mejor estudiada compasi\u00f3n. <\/p>\n\n\n\n<p>Adem\u00e1s, puso de manifiesto que las emociones no son \u00fanicamente nuestra parte visceral sino que tienen un impacto significativo en las decisiones que tomamos. Quiz\u00e1 lo que ocurre es que eso que llamamos p\u00e1lpito, instinto, corazonada o intuici\u00f3n, y que no siempre sabemos describir en t\u00e9rminos l\u00f3gicos, son nuestras emociones gui\u00e1ndonos en una direcci\u00f3n determinada. Una direcci\u00f3n que, al menos en ese momento, juzgamos como la m\u00e1s correcta para nosotros. La psicolog\u00eda lleva d\u00e9cadas estudi\u00e1ndolo y, como el propio Eduard Punset afirm\u00f3 con rotundidad, <strong>sin emociones no se puede vivir<\/strong>.<br><\/p>\n\n\n\n<h2 class=\"wp-block-heading\"><span class=\"ez-toc-section\" id=\"4Amor_la_lucha_contra_la_soledad\"><\/span><strong>4.Amor, la lucha contra la soledad<\/strong><span class=\"ez-toc-section-end\"><\/span><\/h2>\n\n\n\n<p>\u00bfC\u00f3mo es m\u00e1s probable que encontremos a nuestras parejas y en qu\u00e9 consiste lo que sentimos por ellas? Eduard Punset manifest\u00f3 su asombro ante el amor como \u201cuno de los instintos que ha permanecido m\u00e1s inalterable\u201d a lo largo de tantos siglos de evoluci\u00f3n de la especie humana. Concretamente habl\u00f3 de \u00e9l como <strong>\u201cEse instinto de fusionarse con otro organismo para sobrevivir\u201d<\/strong>. El amor es el impulso de conectarnos con otro ser ante la insoportable experiencia del miedo, la soledad o la inquietud y, de este modo, no ser ya m\u00e1s solo uno sino continuar el camino con un sentido de conexi\u00f3n, con un sentido del <em>nosotros<\/em>.<\/p>\n\n\n\n<figure class=\"wp-block-image\"><img loading=\"lazy\" decoding=\"async\" width=\"1024\" height=\"683\" src=\"https:\/\/ifeelonline.com\/wp-content\/uploads\/2019\/05\/toa-heftiba-84798-unsplash-1024x683.jpg\" alt=\"\" class=\"wp-image-4090\" srcset=\"https:\/\/ifeelonline.com\/es\/wp-content\/uploads\/2019\/05\/toa-heftiba-84798-unsplash-1024x683.jpg 1024w, https:\/\/ifeelonline.com\/es\/wp-content\/uploads\/2019\/05\/toa-heftiba-84798-unsplash-300x200.jpg 300w, https:\/\/ifeelonline.com\/es\/wp-content\/uploads\/2019\/05\/toa-heftiba-84798-unsplash-768x512.jpg 768w, https:\/\/ifeelonline.com\/es\/wp-content\/uploads\/2019\/05\/toa-heftiba-84798-unsplash.jpg 2048w\" sizes=\"auto, (max-width: 1024px) 100vw, 1024px\" \/><\/figure>\n\n\n\n<p><\/p>\n\n\n\n<h2 class=\"wp-block-heading\"><span class=\"ez-toc-section\" id=\"5Felicidad_autonomia_y_estres\"><\/span><strong>5.Felicidad, autonom\u00eda y estr\u00e9s<\/strong><span class=\"ez-toc-section-end\"><\/span><\/h2>\n\n\n\n<p><strong>\u00bfQu\u00e9 nos proporciona la felicidad, dar o recibir? <\/strong>Para Eduard Punset, aspectos como la salud, el dinero o el amor no eran factores decisivos para alcanzar ese estado que, en nuestra cultura, consideramos \u201cfelicidad\u201d, aunque est\u00e9n muy presentes en nuestras preocupaciones diarias. <\/p>\n\n\n\n<p>Tambi\u00e9n relacion\u00f3 esa ansiada meta con la ausencia de un estr\u00e9s excesivo y con no estar sometido al poder de (demasiados) otros que est\u00e1n por encima de ti y que toman decisiones que te influyen directamente o que te dan \u00f3rdenes. Seg\u00fan Punset, para la felicidad es de gran importancia <strong>tener capacidad para decidir por uno mismo, ser aut\u00f3nomo, no estar a expensas del poder<\/strong> o las decisiones de otros. Eduard Punset llamaba a esto \u201cser due\u00f1o de uno mismo\u201d.<br><\/p>\n\n\n\n<figure class=\"wp-block-image\"><img loading=\"lazy\" decoding=\"async\" width=\"1024\" height=\"886\" src=\"https:\/\/ifeelonline.com\/wp-content\/uploads\/2019\/05\/bruce-mars-763659-unsplash-1024x886.jpg\" alt=\"\" class=\"wp-image-4092\" srcset=\"https:\/\/ifeelonline.com\/es\/wp-content\/uploads\/2019\/05\/bruce-mars-763659-unsplash-1024x886.jpg 1024w, https:\/\/ifeelonline.com\/es\/wp-content\/uploads\/2019\/05\/bruce-mars-763659-unsplash-300x260.jpg 300w, https:\/\/ifeelonline.com\/es\/wp-content\/uploads\/2019\/05\/bruce-mars-763659-unsplash-768x664.jpg 768w, https:\/\/ifeelonline.com\/es\/wp-content\/uploads\/2019\/05\/bruce-mars-763659-unsplash.jpg 2000w\" sizes=\"auto, (max-width: 1024px) 100vw, 1024px\" \/><\/figure>\n\n\n\n<h2 class=\"wp-block-heading\"><span class=\"ez-toc-section\" id=\"6Personalidad_y_genetica\"><\/span><strong>6.Personalidad y gen\u00e9tica<\/strong><span class=\"ez-toc-section-end\"><\/span><\/h2>\n\n\n\n<p>El divulgador catal\u00e1n la examin\u00f3 especialmente en lo que se refiere a su relaci\u00f3n con la gen\u00e9tica. De este modo, trat\u00f3 de comprender c\u00f3mo nuestra conducta, <strong>nuestro estilo de afrontamiento ante los acontecimientos de la vida, incluso nuestra faceta m\u00e1s espiritual est\u00e1n mediatizados por el flujo de nuestros neurotransmisores<\/strong>, y tienen sentido en funci\u00f3n de una serie de par\u00e1metros determinados por nuestra gen\u00e9tica. Estos par\u00e1metros nos predisponen en unas direcciones u otras, aunque no conviene minimizar la importancia del ambiente en el resultado final de nuestra personalidad.<br><\/p>\n\n\n\n<h2 class=\"wp-block-heading\"><span class=\"ez-toc-section\" id=\"7Las_redes_sociales_y_la_psicologia\"><\/span><strong>7.Las redes sociales y la psicolog\u00eda<\/strong><span class=\"ez-toc-section-end\"><\/span><\/h2>\n\n\n\n<p>Nuestras acciones tienen un impacto en los dem\u00e1s, de modo que muchas de las decisiones que tomamos tienen importancia para nosotros mismos pero tambi\u00e9n para otras personas. Todas aquellas con las que, de un modo u otro, estamos conectados, por muy aislados que creamos que estamos. As\u00ed, <strong>nuestra vida tambi\u00e9n consiste en estar en relaci\u00f3n con otros, en contacto con otros, implicados en la vida de los otros o abiertos a que los dem\u00e1s se impliquen en nuestra vida<\/strong>. <\/p>\n\n\n\n<p>Este hecho, lo queramos o no, es tremendamente influyente en la buena o mala vida que tengamos, porque tambi\u00e9n est\u00e1 relacionado con la cantidad y calidad de la informaci\u00f3n que recibimos sobre temas diversos. Es decir, con lo peque\u00f1o o grande que es nuestro mundo. <br><\/p>\n\n\n\n<p>Por otro lado, Punset se interes\u00f3 por el sentido de pertenencia de una persona a un grupo, as\u00ed como por la probabilidad que tenemos de ser ayudados por otros en caso de apuro o la probabilidad -no lo obviemos- de ser agredidos. <strong>Todo esto tiene que ver con las redes en las que nos sentimos incluidos<\/strong>, lo cual alude tambi\u00e9n a las redes o grupos que nosotros mismos creamos deliberadamente.<br><\/p>\n\n\n\n<h2 class=\"wp-block-heading\"><span class=\"ez-toc-section\" id=\"8El_poder_de_la_creatividad\"><\/span><strong>8.El poder de la creatividad<\/strong><span class=\"ez-toc-section-end\"><\/span><\/h2>\n\n\n\n<p>La creatividad, <a href=\"https:\/\/ifeelonline.com\/la-creatividad-el-motor-que-nos-permite-avanzar\/\">tema del que ya hace tiempo que os hablamos en este blog<\/a>, no escap\u00f3 tampoco de la curiosidad de Eduard Punset. <strong>Esta capacidad tiene que ver con la importancia de ser conscientes de nuestros propios talentos<\/strong>, y poder as\u00ed canalizar esa conciencia a trav\u00e9s de muy variadas actividades. <\/p>\n\n\n\n<p>Se trata de plasmar en esas acciones los m\u00faltiples resultados de nuestra inspiraci\u00f3n, lo que puede ayudar enormemente a estructurar nuestra vocaci\u00f3n. En el fondo, y entendida en un sentido amplio, <strong>la creatividad consiste en que nos expresemos m\u00e1s all\u00e1 de la pura repetici\u00f3n<\/strong>, a trav\u00e9s de la variaci\u00f3n, del a\u00f1adido, de la novedad que se nutre de lo anterior en una red m\u00e1s que en una cadena.<br><\/p>\n\n\n\n<h2 class=\"wp-block-heading\"><span class=\"ez-toc-section\" id=\"9Los_misterios_de_la_psicopatia\"><\/span><strong>9.Los misterios de la psicopat\u00eda <\/strong><span class=\"ez-toc-section-end\"><\/span><\/h2>\n\n\n\n<p>Adem\u00e1s de la ansiedad, la depresi\u00f3n o la conducta suicida, <strong>Eduard Punset y su equipo estudiaron el funcionamiento de las personas psic\u00f3patas<\/strong>. Seg\u00fan \u00e9l y los expertos a quienes consult\u00f3, estos individuos cometen muchos m\u00e1s delitos y m\u00e1s variados que el resto de la poblaci\u00f3n. Adem\u00e1s, son personas que pasan muy desapercibidas porque su aspecto es el de cualquiera, lo cual aumenta la probabilidad de que puedan da\u00f1ar a otros.<br><\/p>\n\n\n\n<figure class=\"wp-block-image\"><img loading=\"lazy\" decoding=\"async\" width=\"1024\" height=\"575\" src=\"https:\/\/ifeelonline.com\/wp-content\/uploads\/2019\/05\/alex-mihai-772561-unsplash-1024x575.jpg\" alt=\"\" class=\"wp-image-4091\" srcset=\"https:\/\/ifeelonline.com\/es\/wp-content\/uploads\/2019\/05\/alex-mihai-772561-unsplash-1024x575.jpg 1024w, https:\/\/ifeelonline.com\/es\/wp-content\/uploads\/2019\/05\/alex-mihai-772561-unsplash-300x168.jpg 300w, https:\/\/ifeelonline.com\/es\/wp-content\/uploads\/2019\/05\/alex-mihai-772561-unsplash-768x431.jpg 768w, https:\/\/ifeelonline.com\/es\/wp-content\/uploads\/2019\/05\/alex-mihai-772561-unsplash.jpg 2048w\" sizes=\"auto, (max-width: 1024px) 100vw, 1024px\" \/><\/figure>\n\n\n\n<p>Como se expres\u00f3 en uno de los episodios de <em>Redes<\/em>, los psic\u00f3patas saben que est\u00e1n actuando de un modo que la sociedad considera inadecuado. Es decir, que <strong>est\u00e1n haciendo cosas que no deben hacer, pero no sienten que deban obedecer las reglas<\/strong>. En este sentido, s\u00ed son capaces de ponerse en el lugar de otro a un nivel meramente cognitivo, ya que entienden lo que est\u00e1 sucediendo, pero no desde un punto de vista emocional. <strong>Los psic\u00f3patas no tienen en cuenta c\u00f3mo se pueden sentir los dem\u00e1s<\/strong>, por eso no se preocupan de c\u00f3mo repercuten sus acciones en los otros. <br><\/p>\n\n\n\n<h2 class=\"wp-block-heading\"><span class=\"ez-toc-section\" id=\"10Diversidad_sexual\"><\/span><strong>10.Diversidad sexual <\/strong><span class=\"ez-toc-section-end\"><\/span><\/h2>\n\n\n\n<p>La existencia de orientaciones sexuales no heterosexuales depende de diversos factores, principalmente de corte biol\u00f3gico y, en concreto, gen\u00e9tico. <strong>Estos factores se han mantenido presentes a lo largo de la historia de la humanidad, lo cual resulta parad\u00f3jico<\/strong>. Seg\u00fan las tradicionales leyes de la evoluci\u00f3n, la no heterosexualidad deber\u00eda haber desaparecido dado que los individuos homosexuales tienden a reproducirse significativamente menos que los heterosexuales, es decir, transmiten su herencia gen\u00e9tica con una frecuencia muy inferior. <\/p>\n\n\n\n<p>Sin embargo, la naturaleza no ha obrado como se esperaba de las leyes de Darwin y Eduard Punset se pregunt\u00f3 al respecto en el programa que dirigi\u00f3 durante tantos a\u00f1os. En cualquier caso, <strong>la gen\u00e9tica no es tampoco el \u00fanico factor que explicar\u00eda la homosexualidad.<\/strong> Por tanto, predispondr\u00eda para ello pero no determinar\u00eda.<br><\/p>\n\n\n\n<p>Riguroso o controvertido, en la carrera de Eduard Punset encontramos un claro mensaje dirigido al autoconocimiento, el desarrollo personal y, sin duda, a la salud f\u00edsica y psicol\u00f3gica del p\u00fablico en general. <strong>Es posible que leyendo este art\u00edculo hayas reparado en multitud de temas en los que te gustar\u00eda profundizar m\u00e1s all\u00e1 de una lectura o un reportaje<\/strong>. En eso, como en otras cosas, consiste el trabajo de los psic\u00f3logos. Podemos orientarte en tu camino para concretar aquellas cosas que se despiertan en tu intuici\u00f3n y que todav\u00eda no has incorporado a tu vida cotidiana. <strong>No dudes en contactar con nosotros o hacernos formar parte de tu red<\/strong>, aunque sea durante un tiempo. Nos encantar\u00e1 acompa\u00f1arte.<br><\/p>\n\n    <div class=\"xs_social_share_widget xs_share_url after_content \t\tmain_content  wslu-style-1 wslu-share-box-shaped wslu-fill-colored wslu-none wslu-share-horizontal wslu-theme-font-no wslu-main_content\">\n\n\t\t\n        <ul>\n\t\t\t        <\/ul>\n    <\/div> \n","protected":false},"excerpt":{"rendered":"<p>Seguro que ya has o\u00eddo que Eduard Punset (Barcelona, 1936-2019) ha fallecido esta semana a los 82 a\u00f1os. Fue una figura enormemente polifac\u00e9tica (\u00bfsab\u00edas que fue ministro durante la Transici\u00f3n?) y cosech\u00f3 una legi\u00f3n de seguidores, incluso fans de lo m\u00e1s entregados, gracias principalmente a su labor como \u201cdivulgador cient\u00edfico\u201d en su conocido programa Redes. [&hellip;]<\/p>\n","protected":false},"author":8,"featured_media":4194,"comment_status":"closed","ping_status":"open","sticky":false,"template":"","format":"standard","meta":{"content-type":"","postBodyCss":"","postBodyMargin":[],"postBodyPadding":[],"postBodyBackground":{"backgroundType":"classic","gradient":""},"footnotes":""},"categories":[55,87,486],"tags":[399,402,16,401],"class_list":["post-4087","post","type-post","status-publish","format-standard","has-post-thumbnail","hentry","category-ansiedad","category-depresion","category-desarrollo-personal","tag-eduard-punset","tag-neurociencia","tag-psicologia","tag-redes"],"_links":{"self":[{"href":"https:\/\/ifeelonline.com\/es\/wp-json\/wp\/v2\/posts\/4087","targetHints":{"allow":["GET"]}}],"collection":[{"href":"https:\/\/ifeelonline.com\/es\/wp-json\/wp\/v2\/posts"}],"about":[{"href":"https:\/\/ifeelonline.com\/es\/wp-json\/wp\/v2\/types\/post"}],"author":[{"embeddable":true,"href":"https:\/\/ifeelonline.com\/es\/wp-json\/wp\/v2\/users\/8"}],"replies":[{"embeddable":true,"href":"https:\/\/ifeelonline.com\/es\/wp-json\/wp\/v2\/comments?post=4087"}],"version-history":[{"count":0,"href":"https:\/\/ifeelonline.com\/es\/wp-json\/wp\/v2\/posts\/4087\/revisions"}],"wp:featuredmedia":[{"embeddable":true,"href":"https:\/\/ifeelonline.com\/es\/wp-json\/wp\/v2\/media\/4194"}],"wp:attachment":[{"href":"https:\/\/ifeelonline.com\/es\/wp-json\/wp\/v2\/media?parent=4087"}],"wp:term":[{"taxonomy":"category","embeddable":true,"href":"https:\/\/ifeelonline.com\/es\/wp-json\/wp\/v2\/categories?post=4087"},{"taxonomy":"post_tag","embeddable":true,"href":"https:\/\/ifeelonline.com\/es\/wp-json\/wp\/v2\/tags?post=4087"}],"curies":[{"name":"wp","href":"https:\/\/api.w.org\/{rel}","templated":true}]}}