{"id":3937,"date":"2019-01-30T14:03:21","date_gmt":"2019-01-30T13:03:21","guid":{"rendered":"https:\/\/ifeelonline.com\/?p=3937"},"modified":"2021-10-05T11:53:53","modified_gmt":"2021-10-05T10:53:53","slug":"el-fin-de-los-tratamientos-de-fertilidad","status":"publish","type":"post","link":"https:\/\/ifeelonline.com\/es\/terapias-ifeel\/familia\/el-fin-de-los-tratamientos-de-fertilidad\/","title":{"rendered":"El fin de los tratamientos de fertilidad"},"content":{"rendered":"<div id=\"ez-toc-container\" class=\"ez-toc-v2_0_81 counter-hierarchy ez-toc-counter ez-toc-custom ez-toc-container-direction\">\n<div class=\"ez-toc-title-container\">\n<p class=\"ez-toc-title\" style=\"cursor:inherit\">Contenidos<\/p>\n<span class=\"ez-toc-title-toggle\"><a href=\"#\" class=\"ez-toc-pull-right ez-toc-btn ez-toc-btn-xs ez-toc-btn-default ez-toc-toggle\" aria-label=\"Toggle Table of Content\"><span class=\"ez-toc-js-icon-con\"><span class=\"\"><span class=\"eztoc-hide\" style=\"display:none;\">Toggle<\/span><span class=\"ez-toc-icon-toggle-span\"><svg style=\"fill: #51607e;color:#51607e\" xmlns=\"http:\/\/www.w3.org\/2000\/svg\" class=\"list-377408\" width=\"20px\" height=\"20px\" viewBox=\"0 0 24 24\" fill=\"none\"><path d=\"M6 6H4v2h2V6zm14 0H8v2h12V6zM4 11h2v2H4v-2zm16 0H8v2h12v-2zM4 16h2v2H4v-2zm16 0H8v2h12v-2z\" fill=\"currentColor\"><\/path><\/svg><svg style=\"fill: #51607e;color:#51607e\" class=\"arrow-unsorted-368013\" xmlns=\"http:\/\/www.w3.org\/2000\/svg\" width=\"10px\" height=\"10px\" viewBox=\"0 0 24 24\" version=\"1.2\" baseProfile=\"tiny\"><path d=\"M18.2 9.3l-6.2-6.3-6.2 6.3c-.2.2-.3.4-.3.7s.1.5.3.7c.2.2.4.3.7.3h11c.3 0 .5-.1.7-.3.2-.2.3-.5.3-.7s-.1-.5-.3-.7zM5.8 14.7l6.2 6.3 6.2-6.3c.2-.2.3-.5.3-.7s-.1-.5-.3-.7c-.2-.2-.4-.3-.7-.3h-11c-.3 0-.5.1-.7.3-.2.2-.3.5-.3.7s.1.5.3.7z\"\/><\/svg><\/span><\/span><\/span><\/a><\/span><\/div>\n<nav><ul class='ez-toc-list ez-toc-list-level-1 eztoc-toggle-hide-by-default' ><li class='ez-toc-page-1 ez-toc-heading-level-2'><a class=\"ez-toc-link ez-toc-heading-1\" href=\"https:\/\/ifeelonline.com\/es\/terapias-ifeel\/familia\/el-fin-de-los-tratamientos-de-fertilidad\/#%C2%BFSera_un_embarazo_normal\" >\u00bfSer\u00e1 un embarazo normal?<\/a><\/li><li class='ez-toc-page-1 ez-toc-heading-level-2'><a class=\"ez-toc-link ez-toc-heading-2\" href=\"https:\/\/ifeelonline.com\/es\/terapias-ifeel\/familia\/el-fin-de-los-tratamientos-de-fertilidad\/#%C2%BFLe_contamos_al_nino_como_lo_buscamos\" >\u00bfLe contamos al ni\u00f1o c\u00f3mo lo buscamos?<\/a><\/li><li class='ez-toc-page-1 ez-toc-heading-level-2'><a class=\"ez-toc-link ez-toc-heading-3\" href=\"https:\/\/ifeelonline.com\/es\/terapias-ifeel\/familia\/el-fin-de-los-tratamientos-de-fertilidad\/#%C2%BFPor_que_no_hemos_conseguido_ser_padres\" >\u00bfPor qu\u00e9 no hemos conseguido ser padres?<\/a><\/li><li class='ez-toc-page-1 ez-toc-heading-level-2'><a class=\"ez-toc-link ez-toc-heading-4\" href=\"https:\/\/ifeelonline.com\/es\/terapias-ifeel\/familia\/el-fin-de-los-tratamientos-de-fertilidad\/#%C2%BFPodremos_aceptar_la_idea_de_no_ser_padres\" >\u00bfPodremos aceptar la idea de no ser padres?<\/a><\/li><li class='ez-toc-page-1 ez-toc-heading-level-2'><a class=\"ez-toc-link ez-toc-heading-5\" href=\"https:\/\/ifeelonline.com\/es\/terapias-ifeel\/familia\/el-fin-de-los-tratamientos-de-fertilidad\/#Misma_perdida_diferentes_reacciones\" >Misma p\u00e9rdida, diferentes reacciones<\/a><\/li><\/ul><\/nav><\/div>\n\n<p>\u00bfQu\u00e9 pasa <strong>si nunca conseguimos ser padres<\/strong>? \u00bfY si agotamos todas las t\u00e9cnicas? \u00bfTendr\u00e9 un embarazo normal? \u00bfCu\u00e1ndo debemos dejar de intentarlo? \u00bfPodremos renunciar a la idea de ser padres? <strong>\u00bfLe cuento a mi hijo c\u00f3mo lo buscamos? <\/strong><br><\/p>\n\n\n\n<p>Estos son algunos de los pensamientos no verbalizados que hay detr\u00e1s de la sensaci\u00f3n de incertidumbre que muchas parejas viven al enfrentarse al fin de varios tratamientos de reproducci\u00f3n asistida. <\/p>\n\n\n\n<p><\/p>\n\n\n\n<h2 class=\"wp-block-heading\"><span class=\"ez-toc-section\" id=\"%C2%BFSera_un_embarazo_normal\"><\/span>\u00bfSer\u00e1 un embarazo normal?<span class=\"ez-toc-section-end\"><\/span><\/h2>\n\n\n\n<p>Llegado el momento de la Beta, <strong>recibimos la buena noticia: \u00a1estoy embarazada! <\/strong>\u00bfAhora qu\u00e9? Es un momento de alegr\u00eda inmensa. Hemos conseguido aquello que llev\u00e1bamos buscando tanto tiempo. <br><\/p>\n\n\n\n<figure class=\"wp-block-image\"><img loading=\"lazy\" decoding=\"async\" width=\"1024\" height=\"683\" src=\"https:\/\/ifeelonline.com\/wp-content\/uploads\/2019\/01\/laercio-cavalcanti-624385-unsplash-1024x683.jpg\" alt=\"\" class=\"wp-image-3939\" srcset=\"https:\/\/ifeelonline.com\/es\/wp-content\/uploads\/2019\/01\/laercio-cavalcanti-624385-unsplash-1024x683.jpg 1024w, https:\/\/ifeelonline.com\/es\/wp-content\/uploads\/2019\/01\/laercio-cavalcanti-624385-unsplash-300x200.jpg 300w, https:\/\/ifeelonline.com\/es\/wp-content\/uploads\/2019\/01\/laercio-cavalcanti-624385-unsplash-768x512.jpg 768w, https:\/\/ifeelonline.com\/es\/wp-content\/uploads\/2019\/01\/laercio-cavalcanti-624385-unsplash.jpg 2048w\" sizes=\"auto, (max-width: 1024px) 100vw, 1024px\" \/><\/figure>\n\n\n\n<p>Puede que, tras los primeros momentos de alegr\u00eda, empecemos a preguntarnos si se trata de un embarazo normal. <strong>Podemos plantearnos si el estr\u00e9s y el proceso que hemos vivido van a afectar al embarazo<\/strong>. <br><\/p>\n\n\n\n<p>Los pensamientos de preocupaci\u00f3n sobre la experiencia f\u00edsica de la gestaci\u00f3n est\u00e1n presentes incluso en embarazos no asistidos. <strong>Se trata de una experiencia desconocida y queremos que todo vaya muy bien.<\/strong><br><\/p>\n\n\n\n<p>Ante p\u00e9rdidas de embarazo previas, <strong>es normal que aparezcan el miedo a una nueva p\u00e9rdida y la tendencia a prevenir las posibles consecuencias<\/strong>. La realidad es que un aborto previo da informaci\u00f3n al equipo m\u00e9dico para mejorar los recursos de cara a conseguir el embarazo. <br><\/p>\n\n\n\n<p>Algunas personas <strong>bloquean las emociones positivas<\/strong> como la alegr\u00eda y el disfrute del nuevo embarazo para <strong>protegerse del miedo y la incertidumbre<\/strong>. Esta estrategia no ser\u00e1 de ayuda durante el embarazo, por lo que ser\u00eda recomendable abandonarla. <strong>Es bueno que os permit\u00e1is disfrutar al completo de la experiencia de ser padres<\/strong>.<br><\/p>\n\n\n\n<h2 class=\"wp-block-heading\"><span class=\"ez-toc-section\" id=\"%C2%BFLe_contamos_al_nino_como_lo_buscamos\"><\/span>\u00bfLe contamos al ni\u00f1o c\u00f3mo lo buscamos?<span class=\"ez-toc-section-end\"><\/span><\/h2>\n\n\n\n<p><strong>Los ni\u00f1os tienen derecho a conocer sus or\u00edgenes<\/strong>, especialmente si hemos recurrido a una donaci\u00f3n de gametos. Se trata de una decisi\u00f3n de pareja. Lo mejor ser\u00e1 discutirlo y expresar libremente entre los dos cu\u00e1les son las <strong>ventajas e inconvenientes de desvelar al hijo sus or\u00edgenes<\/strong>. <\/p>\n\n\n\n<p>Un aspecto a tener en cuenta es si hemos compartido informaci\u00f3n sobre el proceso de reproducci\u00f3n asistida con familiares o amigos. Estos pueden revelar esta informaci\u00f3n incluso sin querer. <strong>Siempre es mejor que sean los propios padres quienes informen a los hijos sobre su nacimiento<\/strong>, en lugar de una persona externa. <br><\/p>\n\n\n\n<p>Quiz\u00e1 ya hab\u00e9is decidido contar a vuestro hijo informaci\u00f3n sobre los tratamientos. <strong>Es recomendable empezar a hacerlo cuanto antes adaptando el lenguaje a la capacidad de comprensi\u00f3n del ni\u00f1o<\/strong>. Para esta tarea, <a href=\"https:\/\/ifeelonline.com\/donacion-de-gametos-como-afecta-a-mis-emociones\/\">existen cuentos que pueden ayudar <\/a>a introducir el tema en la familia.<br><\/p>\n\n\n\n<figure class=\"wp-block-image\"><img loading=\"lazy\" decoding=\"async\" width=\"1024\" height=\"684\" src=\"https:\/\/ifeelonline.com\/wp-content\/uploads\/2019\/01\/picsea-357048-unsplash-1024x684.jpg\" alt=\"\" class=\"wp-image-3940\" srcset=\"https:\/\/ifeelonline.com\/es\/wp-content\/uploads\/2019\/01\/picsea-357048-unsplash-1024x684.jpg 1024w, https:\/\/ifeelonline.com\/es\/wp-content\/uploads\/2019\/01\/picsea-357048-unsplash-300x200.jpg 300w, https:\/\/ifeelonline.com\/es\/wp-content\/uploads\/2019\/01\/picsea-357048-unsplash-768x513.jpg 768w, https:\/\/ifeelonline.com\/es\/wp-content\/uploads\/2019\/01\/picsea-357048-unsplash.jpg 2048w\" sizes=\"auto, (max-width: 1024px) 100vw, 1024px\" \/><\/figure>\n\n\n\n<h2 class=\"wp-block-heading\"><span class=\"ez-toc-section\" id=\"%C2%BFPor_que_no_hemos_conseguido_ser_padres\"><\/span>\u00bfPor qu\u00e9 no hemos conseguido ser padres?<span class=\"ez-toc-section-end\"><\/span><\/h2>\n\n\n\n<p>Quiz\u00e1 esta pregunta os ronda a menudo. Si no hemos conseguido ser padres \u00bfes que no lo merecemos?, \u00bfno tenemos suerte?, <strong>\u00bfestamos siendo castigados?<\/strong><br><\/p>\n\n\n\n<p>La infertilidad es una enfermedad cr\u00f3nica, por lo que su aparici\u00f3n est\u00e1 fuera de nuestra voluntad. <strong>No tenemos la capacidad de cambiar c\u00f3mo funciona nuestra fertilidad. <\/strong>Lo que s\u00ed podemos hacer es mejorar nuestra salud y realizar t\u00e9cnicas reproductivas que aumenten nuestra probabilidad de conseguir el embarazo. <br><\/p>\n\n\n\n<p>Por tanto, <strong>no eres responsable ni culpable de tu problema de fertilidad<\/strong>. Si hab\u00e9is llegado al final de las t\u00e9cnicas reproductivas y no hemos conseguido el embarazo, el trabajo ser\u00e1 <strong>adaptarse de forma positiva a esta realidad. <\/strong><br><\/p>\n\n\n\n<p>Cuando nuestra fertilidad y las t\u00e9cnicas de reproducci\u00f3n no funcionan, es normal empezar a <strong>buscar explicaciones alternativas a lo que ha pasado<\/strong>. Algunas personas llegar a pensar en la \u201csuerte\u201d o el \u201ccastigo\u201d. La realidad es que las opciones de embarazo est\u00e1n relacionadas con los factores gen\u00e9ticos de riesgo y el esfuerzo que hace la pareja por seguir intent\u00e1ndolo cuando a\u00fan es posible. Sin embargo, <strong>no existe relaci\u00f3n entre la suerte y el embarazo<\/strong>. <br><\/p>\n\n\n\n<p>Es decir, si has llegado a este punto es porque, probablemente, <strong>has hecho todo lo que estaba en tu mano para conseguir el embarazo.<\/strong><br><\/p>\n\n\n\n<h2 class=\"wp-block-heading\"><span class=\"ez-toc-section\" id=\"%C2%BFPodremos_aceptar_la_idea_de_no_ser_padres\"><\/span>\u00bfPodremos aceptar la idea de no ser padres?<span class=\"ez-toc-section-end\"><\/span><\/h2>\n\n\n\n<p>Toda p\u00e9rdida, ya sea de un ser querido, un objetivo, una condici\u00f3n, una relaci\u00f3n\u2026 conlleva dolor y tristeza, entre otras reacciones. <strong>Comienza entonces lo que conocemos como proceso de duelo. <\/strong><br><\/p>\n\n\n\n<p>A nivel social, parece que el \u00fanico duelo que est\u00e1 autorizado es que el sigue a la muerte de un ser querido. La realidad es que <strong>no poder tener un hijo biol\u00f3gico tambi\u00e9n es una p\u00e9rdida.<\/strong> El proceso de duelo que le sigue incluye diferentes \u201ctareas\u201d. Aceptar progresivamente que los tratamientos no han podido ayudarnos, permitir la experiencia de dolor por la p\u00e9rdida, dar un lugar \u201cemocional\u201d al hijo biol\u00f3gico perdido y reorganizar nuestros proyectos vitales son algunas de ellas. <br><\/p>\n\n\n\n<figure class=\"wp-block-image\"><img loading=\"lazy\" decoding=\"async\" width=\"683\" height=\"1024\" src=\"https:\/\/ifeelonline.com\/wp-content\/uploads\/2019\/01\/joao-silas-636680-unsplash-683x1024.jpg\" alt=\"\" class=\"wp-image-3941\" srcset=\"https:\/\/ifeelonline.com\/es\/wp-content\/uploads\/2019\/01\/joao-silas-636680-unsplash-683x1024.jpg 683w, https:\/\/ifeelonline.com\/es\/wp-content\/uploads\/2019\/01\/joao-silas-636680-unsplash-200x300.jpg 200w, https:\/\/ifeelonline.com\/es\/wp-content\/uploads\/2019\/01\/joao-silas-636680-unsplash-768x1152.jpg 768w, https:\/\/ifeelonline.com\/es\/wp-content\/uploads\/2019\/01\/joao-silas-636680-unsplash.jpg 1365w\" sizes=\"auto, (max-width: 683px) 100vw, 683px\" \/><\/figure>\n\n\n\n<p>A la hora de <strong>aceptar la vida sin hijos<\/strong> pueden surgir diferencias entre los miembros de la pareja. A nivel muy general, <strong>los hombres suelen aceptar de manera relativamente r\u00e1pida la idea de \u201cfamilia sin hijos\u201d<\/strong>. Esto les permite orientarse a sus responsabilidades del d\u00eda a d\u00eda y pensar en el futuro. <br><\/p>\n\n\n\n<p>En cambio, <strong>muchas mujeres expresan emociones de dolor y frustraci\u00f3n durante m\u00e1s tiempo<\/strong> y en ocasiones buscan apoyo psicol\u00f3gico para transitar su proceso de duelo. <br><\/p>\n\n\n\n<h2 class=\"wp-block-heading\"><span class=\"ez-toc-section\" id=\"Misma_perdida_diferentes_reacciones\"><\/span>Misma p\u00e9rdida, diferentes reacciones<span class=\"ez-toc-section-end\"><\/span><\/h2>\n\n\n\n<p><strong>Cada persona vive y expresa la p\u00e9rdida a su manera<\/strong>. Esto no quiere decir que no tenga en cuenta el dolor del otro o que no le est\u00e9 dando importancia a los sucedido. <strong>Es esencial que los miembros de la pareja tengan la confianza necesaria para expresarse con libertad<\/strong>. Es importante que, a vuestra manera, compart\u00e1is vuestras dudas y miedos igual que compart\u00eds vuestras alegr\u00edas.<br><\/p>\n\n\n\n<p>En resumen, <strong>que nos d\u00e9 miedo que suceda algo no significa que vaya a ocurrirnos.<\/strong> Lo que pensamos y lo que sucede en la realidad a menudo son dos cosas diferentes. Vivir el presente, disfrutar del embarazo -en el caso de conseguirlo- y del resto de aspectos del d\u00eda a d\u00eda es esencial para <strong>tener una calidad de vida satisfactoria<\/strong>.<strong> <\/strong><\/p>\n\n\n\n<p><\/p>\n\n    <div class=\"xs_social_share_widget xs_share_url after_content \t\tmain_content  wslu-style-1 wslu-share-box-shaped wslu-fill-colored wslu-none wslu-share-horizontal wslu-theme-font-no wslu-main_content\">\n\n\t\t\n        <ul>\n\t\t\t        <\/ul>\n    <\/div> \n","protected":false},"excerpt":{"rendered":"<p>\u00bfQu\u00e9 pasa si nunca conseguimos ser padres? \u00bfY si agotamos todas las t\u00e9cnicas? \u00bfTendr\u00e9 un embarazo normal? \u00bfCu\u00e1ndo debemos dejar de intentarlo? \u00bfPodremos renunciar a la idea de ser padres? \u00bfLe cuento a mi hijo c\u00f3mo lo buscamos? Estos son algunos de los pensamientos no verbalizados que hay detr\u00e1s de la sensaci\u00f3n de incertidumbre que [&hellip;]<\/p>\n","protected":false},"author":36,"featured_media":3938,"comment_status":"closed","ping_status":"open","sticky":false,"template":"","format":"standard","meta":{"content-type":"","postBodyCss":"","postBodyMargin":[],"postBodyPadding":[],"postBodyBackground":{"backgroundType":"classic","gradient":""},"footnotes":""},"categories":[372,133,371,479],"tags":[320,126,138,377,364],"class_list":["post-3937","post","type-post","status-publish","format-standard","has-post-thumbnail","hentry","category-duelo","category-familia","category-problemas-de-pareja","category-terapias-ifeel","tag-duelo","tag-familia","tag-hijos","tag-merck","tag-reproduccion-asistida"],"_links":{"self":[{"href":"https:\/\/ifeelonline.com\/es\/wp-json\/wp\/v2\/posts\/3937","targetHints":{"allow":["GET"]}}],"collection":[{"href":"https:\/\/ifeelonline.com\/es\/wp-json\/wp\/v2\/posts"}],"about":[{"href":"https:\/\/ifeelonline.com\/es\/wp-json\/wp\/v2\/types\/post"}],"author":[{"embeddable":true,"href":"https:\/\/ifeelonline.com\/es\/wp-json\/wp\/v2\/users\/36"}],"replies":[{"embeddable":true,"href":"https:\/\/ifeelonline.com\/es\/wp-json\/wp\/v2\/comments?post=3937"}],"version-history":[{"count":0,"href":"https:\/\/ifeelonline.com\/es\/wp-json\/wp\/v2\/posts\/3937\/revisions"}],"wp:featuredmedia":[{"embeddable":true,"href":"https:\/\/ifeelonline.com\/es\/wp-json\/wp\/v2\/media\/3938"}],"wp:attachment":[{"href":"https:\/\/ifeelonline.com\/es\/wp-json\/wp\/v2\/media?parent=3937"}],"wp:term":[{"taxonomy":"category","embeddable":true,"href":"https:\/\/ifeelonline.com\/es\/wp-json\/wp\/v2\/categories?post=3937"},{"taxonomy":"post_tag","embeddable":true,"href":"https:\/\/ifeelonline.com\/es\/wp-json\/wp\/v2\/tags?post=3937"}],"curies":[{"name":"wp","href":"https:\/\/api.w.org\/{rel}","templated":true}]}}