{"id":3846,"date":"2018-11-27T15:51:07","date_gmt":"2018-11-27T14:51:07","guid":{"rendered":"https:\/\/ifeelonline.com\/?p=3846"},"modified":"2021-10-05T09:56:29","modified_gmt":"2021-10-05T08:56:29","slug":"el-tabu-de-la-fertilidad","status":"publish","type":"post","link":"https:\/\/ifeelonline.com\/es\/terapias-ifeel\/familia\/el-tabu-de-la-fertilidad\/","title":{"rendered":"El tab\u00fa de la fertilidad"},"content":{"rendered":"<div id=\"ez-toc-container\" class=\"ez-toc-v2_0_81 counter-hierarchy ez-toc-counter ez-toc-custom ez-toc-container-direction\">\n<div class=\"ez-toc-title-container\">\n<p class=\"ez-toc-title\" style=\"cursor:inherit\">Contenidos<\/p>\n<span class=\"ez-toc-title-toggle\"><a href=\"#\" class=\"ez-toc-pull-right ez-toc-btn ez-toc-btn-xs ez-toc-btn-default ez-toc-toggle\" aria-label=\"Toggle Table of Content\"><span class=\"ez-toc-js-icon-con\"><span class=\"\"><span class=\"eztoc-hide\" style=\"display:none;\">Toggle<\/span><span class=\"ez-toc-icon-toggle-span\"><svg style=\"fill: #51607e;color:#51607e\" xmlns=\"http:\/\/www.w3.org\/2000\/svg\" class=\"list-377408\" width=\"20px\" height=\"20px\" viewBox=\"0 0 24 24\" fill=\"none\"><path d=\"M6 6H4v2h2V6zm14 0H8v2h12V6zM4 11h2v2H4v-2zm16 0H8v2h12v-2zM4 16h2v2H4v-2zm16 0H8v2h12v-2z\" fill=\"currentColor\"><\/path><\/svg><svg style=\"fill: #51607e;color:#51607e\" class=\"arrow-unsorted-368013\" xmlns=\"http:\/\/www.w3.org\/2000\/svg\" width=\"10px\" height=\"10px\" viewBox=\"0 0 24 24\" version=\"1.2\" baseProfile=\"tiny\"><path d=\"M18.2 9.3l-6.2-6.3-6.2 6.3c-.2.2-.3.4-.3.7s.1.5.3.7c.2.2.4.3.7.3h11c.3 0 .5-.1.7-.3.2-.2.3-.5.3-.7s-.1-.5-.3-.7zM5.8 14.7l6.2 6.3 6.2-6.3c.2-.2.3-.5.3-.7s-.1-.5-.3-.7c-.2-.2-.4-.3-.7-.3h-11c-.3 0-.5.1-.7.3-.2.2-.3.5-.3.7s.1.5.3.7z\"\/><\/svg><\/span><\/span><\/span><\/a><\/span><\/div>\n<nav><ul class='ez-toc-list ez-toc-list-level-1 eztoc-toggle-hide-by-default' ><li class='ez-toc-page-1 ez-toc-heading-level-2'><a class=\"ez-toc-link ez-toc-heading-1\" href=\"https:\/\/ifeelonline.com\/es\/terapias-ifeel\/familia\/el-tabu-de-la-fertilidad\/#La_reproduccion_asistida_en_Espana\" >La reproducci\u00f3n asistida en Espa\u00f1a<\/a><\/li><li class='ez-toc-page-1 ez-toc-heading-level-2'><a class=\"ez-toc-link ez-toc-heading-2\" href=\"https:\/\/ifeelonline.com\/es\/terapias-ifeel\/familia\/el-tabu-de-la-fertilidad\/#Cultura_y_fertilidad\" >Cultura y fertilidad<\/a><\/li><li class='ez-toc-page-1 ez-toc-heading-level-2'><a class=\"ez-toc-link ez-toc-heading-3\" href=\"https:\/\/ifeelonline.com\/es\/terapias-ifeel\/familia\/el-tabu-de-la-fertilidad\/#El_secretismo_en_torno_a_la_reproduccion_asistida\" >El secretismo en torno a la reproducci\u00f3n asistida<\/a><\/li><li class='ez-toc-page-1 ez-toc-heading-level-2'><a class=\"ez-toc-link ez-toc-heading-4\" href=\"https:\/\/ifeelonline.com\/es\/terapias-ifeel\/familia\/el-tabu-de-la-fertilidad\/#Normalizar_la_reproduccion_asistida\" >Normalizar la reproducci\u00f3n asistida<\/a><\/li><\/ul><\/nav><\/div>\n<p><span style=\"font-weight: 400\">Tener dificultades para formar una familia parece un secreto que guardar. Los sentimientos m\u00e1s frecuentes de las personas que se enfrentan a la infertilidad son <strong>verg\u00fcenza<\/strong> y <strong>culpabilidad<\/strong>. \u00bfOs sent\u00eds perdidos? Aunque ese sentimiento es natural, la realidad es que no est\u00e1is solos. <\/span><\/p>\n<p>&nbsp;<\/p>\n<h2><span class=\"ez-toc-section\" id=\"La_reproduccion_asistida_en_Espana\"><\/span><b>La reproducci\u00f3n asistida en Espa\u00f1a<\/b><span class=\"ez-toc-section-end\"><\/span><\/h2>\n<p><span style=\"font-weight: 400\">La tasa de infertilidad en Espa\u00f1a est\u00e1 situada en torno al 15% de las parejas. Seg\u00fan el \u00faltimo informe de la <a href=\"http:\/\/www.sefertilidad.net\" target=\"_blank\" rel=\"noopener\">Sociedad Espa\u00f1ola de Fertilidad<\/a> <\/span><span style=\"font-weight: 400\">realizado sobre los datos del a\u00f1o 2016, el n\u00famero de tratamientos realizados en nuestro pa\u00eds aumenta a\u00f1o tras a\u00f1o. En ese a\u00f1o se realizaron en Espa\u00f1a 54.024 tratamientos de fecundaci\u00f3n<em> in vitro<\/em> que permitieron el nacimiento de 9.355 beb\u00e9s. <\/span><\/p>\n<p>&nbsp;<\/p>\n<p><span style=\"font-weight: 400\">Las comunidades aut\u00f3nomas a la cabeza en n\u00famero de tratamientos de fecundaci\u00f3n<em> in vitro<\/em> son, de mayor a menor: Catalu\u00f1a, Madrid, Comunidad Valenciana y Andaluc\u00eda. Adem\u00e1s, son muchas las parejas que vienen a nuestro pa\u00eds para realizar un tratamiento reproductivo por varios motivos. Entre ellos destacan la calidad de los tratamientos en Espa\u00f1a, l\u00edder en Europa, y la imposibilidad de realizarlos en su pa\u00eds de origen al no estar permitido por la ley. <\/span><\/p>\n<p><img loading=\"lazy\" decoding=\"async\" class=\"aligncenter size-full wp-image-3848\" src=\"https:\/\/ifeelonline.com\/wp-content\/uploads\/2018\/11\/nik-macmillan-577477-unsplash.jpg\" alt=\"\" width=\"1365\" height=\"2048\" srcset=\"https:\/\/ifeelonline.com\/es\/wp-content\/uploads\/2018\/11\/nik-macmillan-577477-unsplash.jpg 1365w, https:\/\/ifeelonline.com\/es\/wp-content\/uploads\/2018\/11\/nik-macmillan-577477-unsplash-200x300.jpg 200w, https:\/\/ifeelonline.com\/es\/wp-content\/uploads\/2018\/11\/nik-macmillan-577477-unsplash-768x1152.jpg 768w, https:\/\/ifeelonline.com\/es\/wp-content\/uploads\/2018\/11\/nik-macmillan-577477-unsplash-683x1024.jpg 683w\" sizes=\"auto, (max-width: 1365px) 100vw, 1365px\" \/><\/p>\n<h2><span class=\"ez-toc-section\" id=\"Cultura_y_fertilidad\"><\/span><b>Cultura y fertilidad<\/b><span class=\"ez-toc-section-end\"><\/span><\/h2>\n<p><span style=\"font-weight: 400\">La infertilidad est\u00e1 considerada por la Organizaci\u00f3n Mundial de la Salud como una enfermedad cr\u00f3nica y, por tanto, fuera de nuestro control. Pero, \u00bfc\u00f3mo lo percibimos nosotros? En ocasiones, se asocia con un problema de virilidad en el caso del hombre o con incapacidad de la mujer para ser madre. Mujer y maternidad, dos roles que van de la mano en nuestra cultura. Y si no puedo ser madre entonces, \u00bfque soy? Este tipo de ideas sobre la fertilidad ponen l\u00edmites a nuestra capacidad de afrontarla.<\/span><\/p>\n<p><span style=\"font-weight: 400\">En algunas culturas de la antig\u00fcedad, los problemas de fertilidad se consideraban incluso motivo para el divorcio. En cambio, la maternidad estaba considerada todo un honor, una bendici\u00f3n de los dioses. De ah\u00ed que, para conseguir la fertilidad, las parejas acudieran a la medicina popular. Por ejemplo, <\/span><i><span style=\"font-weight: 400\">la piedra de la fertilidad de Almargen,<\/span><\/i><span style=\"font-weight: 400\"> en M\u00e1laga, es visitada cada a\u00f1o por cientos de parejas. Cuenta la leyenda que quien la toca queda embarazada. <\/span><\/p>\n<p>&nbsp;<\/p>\n<h2><span class=\"ez-toc-section\" id=\"El_secretismo_en_torno_a_la_reproduccion_asistida\"><\/span><b>El secretismo en torno a la reproducci\u00f3n asistida<\/b><span class=\"ez-toc-section-end\"><\/span><\/h2>\n<p><span style=\"font-weight: 400\">El 25 de julio de 1978 naci\u00f3 Louise Brown, el primer beb\u00e9 por fecundaci\u00f3n <em>in vitro<\/em>. Desde entonces, tanto la ciencia como nuestra idea de la fertilidad humana ha cambiado, pero a\u00fan nos queda camino por recorrer. Un claro ejemplo son las noticias donde nos informan de que <a href=\"https:\/\/smoda.elpais.com\/celebrities\/vips\/tabu-infertilidad-famosas\/\" target=\"_blank\" rel=\"noopener\">un personaje famoso<\/a><\/span><span style=\"font-weight: 400\">\u00a0ha \u201crevelado\u201d c\u00f3mo form\u00f3 su familia. Es decir, que por un tiempo fue un secreto que no pod\u00edan contar por miedo, verg\u00fcenza o culpa. La \u00faltima ha sido <strong>Michelle Obama<\/strong> en sus memorias. <\/span><\/p>\n<p><img loading=\"lazy\" decoding=\"async\" class=\"aligncenter size-full wp-image-3849\" src=\"https:\/\/ifeelonline.com\/wp-content\/uploads\/2018\/11\/julie-johnson-762931-unsplash.jpg\" alt=\"\" width=\"3500\" height=\"2197\" srcset=\"https:\/\/ifeelonline.com\/es\/wp-content\/uploads\/2018\/11\/julie-johnson-762931-unsplash.jpg 2048w, https:\/\/ifeelonline.com\/es\/wp-content\/uploads\/2018\/11\/julie-johnson-762931-unsplash-300x188.jpg 300w, https:\/\/ifeelonline.com\/es\/wp-content\/uploads\/2018\/11\/julie-johnson-762931-unsplash-768x482.jpg 768w, https:\/\/ifeelonline.com\/es\/wp-content\/uploads\/2018\/11\/julie-johnson-762931-unsplash-1024x643.jpg 1024w\" sizes=\"auto, (max-width: 3500px) 100vw, 3500px\" \/><\/p>\n<p><span style=\"font-weight: 400\">Es verdad que se trata de un proyecto de familia \u00edntimo y que nadie tiene por qu\u00e9 saber c\u00f3mo hemos conseguido el embarazo. Pero mantenerlo en silencio promueve el tab\u00fa. Funciona a modo de c\u00edrculo vicioso: <\/span><\/p>\n<p>&nbsp;<\/p>\n<p><span style=\"font-weight: 400\">\u201cLa sociedad no est\u00e1 informada sobre la infertilidad, no me van a entender, por eso no hablo. No hablo, no ayudo a que la sociedad est\u00e9 informada y esta no me entiende\u201d. <\/span><\/p>\n<p>&nbsp;<\/p>\n<p><span style=\"font-weight: 400\">\u00bfNo merece la pena acabar con esto? En definitiva, la \u00fanica forma de terminar con el tab\u00fa sobre la infertilidad es hablar sobre ello. <\/span><\/p>\n<p><img loading=\"lazy\" decoding=\"async\" class=\"aligncenter size-full wp-image-3850\" src=\"https:\/\/ifeelonline.com\/wp-content\/uploads\/2018\/11\/thiago-cerqueira-191866-unsplash.jpg\" alt=\"\" width=\"2300\" height=\"1533\" srcset=\"https:\/\/ifeelonline.com\/es\/wp-content\/uploads\/2018\/11\/thiago-cerqueira-191866-unsplash.jpg 2048w, https:\/\/ifeelonline.com\/es\/wp-content\/uploads\/2018\/11\/thiago-cerqueira-191866-unsplash-300x200.jpg 300w, https:\/\/ifeelonline.com\/es\/wp-content\/uploads\/2018\/11\/thiago-cerqueira-191866-unsplash-768x512.jpg 768w, https:\/\/ifeelonline.com\/es\/wp-content\/uploads\/2018\/11\/thiago-cerqueira-191866-unsplash-1024x683.jpg 1024w\" sizes=\"auto, (max-width: 2300px) 100vw, 2300px\" \/><\/p>\n<h2><span class=\"ez-toc-section\" id=\"Normalizar_la_reproduccion_asistida\"><\/span><b>Normalizar la reproducci\u00f3n asistida<\/b><span class=\"ez-toc-section-end\"><\/span><\/h2>\n<p><span style=\"font-weight: 400\">Los ni\u00f1os nacidos por reproducci\u00f3n asistida, que actualmente son millones, merecen poder hablar sobre sobre este tema con naturalidad. Transmitirles que no hay nada de extra\u00f1o o vergonzante en su llegada al mundo es esencial. Especialmente importante en los casos de <a href=\"https:\/\/ifeelonline.com\/donacion-de-gametos-como-afecta-a-mis-emociones\/\">recepci\u00f3n de gametos donados<\/a>\u00a0es revelar al ni\u00f1o sus or\u00edgenes sin miedo. As\u00ed prevenimos que pueda descubrirlo en un futuro por terceras personas. <\/span><\/p>\n<p>&nbsp;<\/p>\n<p><span style=\"font-weight: 400\">Desde ifeel os animamos a que habl\u00e9is de ello con orgullo dejando de lado las emociones negativas: os resultar\u00e1 muy liberador. Si quer\u00e9is hablar sobre vuestro proceso pero no sab\u00e9is por d\u00f3nde empezar o no os sent\u00eds preparados, una opci\u00f3n es recibir apoyo por parte de un psic\u00f3logo que os gu\u00ede en este proceso. <\/span><\/p>\n<p>&nbsp;<\/p>\n\n    <div class=\"xs_social_share_widget xs_share_url after_content \t\tmain_content  wslu-style-1 wslu-share-box-shaped wslu-fill-colored wslu-none wslu-share-horizontal wslu-theme-font-no wslu-main_content\">\n\n\t\t\n        <ul>\n\t\t\t        <\/ul>\n    <\/div> \n","protected":false},"excerpt":{"rendered":"<p>Tener dificultades para formar una familia parece un secreto que guardar. Los sentimientos m\u00e1s frecuentes de las personas que se enfrentan a la infertilidad son verg\u00fcenza y culpabilidad. \u00bfOs sent\u00eds perdidos? Aunque ese sentimiento es natural, la realidad es que no est\u00e1is solos. &nbsp; La reproducci\u00f3n asistida en Espa\u00f1a La tasa de infertilidad en Espa\u00f1a [&hellip;]<\/p>\n","protected":false},"author":36,"featured_media":3847,"comment_status":"closed","ping_status":"open","sticky":false,"template":"","format":"standard","meta":{"content-type":"","postBodyCss":"","postBodyMargin":[],"postBodyPadding":[],"postBodyBackground":{"backgroundType":"classic","gradient":""},"footnotes":""},"categories":[486,133],"tags":[158,91,364],"class_list":["post-3846","post","type-post","status-publish","format-standard","has-post-thumbnail","hentry","category-desarrollo-personal","category-familia","tag-autoconcepto","tag-empoderamiento","tag-reproduccion-asistida"],"_links":{"self":[{"href":"https:\/\/ifeelonline.com\/es\/wp-json\/wp\/v2\/posts\/3846","targetHints":{"allow":["GET"]}}],"collection":[{"href":"https:\/\/ifeelonline.com\/es\/wp-json\/wp\/v2\/posts"}],"about":[{"href":"https:\/\/ifeelonline.com\/es\/wp-json\/wp\/v2\/types\/post"}],"author":[{"embeddable":true,"href":"https:\/\/ifeelonline.com\/es\/wp-json\/wp\/v2\/users\/36"}],"replies":[{"embeddable":true,"href":"https:\/\/ifeelonline.com\/es\/wp-json\/wp\/v2\/comments?post=3846"}],"version-history":[{"count":0,"href":"https:\/\/ifeelonline.com\/es\/wp-json\/wp\/v2\/posts\/3846\/revisions"}],"wp:featuredmedia":[{"embeddable":true,"href":"https:\/\/ifeelonline.com\/es\/wp-json\/wp\/v2\/media\/3847"}],"wp:attachment":[{"href":"https:\/\/ifeelonline.com\/es\/wp-json\/wp\/v2\/media?parent=3846"}],"wp:term":[{"taxonomy":"category","embeddable":true,"href":"https:\/\/ifeelonline.com\/es\/wp-json\/wp\/v2\/categories?post=3846"},{"taxonomy":"post_tag","embeddable":true,"href":"https:\/\/ifeelonline.com\/es\/wp-json\/wp\/v2\/tags?post=3846"}],"curies":[{"name":"wp","href":"https:\/\/api.w.org\/{rel}","templated":true}]}}