{"id":3821,"date":"2018-11-26T13:05:04","date_gmt":"2018-11-26T12:05:04","guid":{"rendered":"https:\/\/ifeelonline.com\/?p=3821"},"modified":"2021-08-23T18:32:39","modified_gmt":"2021-08-23T17:32:39","slug":"dos-madres-y-un-deseo","status":"publish","type":"post","link":"https:\/\/ifeelonline.com\/es\/terapias-ifeel\/familia\/dos-madres-y-un-deseo\/","title":{"rendered":"Dos madres y un deseo"},"content":{"rendered":"<div id=\"ez-toc-container\" class=\"ez-toc-v2_0_81 counter-hierarchy ez-toc-counter ez-toc-custom ez-toc-container-direction\">\n<div class=\"ez-toc-title-container\">\n<p class=\"ez-toc-title\" style=\"cursor:inherit\">Contenidos<\/p>\n<span class=\"ez-toc-title-toggle\"><a href=\"#\" class=\"ez-toc-pull-right ez-toc-btn ez-toc-btn-xs ez-toc-btn-default ez-toc-toggle\" aria-label=\"Toggle Table of Content\"><span class=\"ez-toc-js-icon-con\"><span class=\"\"><span class=\"eztoc-hide\" style=\"display:none;\">Toggle<\/span><span class=\"ez-toc-icon-toggle-span\"><svg style=\"fill: #51607e;color:#51607e\" xmlns=\"http:\/\/www.w3.org\/2000\/svg\" class=\"list-377408\" width=\"20px\" height=\"20px\" viewBox=\"0 0 24 24\" fill=\"none\"><path d=\"M6 6H4v2h2V6zm14 0H8v2h12V6zM4 11h2v2H4v-2zm16 0H8v2h12v-2zM4 16h2v2H4v-2zm16 0H8v2h12v-2z\" fill=\"currentColor\"><\/path><\/svg><svg style=\"fill: #51607e;color:#51607e\" class=\"arrow-unsorted-368013\" xmlns=\"http:\/\/www.w3.org\/2000\/svg\" width=\"10px\" height=\"10px\" viewBox=\"0 0 24 24\" version=\"1.2\" baseProfile=\"tiny\"><path d=\"M18.2 9.3l-6.2-6.3-6.2 6.3c-.2.2-.3.4-.3.7s.1.5.3.7c.2.2.4.3.7.3h11c.3 0 .5-.1.7-.3.2-.2.3-.5.3-.7s-.1-.5-.3-.7zM5.8 14.7l6.2 6.3 6.2-6.3c.2-.2.3-.5.3-.7s-.1-.5-.3-.7c-.2-.2-.4-.3-.7-.3h-11c-.3 0-.5.1-.7.3-.2.2-.3.5-.3.7s.1.5.3.7z\"\/><\/svg><\/span><\/span><\/span><\/a><\/span><\/div>\n<nav><ul class='ez-toc-list ez-toc-list-level-1 eztoc-toggle-hide-by-default' ><li class='ez-toc-page-1 ez-toc-heading-level-2'><a class=\"ez-toc-link ez-toc-heading-1\" href=\"https:\/\/ifeelonline.com\/es\/terapias-ifeel\/familia\/dos-madres-y-un-deseo\/#Controversia_en_el_derecho_a_la_maternidad\" >Controversia en el derecho a la maternidad<\/a><\/li><li class='ez-toc-page-1 ez-toc-heading-level-2'><a class=\"ez-toc-link ez-toc-heading-2\" href=\"https:\/\/ifeelonline.com\/es\/terapias-ifeel\/familia\/dos-madres-y-un-deseo\/#Familia_homoparental\" >Familia homoparental<\/a><\/li><li class='ez-toc-page-1 ez-toc-heading-level-2'><a class=\"ez-toc-link ez-toc-heading-3\" href=\"https:\/\/ifeelonline.com\/es\/terapias-ifeel\/familia\/dos-madres-y-un-deseo\/#Apoyo_psicologico\" >Apoyo psicol\u00f3gico<\/a><\/li><li class='ez-toc-page-1 ez-toc-heading-level-2'><a class=\"ez-toc-link ez-toc-heading-4\" href=\"https:\/\/ifeelonline.com\/es\/terapias-ifeel\/familia\/dos-madres-y-un-deseo\/#Recursos\" >Recursos<\/a><\/li><\/ul><\/nav><\/div>\n<p><span style=\"font-weight: 400\">Ya hemos hablado de <a href=\"https:\/\/ifeelonline.com\/madre-soltera-por-eleccion\/\">los diferentes modelos de familia <\/a>que han surgido gracias a la reproducci\u00f3n asistida<\/span><span style=\"font-weight: 400\">, como eran las familias formadas por una madre y su hijo. En esta ocasi\u00f3n vamos a hablar sobre familias formadas por <strong>una pareja homosexual femenina<\/strong>. <\/span><\/p>\n<p>&nbsp;<\/p>\n<h2><span class=\"ez-toc-section\" id=\"Controversia_en_el_derecho_a_la_maternidad\"><\/span><b>Controversia en el derecho a la maternidad<\/b><span class=\"ez-toc-section-end\"><\/span><\/h2>\n<p><span style=\"font-weight: 400\">La Ley 14\/2006, de 26 de mayo, sobre <strong>t\u00e9cnicas de reproducci\u00f3n humana<\/strong> asistida dice que \u201cLa mujer podr\u00e1 ser usuaria o receptora de las t\u00e9cnicas reguladas en esta Ley con independencia de su estado civil y orientaci\u00f3n sexual\u201d.<\/span><\/p>\n<p>&nbsp;<\/p>\n<p><span style=\"font-weight: 400\">Sin embargo, en 2012 se neg\u00f3 la reproducci\u00f3n asistida a nivel p\u00fablico a mujeres solas o parejas homosexuales femeninas con ausencia de problemas de fertilidad. A<\/span><span style=\"font-weight: 400\">lgunas comunidades aut\u00f3nomas, como Andaluc\u00eda, Valencia y Catalu\u00f1a, <strong>no han cumplido con la decisi\u00f3n del Gobierno<\/strong> de Espa\u00f1a durante estos cinco a\u00f1os. Estas comunidades han permitido el acceso a las t\u00e9cnicas reproductivas a las mujeres sin pareja masculina. Es ahora en 2018 cuando<a href=\"http:\/\/www.lamoncloa.gob.es\/consejodeministros\/resumenes\/paginas\/2018\/060718-consejo.aspx\/\" target=\"_blank\" rel=\"noopener\"> el gobierno quiere recuperar el derecho a los tratamientos<\/a> reproductivos para estas mujeres. <\/span><\/p>\n<p><img loading=\"lazy\" decoding=\"async\" class=\"aligncenter size-full wp-image-3823\" src=\"https:\/\/ifeelonline.com\/wp-content\/uploads\/2018\/11\/madres-2.jpg\" alt=\"\" width=\"2000\" height=\"3000\" srcset=\"https:\/\/ifeelonline.com\/es\/wp-content\/uploads\/2018\/11\/madres-2.jpg 1365w, https:\/\/ifeelonline.com\/es\/wp-content\/uploads\/2018\/11\/madres-2-200x300.jpg 200w, https:\/\/ifeelonline.com\/es\/wp-content\/uploads\/2018\/11\/madres-2-768x1152.jpg 768w, https:\/\/ifeelonline.com\/es\/wp-content\/uploads\/2018\/11\/madres-2-683x1024.jpg 683w\" sizes=\"auto, (max-width: 2000px) 100vw, 2000px\" \/><\/p>\n<h2><span class=\"ez-toc-section\" id=\"Familia_homoparental\"><\/span><b>Familia homoparental<\/b><span class=\"ez-toc-section-end\"><\/span><\/h2>\n<p><span style=\"font-weight: 400\">En la sociedad actual <a href=\"https:\/\/www.researchgate.net\/profile\/Nicola_Carone\/publication\/318760635_Assessing_Prejudice_Toward_Two-Father_Parenting_and_Two-Mother_Parenting_The_Beliefs_on_Same-Sex_Parenting_Scale\/links\/5a4208970f7e9ba868a27bfc\/Assessing-Prejudice-Toward-Two-Father-Parenting-and-Two-Mother-Parenting-The-Beliefs-on-Same-Sex-Parenting-Scale.pdf\" target=\"_blank\" rel=\"noopener\">siguen surgiendo prejuicios y dudas<\/a> <\/span><span style=\"font-weight: 400\">sobre este modelo de familia. Normalizar y desmitificar su existencia es un trabajo que a\u00fan queda por hacer. Estas parejas a\u00fan reciben preguntas del tipo: \u201c\u00bfCu\u00e1l de vosotras es la madre?\u201d, \u201c\u00bfQui\u00e9n es el padre?\u201d, \u201c\u00bfQui\u00e9n le ense\u00f1ar\u00e1 el rol de hombre en vuestra familia?\u201d&#8230;<\/span><\/p>\n<p>&nbsp;<\/p>\n<p><span style=\"font-weight: 400\">Un miedo muy recurrente sobre <strong>la crianza en una pareja homosexual<\/strong> es el relacionado con la futura orientaci\u00f3n sexual del ni\u00f1o. Los estudios muestran que no hay diferencias en la orientaci\u00f3n sexual de los ni\u00f1os que han crecido en una pareja formada por dos mujeres, en comparaci\u00f3n con aquellos criados en una relaci\u00f3n heterosexual. <a href=\"https:\/\/www.eldiario.es\/nidos\/lesbianas-desmontan-leyendas-familias-homoparentales_0_749625811.html\" target=\"_blank\" rel=\"noopener\">La identidad sexual de los progenitores<\/a> <strong>no influir\u00eda en el desarrollo de sus hijos<\/strong>. <\/span><\/p>\n<p>&nbsp;<\/p>\n<p><span style=\"font-weight: 400\">En cuanto al apoyo social y familiar que estas parejas reciben, es importante conocer c\u00f3mo ha integrado su c\u00edrculo social esta decisi\u00f3n. Las <strong>parejas homosexuales<\/strong> ya se han enfrentado a comunicar a sus familiares aspectos de su vida privada como su orientaci\u00f3n sexual y su uni\u00f3n a otra mujer. Conocer la aceptaci\u00f3n de este modelo de familia por parte de su entorno nos ayuda a predecir <strong>la red social con la que las mujeres pueden contar<\/strong> para afrontar el tratamiento de fertilidad y la posterior maternidad. <\/span><\/p>\n<p>&nbsp;<\/p>\n<h2><span class=\"ez-toc-section\" id=\"Apoyo_psicologico\"><\/span><b>Apoyo psicol\u00f3gico<\/b><span class=\"ez-toc-section-end\"><\/span><\/h2>\n<p><span style=\"font-weight: 400\">En estos casos, al igual que con <strong>mujeres solas por elecci\u00f3n<\/strong> o parejas heterosexuales, es importante recibir apoyo previo al tratamiento. Es especialmente beneficioso para la toma de decisiones y la evaluaci\u00f3n del apoyo social con que cuenta la pareja para hacer frente al tratamiento y la posterior maternidad. En definitiva se trata de <strong>acompa\u00f1ar a la pareja durante todo el proceso<\/strong>, al igual que se realiza con parejas heterosexuales. <\/span><\/p>\n<p>&nbsp;<\/p>\n<p><span style=\"font-weight: 400\">Se trata de parejas que desean realizar un tratamiento porque<strong> han decidido tener un hijo<\/strong> y no cuentan con los gametos masculinos necesarios. En la mayor\u00eda de estos casos el tratamiento indicado es una inseminaci\u00f3n artificial con semen de donante, ya que estas mujeres no tienen por qu\u00e9 padecer <strong>un problema de fertilidad<\/strong>.<\/span><\/p>\n<p>&nbsp;<\/p>\n<p><span style=\"font-weight: 400\">A nivel cl\u00ednico -que no social, ya que ambas ser\u00e1n madres del futuro beb\u00e9- una de las decisiones m\u00e1s importantes es consensuar en pareja <strong>cu\u00e1l de ellas ser\u00e1 la madre gestante<\/strong> y cu\u00e1l la biol\u00f3gica. De forma general, especialmente en el Sistema P\u00fablico de Salud, la madre gestante ser\u00e1 tambi\u00e9n la biol\u00f3gica. Cabe destacar la existencia del <strong>m\u00e9todo ROPA<\/strong>, un tratamiento espec\u00edfico que consiste en la recepci\u00f3n de \u00f3vulos por parte de la propia pareja para la posterior gestaci\u00f3n del embri\u00f3n en el \u00fatero de la otra. El m\u00e9todo permite que ambas mujeres participen de forma activa en el <strong>tratamiento de fertilidad<\/strong>. Esta t\u00e9cnica solo est\u00e1 disponible en centros privados, debido al coste econ\u00f3mico que genera en la sanidad p\u00fablica considerar a ambas mujeres como pacientes. <\/span><\/p>\n<p><img loading=\"lazy\" decoding=\"async\" class=\"aligncenter size-full wp-image-3824\" src=\"https:\/\/ifeelonline.com\/wp-content\/uploads\/2018\/11\/madres-3.jpg\" alt=\"\" width=\"2600\" height=\"1708\" srcset=\"https:\/\/ifeelonline.com\/es\/wp-content\/uploads\/2018\/11\/madres-3.jpg 2048w, https:\/\/ifeelonline.com\/es\/wp-content\/uploads\/2018\/11\/madres-3-300x197.jpg 300w, https:\/\/ifeelonline.com\/es\/wp-content\/uploads\/2018\/11\/madres-3-768x505.jpg 768w, https:\/\/ifeelonline.com\/es\/wp-content\/uploads\/2018\/11\/madres-3-1024x673.jpg 1024w\" sizes=\"auto, (max-width: 2600px) 100vw, 2600px\" \/><\/p>\n<h2><span class=\"ez-toc-section\" id=\"Recursos\"><\/span><b>Recursos <\/b><span class=\"ez-toc-section-end\"><\/span><\/h2>\n<p><span style=\"font-weight: 400\">Si quieres saber m\u00e1s sobre la maternidad de parejas formadas por mujeres, existe un libro llamado <\/span><i><span style=\"font-weight: 400\">Proyecto bombo<\/span><\/i><span style=\"font-weight: 400\">,<\/span> <span style=\"font-weight: 400\">donde <strong>Olga Vallejo<\/strong> cuenta su experiencia en la construcci\u00f3n de su familia homoparental. <\/span><\/p>\n<p>&nbsp;<\/p>\n<p><span style=\"font-weight: 400\">Tambi\u00e9n existen asociaciones para las <strong>familias homoparentales<\/strong> en varias ciudades espa\u00f1olas. Algunas de ellas son:<\/span><\/p>\n<p>&nbsp;<\/p>\n<ul>\n<li style=\"font-weight: 400\"><span style=\"font-weight: 400\"><a href=\"http:\/\/www.galehi.org\/\" target=\"_blank\" rel=\"noopener\">Galehi<\/a>, Asociaci\u00f3n de Familias LGTBI de Madrid<\/span><\/li>\n<li style=\"font-weight: 400\"><span style=\"font-weight: 400\"><a href=\"http:\/\/galesh.es\/bienvenido\/\" target=\"_blank\" rel=\"noopener\">Galesh<\/a>, Asociaci\u00f3n de Familias Homoparentales en Alicante, Valencia y Castell\u00f3n\u00a0<\/span><\/li>\n<li style=\"font-weight: 400\"><span style=\"font-weight: 400\"><a href=\"http:\/\/www.familieslg.org\/\" target=\"_blank\" rel=\"noopener\">Fam\u00edlies LGTBI<\/a>, Asociaci\u00f3n de familias de madres lesbianas y padres gays de Catalu\u00f1a<\/span><\/li>\n<li style=\"font-weight: 400\"><span style=\"font-weight: 400\"><a href=\"https:\/\/www.sehaska.es\/\" target=\"_blank\" rel=\"noopener\">Sehaska<\/a>, Asociaci\u00f3n de Madres y Padres Homosexuales con sede en Bilbao<\/span><\/li>\n<\/ul>\n<p><span style=\"font-weight: 400\">Si conoces a alguien con inter\u00e9s en este tema este tema o t\u00fa misma <strong>est\u00e1s pensando en construir tu propia familia<\/strong>, no dudes en contactar con el equipo de ifeel. Contamos con psic\u00f3logos especialistas en fertilidad y reproducci\u00f3n asistida para ayudarte. \u00a0\u00a0\u00a0\u00a0\u00a0\u00a0<\/span><\/p>\n\n    <div class=\"xs_social_share_widget xs_share_url after_content \t\tmain_content  wslu-style-1 wslu-share-box-shaped wslu-fill-colored wslu-none wslu-share-horizontal wslu-theme-font-no wslu-main_content\">\n\n\t\t\n        <ul>\n\t\t\t        <\/ul>\n    <\/div> \n","protected":false},"excerpt":{"rendered":"<p>Ya hemos hablado de los diferentes modelos de familia que han surgido gracias a la reproducci\u00f3n asistida, como eran las familias formadas por una madre y su hijo. En esta ocasi\u00f3n vamos a hablar sobre familias formadas por una pareja homosexual femenina. &nbsp; Controversia en el derecho a la maternidad La Ley 14\/2006, de 26 [&hellip;]<\/p>\n","protected":false},"author":36,"featured_media":3822,"comment_status":"closed","ping_status":"open","sticky":false,"template":"","format":"standard","meta":{"content-type":"","postBodyCss":"","postBodyMargin":[],"postBodyPadding":[],"postBodyBackground":{"backgroundType":"classic","gradient":""},"footnotes":""},"categories":[133,479],"tags":[23,364,176],"class_list":["post-3821","post","type-post","status-publish","format-standard","has-post-thumbnail","hentry","category-familia","category-terapias-ifeel","tag-desarrollo-personal","tag-reproduccion-asistida","tag-salud"],"_links":{"self":[{"href":"https:\/\/ifeelonline.com\/es\/wp-json\/wp\/v2\/posts\/3821","targetHints":{"allow":["GET"]}}],"collection":[{"href":"https:\/\/ifeelonline.com\/es\/wp-json\/wp\/v2\/posts"}],"about":[{"href":"https:\/\/ifeelonline.com\/es\/wp-json\/wp\/v2\/types\/post"}],"author":[{"embeddable":true,"href":"https:\/\/ifeelonline.com\/es\/wp-json\/wp\/v2\/users\/36"}],"replies":[{"embeddable":true,"href":"https:\/\/ifeelonline.com\/es\/wp-json\/wp\/v2\/comments?post=3821"}],"version-history":[{"count":0,"href":"https:\/\/ifeelonline.com\/es\/wp-json\/wp\/v2\/posts\/3821\/revisions"}],"wp:featuredmedia":[{"embeddable":true,"href":"https:\/\/ifeelonline.com\/es\/wp-json\/wp\/v2\/media\/3822"}],"wp:attachment":[{"href":"https:\/\/ifeelonline.com\/es\/wp-json\/wp\/v2\/media?parent=3821"}],"wp:term":[{"taxonomy":"category","embeddable":true,"href":"https:\/\/ifeelonline.com\/es\/wp-json\/wp\/v2\/categories?post=3821"},{"taxonomy":"post_tag","embeddable":true,"href":"https:\/\/ifeelonline.com\/es\/wp-json\/wp\/v2\/tags?post=3821"}],"curies":[{"name":"wp","href":"https:\/\/api.w.org\/{rel}","templated":true}]}}