{"id":2832,"date":"2017-12-07T18:31:10","date_gmt":"2017-12-07T17:31:10","guid":{"rendered":"https:\/\/ifeelonline.com\/?p=2832"},"modified":"2021-10-05T10:28:10","modified_gmt":"2021-10-05T09:28:10","slug":"vih-acabar-desinformacion-discriminacion","status":"publish","type":"post","link":"https:\/\/ifeelonline.com\/es\/terapias-ifeel\/sexualidad-y-pareja\/vih-acabar-desinformacion-discriminacion\/","title":{"rendered":"VIH: acabar con la desinformaci\u00f3n y discriminaci\u00f3n"},"content":{"rendered":"<div id=\"ez-toc-container\" class=\"ez-toc-v2_0_81 counter-hierarchy ez-toc-counter ez-toc-custom ez-toc-container-direction\">\n<div class=\"ez-toc-title-container\">\n<p class=\"ez-toc-title\" style=\"cursor:inherit\">Contenidos<\/p>\n<span class=\"ez-toc-title-toggle\"><a href=\"#\" class=\"ez-toc-pull-right ez-toc-btn ez-toc-btn-xs ez-toc-btn-default ez-toc-toggle\" aria-label=\"Toggle Table of Content\"><span class=\"ez-toc-js-icon-con\"><span class=\"\"><span class=\"eztoc-hide\" style=\"display:none;\">Toggle<\/span><span class=\"ez-toc-icon-toggle-span\"><svg style=\"fill: #51607e;color:#51607e\" xmlns=\"http:\/\/www.w3.org\/2000\/svg\" class=\"list-377408\" width=\"20px\" height=\"20px\" viewBox=\"0 0 24 24\" fill=\"none\"><path d=\"M6 6H4v2h2V6zm14 0H8v2h12V6zM4 11h2v2H4v-2zm16 0H8v2h12v-2zM4 16h2v2H4v-2zm16 0H8v2h12v-2z\" fill=\"currentColor\"><\/path><\/svg><svg style=\"fill: #51607e;color:#51607e\" class=\"arrow-unsorted-368013\" xmlns=\"http:\/\/www.w3.org\/2000\/svg\" width=\"10px\" height=\"10px\" viewBox=\"0 0 24 24\" version=\"1.2\" baseProfile=\"tiny\"><path d=\"M18.2 9.3l-6.2-6.3-6.2 6.3c-.2.2-.3.4-.3.7s.1.5.3.7c.2.2.4.3.7.3h11c.3 0 .5-.1.7-.3.2-.2.3-.5.3-.7s-.1-.5-.3-.7zM5.8 14.7l6.2 6.3 6.2-6.3c.2-.2.3-.5.3-.7s-.1-.5-.3-.7c-.2-.2-.4-.3-.7-.3h-11c-.3 0-.5.1-.7.3-.2.2-.3.5-.3.7s.1.5.3.7z\"\/><\/svg><\/span><\/span><\/span><\/a><\/span><\/div>\n<nav><ul class='ez-toc-list ez-toc-list-level-1 eztoc-toggle-hide-by-default' ><li class='ez-toc-page-1 ez-toc-heading-level-2'><a class=\"ez-toc-link ez-toc-heading-1\" href=\"https:\/\/ifeelonline.com\/es\/terapias-ifeel\/sexualidad-y-pareja\/vih-acabar-desinformacion-discriminacion\/#%C2%BFComo_se_transmite\" >\u00bfC\u00f3mo se transmite?<\/a><\/li><li class='ez-toc-page-1 ez-toc-heading-level-2'><a class=\"ez-toc-link ez-toc-heading-2\" href=\"https:\/\/ifeelonline.com\/es\/terapias-ifeel\/sexualidad-y-pareja\/vih-acabar-desinformacion-discriminacion\/#%C2%BFTener_VIH_y_tener_sida_significa_lo_mismo\" >\u00bfTener VIH y tener sida significa lo mismo?<\/a><\/li><li class='ez-toc-page-1 ez-toc-heading-level-2'><a class=\"ez-toc-link ez-toc-heading-3\" href=\"https:\/\/ifeelonline.com\/es\/terapias-ifeel\/sexualidad-y-pareja\/vih-acabar-desinformacion-discriminacion\/#%C2%BFCuanto_tiempo_pasa_desde_que_se_detecta_el_VIH_hasta_que_se_desarrolla_la_enfermedad_sida\" >\u00bfCu\u00e1nto tiempo pasa desde que se detecta el VIH hasta que se desarrolla la enfermedad (sida)?<\/a><\/li><li class='ez-toc-page-1 ez-toc-heading-level-2'><a class=\"ez-toc-link ez-toc-heading-4\" href=\"https:\/\/ifeelonline.com\/es\/terapias-ifeel\/sexualidad-y-pareja\/vih-acabar-desinformacion-discriminacion\/#%C2%BFPor_que_nos_vienen_a_la_cabeza_hombres_homosexuales_y_personas_drogodependientes_cuando_pensamos_en_VIH_y_sida\" >\u00bfPor qu\u00e9 nos vienen a la cabeza hombres homosexuales y personas drogodependientes cuando pensamos en VIH y sida?<\/a><\/li><li class='ez-toc-page-1 ez-toc-heading-level-2'><a class=\"ez-toc-link ez-toc-heading-5\" href=\"https:\/\/ifeelonline.com\/es\/terapias-ifeel\/sexualidad-y-pareja\/vih-acabar-desinformacion-discriminacion\/#%C2%BFA_que_se_enfrenta_una_persona_cuando_le_diagnostican_VIH\" >\u00bfA qu\u00e9 se enfrenta una persona cuando le diagnostican VIH?<\/a><\/li><li class='ez-toc-page-1 ez-toc-heading-level-2'><a class=\"ez-toc-link ez-toc-heading-6\" href=\"https:\/\/ifeelonline.com\/es\/terapias-ifeel\/sexualidad-y-pareja\/vih-acabar-desinformacion-discriminacion\/#%C2%BFPor_que_ocurre_esto\" >\u00bfPor qu\u00e9 ocurre esto?<\/a><\/li><li class='ez-toc-page-1 ez-toc-heading-level-2'><a class=\"ez-toc-link ez-toc-heading-7\" href=\"https:\/\/ifeelonline.com\/es\/terapias-ifeel\/sexualidad-y-pareja\/vih-acabar-desinformacion-discriminacion\/#Estigma_y_discriminacion\" >Estigma y discriminaci\u00f3n<\/a><\/li><li class='ez-toc-page-1 ez-toc-heading-level-2'><a class=\"ez-toc-link ez-toc-heading-8\" href=\"https:\/\/ifeelonline.com\/es\/terapias-ifeel\/sexualidad-y-pareja\/vih-acabar-desinformacion-discriminacion\/#%C2%BFComo_superarlo\" >\u00bfC\u00f3mo superarlo?<\/a><\/li><li class='ez-toc-page-1 ez-toc-heading-level-2'><a class=\"ez-toc-link ez-toc-heading-9\" href=\"https:\/\/ifeelonline.com\/es\/terapias-ifeel\/sexualidad-y-pareja\/vih-acabar-desinformacion-discriminacion\/#%C2%BFQue_puedo_hacer_si_algun_familiar_o_amigo_tiene_VIH\" >\u00bfQu\u00e9 puedo hacer si alg\u00fan familiar o amigo tiene VIH?<\/a><\/li><li class='ez-toc-page-1 ez-toc-heading-level-2'><a class=\"ez-toc-link ez-toc-heading-10\" href=\"https:\/\/ifeelonline.com\/es\/terapias-ifeel\/sexualidad-y-pareja\/vih-acabar-desinformacion-discriminacion\/#%C2%BFQue_puedo_hacer_si_me_estoy_viendo_afectado_y_discriminado_por_tener_VIH\" >\u00bfQu\u00e9 puedo hacer si me estoy viendo afectado y discriminado por tener VIH?<\/a><\/li><\/ul><\/nav><\/div>\n<p><strong>VIH<\/strong>. S\u00e9 que no quiero tenerlo. S\u00e9 que no es algo bueno. Probablemente tenga en la cabeza el \u201ctipo de personas\u201d que lo tienen (no recuerdo d\u00f3nde, c\u00f3mo o cu\u00e1ndo aprend\u00ed, pero est\u00e1 ah\u00ed). Ahora en serio, \u00bfrealmente s\u00e9 de qu\u00e9 estoy hablando? <a href=\"https:\/\/ifeelonline.com\/aterrizar-en-el-planeta-vih\/\">\u00bfS\u00e9 a qu\u00e9 se enfrenta alguien que tiene un diagn\u00f3stico de VIH+?<\/a> \u00bfEs lo mismo que tener sida? \u00bfC\u00f3mo se transmite?<\/p>\n<p>Es muy probable que muchos de nosotros, al leer estas preguntas, tengamos la certeza absoluta de saber responderlas pero, \u00bfes realmente as\u00ed? Vamos a ponernos a prueba.<\/p>\n<h2><span class=\"ez-toc-section\" id=\"%C2%BFComo_se_transmite\"><\/span>\u00bfC\u00f3mo se transmite?<span class=\"ez-toc-section-end\"><\/span><\/h2>\n<p>Mediante el intercambio de fluidos en las relaciones sexuales, la sangre o la leche materna. En cambio, no a trav\u00e9s de la saliva ni las l\u00e1grimas.<\/p>\n<h2><span class=\"ez-toc-section\" id=\"%C2%BFTener_VIH_y_tener_sida_significa_lo_mismo\"><\/span>\u00bfTener VIH y tener sida significa lo mismo?<span class=\"ez-toc-section-end\"><\/span><\/h2>\n<p>El Virus de la Inmunodeficiencia Humana, el famoso VIH, es el virus que con el tiempo y sin el tratamiento adecuado, lleva a desarrollar sida. Este s\u00edndrome se caracteriza por interferir con el sistema inmunol\u00f3gico, aumentando el riesgo de sufrir infecciones y tumores.<\/p>\n<p><img loading=\"lazy\" decoding=\"async\" class=\"alignnone wp-image-2839 size-full\" src=\"https:\/\/ifeelonline.com\/wp-content\/uploads\/2017\/12\/patrick-fore-381120.jpg\" alt=\"\" width=\"1500\" height=\"1000\" srcset=\"https:\/\/ifeelonline.com\/es\/wp-content\/uploads\/2017\/12\/patrick-fore-381120.jpg 1500w, https:\/\/ifeelonline.com\/es\/wp-content\/uploads\/2017\/12\/patrick-fore-381120-300x200.jpg 300w, https:\/\/ifeelonline.com\/es\/wp-content\/uploads\/2017\/12\/patrick-fore-381120-768x512.jpg 768w, https:\/\/ifeelonline.com\/es\/wp-content\/uploads\/2017\/12\/patrick-fore-381120-1024x683.jpg 1024w\" sizes=\"auto, (max-width: 1500px) 100vw, 1500px\" \/><\/p>\n<h2><span class=\"ez-toc-section\" id=\"%C2%BFCuanto_tiempo_pasa_desde_que_se_detecta_el_VIH_hasta_que_se_desarrolla_la_enfermedad_sida\"><\/span>\u00bfCu\u00e1nto tiempo pasa desde que se detecta el VIH hasta que se desarrolla la enfermedad (sida)?<span class=\"ez-toc-section-end\"><\/span><\/h2>\n<p>Depende de diferentes factores, caracter\u00edsticas individuales, estilo de vida\u2026 y puede ser muy variable, desde unos pocos meses hasta a\u00f1os.<\/p>\n<h2><span class=\"ez-toc-section\" id=\"%C2%BFPor_que_nos_vienen_a_la_cabeza_hombres_homosexuales_y_personas_drogodependientes_cuando_pensamos_en_VIH_y_sida\"><\/span>\u00bfPor qu\u00e9 nos vienen a la cabeza hombres homosexuales y personas drogodependientes cuando pensamos en VIH y sida?<span class=\"ez-toc-section-end\"><\/span><\/h2>\n<p>Entre las formas de contagio del sida se encuentran el sexo y el intercambio de agujas hipod\u00e9rmicas. Los hombres homosexuales han estado com\u00fanmente m\u00e1s relacionados con la infecci\u00f3n de VIH, por una raz\u00f3n principal. Se ha argumentado que en las relaciones anales existe un mayor riesgo de transmitir VIH que en las vaginales. El motivo es que en el coito anal hay m\u00e1s propensi\u00f3n a que se desgarre la mucosa y el virus pueda traspasar a la sangre. En lo que respecta a las personas drogodependientes, estas tienen m\u00e1s riesgo de infecci\u00f3n de VIH si intercambian jeringuillas de personas con la infecci\u00f3n y que no est\u00e1n bajo tratamiento.<\/p>\n<h2><span class=\"ez-toc-section\" id=\"%C2%BFA_que_se_enfrenta_una_persona_cuando_le_diagnostican_VIH\"><\/span>\u00bfA qu\u00e9 se enfrenta una persona cuando le diagnostican VIH?<span class=\"ez-toc-section-end\"><\/span><\/h2>\n<p>Se enfrenta a la aceptaci\u00f3n de una condici\u00f3n que nunca se hab\u00eda esperado padecer, igual que la mayor\u00eda de nosotros. Se enfrenta, por ejemplo, a tomar medicaci\u00f3n de por vida, entre otras\u2026 Pero, sobre todo, una persona VIH+ debe hacer frente a la preocupaci\u00f3n de c\u00f3mo va afectar eso a sus relaciones sociales, sentimentales, familiares\u2026 Porque, cuando una persona dice que es seropositiva, se genera una oleada de conductas a su alrededor con respecto al tema. Por ejemplo, comentarios aleccionadores o acusadores, del tipo \u201cte dije que tuvieras cuidado\u201d, \u201cno has tomado medidas\u201d, intromisiones en la vida personal (&#8220;\u00bfc\u00f3mo lo has pillado?&#8221;), actitudes de rechazo (&#8220;Yo ya no comparto el vaso con \u00e9l, eh&#8221;), miedo, pena\u2026<\/p>\n<p><img loading=\"lazy\" decoding=\"async\" class=\"alignnone wp-image-2835 size-full\" src=\"https:\/\/ifeelonline.com\/wp-content\/uploads\/2017\/12\/mitchel-lensink-220106.jpg\" alt=\"\" width=\"1500\" height=\"1000\" srcset=\"https:\/\/ifeelonline.com\/es\/wp-content\/uploads\/2017\/12\/mitchel-lensink-220106.jpg 1500w, https:\/\/ifeelonline.com\/es\/wp-content\/uploads\/2017\/12\/mitchel-lensink-220106-300x200.jpg 300w, https:\/\/ifeelonline.com\/es\/wp-content\/uploads\/2017\/12\/mitchel-lensink-220106-768x512.jpg 768w, https:\/\/ifeelonline.com\/es\/wp-content\/uploads\/2017\/12\/mitchel-lensink-220106-1024x683.jpg 1024w\" sizes=\"auto, (max-width: 1500px) 100vw, 1500px\" \/><\/p>\n<p>\u00bfPor qu\u00e9 se producen estas reacciones en los dem\u00e1s? \u00bfEs eso lo que realmente la persona necesita cuando est\u00e1 cont\u00e1ndolo o cuando se est\u00e1 planteando hacerlo? La cruda realidad es que hoy en d\u00eda sigue habiendo un fuerte estigma con todo lo relacionado con el VIH.<\/p>\n<h2><span class=\"ez-toc-section\" id=\"%C2%BFPor_que_ocurre_esto\"><\/span>\u00bfPor qu\u00e9 ocurre esto?<span class=\"ez-toc-section-end\"><\/span><\/h2>\n<p>Lo m\u00e1s habitual es que se deba a la desinformaci\u00f3n. En realidad, cuando una persona entiende de verdad qu\u00e9 es tener VIH, qu\u00e9 consecuencias tiene en la actualidad (con un tratamiento adecuado), su miedo pierde las razones de las que se alimenta y acaba entendido que, frente a una persona seropositiva <strong>no hay nada que temer<\/strong>. De este modo se flexibiliza su posici\u00f3n con respecto a la persona con VIH.<\/p>\n<p>Los estudios cient\u00edficos indican que una persona que est\u00e9 en tratamiento alcanza una carga viral indetectable. En esta situaci\u00f3n, no puede transmitir el virus a otra persona, como coment\u00f3 Juan Ram\u00f3n Barrios, presidente de <a href=\"http:\/\/www.cesida.org\/\" target=\"_blank\" rel=\"noopener\">CESIDA<\/a>. CESIDA es la Coordinadora estatal de VIH y sida, la entidad m\u00e1s representativa del movimiento ciudadano de VIH y sida en nuestro pa\u00eds. Eso no quiere decir que la infecci\u00f3n desaparezca (es decir, desgraciadamente la carga viral nunca vuelve a ser igual a cero) pero se mantiene tan baja que no es posible que se transmita a otra persona.<\/p>\n<h2><span class=\"ez-toc-section\" id=\"Estigma_y_discriminacion\"><\/span>Estigma y discriminaci\u00f3n<span class=\"ez-toc-section-end\"><\/span><\/h2>\n<p>El Programa Horizontes del Population Council informa de que la falta de comprensi\u00f3n de la situaci\u00f3n, est\u00e1 relacionada con la complejidad de los conceptos de estigma y discriminaci\u00f3n.<\/p>\n<p>El estigma, har\u00eda referencia a la \u201cmarca\u201d que tienen las personas que han contra\u00eddo el virus o padecen la enfermedad, una caracter\u00edstica que los diferencia del resto.<\/p>\n<p>La discriminaci\u00f3n, por otro lado, ser\u00edan las conductas de rechazo de las personas que les rodean\u00a0por tener esa caracter\u00edstica.<\/p>\n<p>A menudo, los grupos que tradicionalmente han sido m\u00e1s vulnerables frente a la infecci\u00f3n con este virus estaban estigmatizados. Es decir, hombres que mantienen relaciones sexuales con otros hombres, consumidores de drogas inyectables y tambi\u00e9n trabajadores sexuales, ya se hab\u00edan visto discriminados por otros motivos . De esta manera se ha generado una fuerte uni\u00f3n entre el estigma y la creencia de tener VIH y pertenecer a uno de estos grupos. Esto es lo que seg\u00fan la Dra. Pulerwitz, especialista en el estudio de la conducta que trabaja en el Programa Horizontes, se llama un \u201cestigma compuesto\u201d, es decir, un c\u00edrculo vicioso de estigmas que se refuerzan mutuamente.<\/p>\n<p><img loading=\"lazy\" decoding=\"async\" class=\"alignnone wp-image-2837 size-full\" src=\"https:\/\/ifeelonline.com\/wp-content\/uploads\/2017\/12\/louis-amal-365211.jpg\" alt=\"\" width=\"1500\" height=\"1000\" srcset=\"https:\/\/ifeelonline.com\/es\/wp-content\/uploads\/2017\/12\/louis-amal-365211.jpg 1500w, https:\/\/ifeelonline.com\/es\/wp-content\/uploads\/2017\/12\/louis-amal-365211-300x200.jpg 300w, https:\/\/ifeelonline.com\/es\/wp-content\/uploads\/2017\/12\/louis-amal-365211-768x512.jpg 768w, https:\/\/ifeelonline.com\/es\/wp-content\/uploads\/2017\/12\/louis-amal-365211-1024x683.jpg 1024w\" sizes=\"auto, (max-width: 1500px) 100vw, 1500px\" \/><\/p>\n<h2><span class=\"ez-toc-section\" id=\"%C2%BFComo_superarlo\"><\/span>\u00bfC\u00f3mo superarlo?<span class=\"ez-toc-section-end\"><\/span><\/h2>\n<p>Numerosas campa\u00f1as buscan informar sobre el contagio de VIH y el sida. El\u00a0 objetivo no es s\u00f3lo hacer visible una realidad que sigue presente en nuestro d\u00eda a d\u00eda, sino tambi\u00e9n poder eliminar las barreras contra las que se chocan muchos de los afectados.<\/p>\n<p>La campa\u00f1a del D\u00eda Mundial de la lucha contra el sida de este a\u00f1o se ha centrado en el derecho a la salud para todos y en cualquier lugar. Lo ha hecho con el hashtag <a href=\"http:\/\/www.un.org\/es\/events\/aidsday\/\" target=\"_blank\" rel=\"noopener\"><strong>#myrighttohealth<\/strong>.<\/a> No s\u00f3lo la desinformaci\u00f3n sobre la enfermedad y su transmisi\u00f3n hacen que aparezca rechazo. En muchas ocasiones, las personas m\u00e1s allegadas de los afectados se alejan de ellos o los abandonan por pensar que se han infectado por llevar a cabo conductas inmorales o imprudentes.<\/p>\n<p>Realmente, \u00bfes tener sexo una de estas conductas?<\/p>\n<p>Castigar a una persona porque ha tenido una relaci\u00f3n sexual sin protecci\u00f3n no es algo que se haga tan a menudo, a menos que la persona haya contra\u00eddo alguna Enfermedad de Transmisi\u00f3n Sexual. De hecho, seg\u00fan el an\u00e1lisis de la encuesta de los perfiles de discriminaci\u00f3n en Espa\u00f1a, un 11,4% de los encuestados mostraron actitudes de rechazo hacia las personas con VIH\/sida.<\/p>\n<p><img loading=\"lazy\" decoding=\"async\" class=\"alignnone wp-image-2838 size-full\" src=\"https:\/\/ifeelonline.com\/wp-content\/uploads\/2017\/12\/albaz-alba-291970.jpg\" alt=\"\" width=\"1500\" height=\"842\" srcset=\"https:\/\/ifeelonline.com\/es\/wp-content\/uploads\/2017\/12\/albaz-alba-291970.jpg 1500w, https:\/\/ifeelonline.com\/es\/wp-content\/uploads\/2017\/12\/albaz-alba-291970-300x168.jpg 300w, https:\/\/ifeelonline.com\/es\/wp-content\/uploads\/2017\/12\/albaz-alba-291970-768x431.jpg 768w, https:\/\/ifeelonline.com\/es\/wp-content\/uploads\/2017\/12\/albaz-alba-291970-1024x575.jpg 1024w\" sizes=\"auto, (max-width: 1500px) 100vw, 1500px\" \/><\/p>\n<h2><span class=\"ez-toc-section\" id=\"%C2%BFQue_puedo_hacer_si_algun_familiar_o_amigo_tiene_VIH\"><\/span>\u00bfQu\u00e9 puedo hacer si alg\u00fan familiar o amigo tiene VIH?<span class=\"ez-toc-section-end\"><\/span><\/h2>\n<p>Es importante preguntar, saber cu\u00e1les son las necesidades que tiene y c\u00f3mo podemos ayudar a esa persona. Tambi\u00e9n es interesante que nos planteemos c\u00f3mo nos est\u00e1 afectando a nosotros conocer ese dato. Es probable que, aunque no queramos, sintamos que nos estamos alejando de esta persona. Puede que su diagn\u00f3stico nos haya ca\u00eddo como un jarro de agua fr\u00eda. Tomar conciencia de qu\u00e9 se te remueve al pensar que tal o cual persona tiene VIH, es un paso importante para acercarte a ella de una manera m\u00e1s honesta. Cuidando de c\u00f3mo nos estamos sintiendo nosotros, de c\u00f3mo est\u00e1 afectando esto a c\u00f3mo nos comportamos, tambi\u00e9n podemos resultar de m\u00e1s ayuda que si nos dedicamos a hacer como si no hubiera pasado nada.<\/p>\n<h2><span class=\"ez-toc-section\" id=\"%C2%BFQue_puedo_hacer_si_me_estoy_viendo_afectado_y_discriminado_por_tener_VIH\"><\/span>\u00bfQu\u00e9 puedo hacer si me estoy viendo afectado y discriminado por tener VIH?<span class=\"ez-toc-section-end\"><\/span><\/h2>\n<p>En estos casos lo importante es tener claro que el autocuidado es fundamental. Saber que merecemos respeto -como cualquier otra persona-, que no somos ning\u00fan peligro para nadie y que tener VIH no es una caracter\u00edstica que nos convierta en personas menos v\u00e1lidas.<\/p>\n<p>A veces resulta muy complicado plantarse y mirar hacia delante. La cosa se complica si, adem\u00e1s, sientes que no tienes personas que te apoyen a tu alrededor. Sin embargo, recordar que nuestro bienestar depende de nosotros mismos, de lo que hagamos con nuestra forma de pensar y de vivir, puede darnos el empuj\u00f3n necesario para pedir ayuda. Tener el valor de reconocer que lo estamos pasando mal y que nos vendr\u00eda bien una mano amiga puede ser un punto de inflexi\u00f3n. Si no podemos contar con nuestros m\u00e1s allegados o no nos sentimos c\u00f3modos para hablar de esta situaci\u00f3n con ellos, siempre podremos <a href=\"https:\/\/ifeelonline.com\/hacer-terapia-riega-planta-tu-vida-no-marchite\/\">hablar con un psic\u00f3logo<\/a>. Tomarse una pausa en el camino y recordar que un terapeuta puede estar junto a ti en los momentos que se te hagan m\u00e1s cuesta arriba.<\/p>\n\n    <div class=\"xs_social_share_widget xs_share_url after_content \t\tmain_content  wslu-style-1 wslu-share-box-shaped wslu-fill-colored wslu-none wslu-share-horizontal wslu-theme-font-no wslu-main_content\">\n\n\t\t\n        <ul>\n\t\t\t        <\/ul>\n    <\/div> \n","protected":false},"excerpt":{"rendered":"<p>VIH. S\u00e9 que no quiero tenerlo. S\u00e9 que no es algo bueno. Probablemente tenga en la cabeza el \u201ctipo de personas\u201d que lo tienen (no recuerdo d\u00f3nde, c\u00f3mo o cu\u00e1ndo aprend\u00ed, pero est\u00e1 ah\u00ed). Ahora en serio, \u00bfrealmente s\u00e9 de qu\u00e9 estoy hablando? \u00bfS\u00e9 a qu\u00e9 se enfrenta alguien que tiene un diagn\u00f3stico de VIH+? [&hellip;]<\/p>\n","protected":false},"author":15,"featured_media":2834,"comment_status":"closed","ping_status":"open","sticky":false,"template":"","format":"standard","meta":{"content-type":"","postBodyCss":"","postBodyMargin":[],"postBodyPadding":[],"postBodyBackground":{"backgroundType":"classic","gradient":""},"footnotes":""},"categories":[486,483],"tags":[141,344,312,331],"class_list":["post-2832","post","type-post","status-publish","format-standard","has-post-thumbnail","hentry","category-desarrollo-personal","category-sexualidad-y-pareja","tag-bienestar","tag-otro","tag-salud-mental","tag-vih"],"_links":{"self":[{"href":"https:\/\/ifeelonline.com\/es\/wp-json\/wp\/v2\/posts\/2832","targetHints":{"allow":["GET"]}}],"collection":[{"href":"https:\/\/ifeelonline.com\/es\/wp-json\/wp\/v2\/posts"}],"about":[{"href":"https:\/\/ifeelonline.com\/es\/wp-json\/wp\/v2\/types\/post"}],"author":[{"embeddable":true,"href":"https:\/\/ifeelonline.com\/es\/wp-json\/wp\/v2\/users\/15"}],"replies":[{"embeddable":true,"href":"https:\/\/ifeelonline.com\/es\/wp-json\/wp\/v2\/comments?post=2832"}],"version-history":[{"count":0,"href":"https:\/\/ifeelonline.com\/es\/wp-json\/wp\/v2\/posts\/2832\/revisions"}],"wp:featuredmedia":[{"embeddable":true,"href":"https:\/\/ifeelonline.com\/es\/wp-json\/wp\/v2\/media\/2834"}],"wp:attachment":[{"href":"https:\/\/ifeelonline.com\/es\/wp-json\/wp\/v2\/media?parent=2832"}],"wp:term":[{"taxonomy":"category","embeddable":true,"href":"https:\/\/ifeelonline.com\/es\/wp-json\/wp\/v2\/categories?post=2832"},{"taxonomy":"post_tag","embeddable":true,"href":"https:\/\/ifeelonline.com\/es\/wp-json\/wp\/v2\/tags?post=2832"}],"curies":[{"name":"wp","href":"https:\/\/api.w.org\/{rel}","templated":true}]}}