{"id":2685,"date":"2017-10-19T13:00:47","date_gmt":"2017-10-19T12:00:47","guid":{"rendered":"https:\/\/ifeelonline.com\/?p=2685"},"modified":"2021-10-06T09:48:54","modified_gmt":"2021-10-06T08:48:54","slug":"madurar-viaje-regreso-desde-nunca-jamas","status":"publish","type":"post","link":"https:\/\/ifeelonline.com\/es\/terapias-ifeel\/desarrollo-personal\/madurar-viaje-regreso-desde-nunca-jamas\/","title":{"rendered":"Madurar: un viaje de regreso desde Nunca Jam\u00e1s"},"content":{"rendered":"<p>[:es]<span style=\"font-weight: 400\">En <a href=\"https:\/\/ifeelonline.com\/peter-pan-wendy-una-pareja-sindrome\/\">nuestro anterior post<\/a> visitamos Nunca Jam\u00e1s, la isla de nuestra infancia, y hablamos sobre<strong> el proceso de madurar<\/strong> al hilo de dos llamados s\u00edndromes que, sin duda, se complementan entre s\u00ed: el s\u00edndrome de Peter Pan y el s\u00edndrome de Wendy. El primero est\u00e1 asociado b\u00e1sicamente a un patr\u00f3n de inmadurez: alguien que, por diferentes razones, <strong>se niega a crecer por dentro<\/strong> de manera acorde a como crece por fuera, desvincul\u00e1ndose de sus responsabilidades y manteni\u00e9ndose dependiente de manera indefinida. Es un ni\u00f1o que se resiste con u\u00f1as y dientes a adecuar su manera de funcionar al inexorable paso del tiempo. El segundo est\u00e1 asociado a <strong>una estrategia para obtener validaci\u00f3n<\/strong> (cari\u00f1o, reconocimiento, atenci\u00f3n, un lugar) basada \u00fanicamente en resolver las necesidades de otros: \u201cNecesito que me necesites, porque cuando siento que me necesitas y te soy \u00fatil es cuando percibo que mi vida tiene sentido y recibo el amor que merezco\u201d.<\/span><\/p>\n<p><img loading=\"lazy\" decoding=\"async\" class=\"aligncenter size-full wp-image-2686\" src=\"https:\/\/ifeelonline.com\/wp-content\/uploads\/2017\/10\/kid-ocean.jpg\" alt=\"\" width=\"3000\" height=\"4175\" srcset=\"https:\/\/ifeelonline.com\/es\/wp-content\/uploads\/2017\/10\/kid-ocean.jpg 1472w, https:\/\/ifeelonline.com\/es\/wp-content\/uploads\/2017\/10\/kid-ocean-216x300.jpg 216w, https:\/\/ifeelonline.com\/es\/wp-content\/uploads\/2017\/10\/kid-ocean-768x1069.jpg 768w, https:\/\/ifeelonline.com\/es\/wp-content\/uploads\/2017\/10\/kid-ocean-736x1024.jpg 736w\" sizes=\"auto, (max-width: 3000px) 100vw, 3000px\" \/><\/p>\n<p><span style=\"font-weight: 400\">Naturalmente, como sucede siempre en psicolog\u00eda, todo esto es muy relativo y solo debemos emplear estas etiquetas diagn\u00f3sticas (que no est\u00e1n oficialmente reconocidas) cuando los casos son claros, inequ\u00edvocos y extremos. Al fin y al cabo, todos tenemos dentro una parte inmadura, que se resiste a <strong>asumir responsabilidades<\/strong>, es decir, que prefiere que otros respondan por ella. Esta parte de nosotros quiere solo comodidades y derechos pero nunca obligaciones, nunca sufrimientos, nunca valerse por s\u00ed misma. Todas las personas tenemos dentro esa semilla de Peter Pan y es perfectamente sano que as\u00ed sea. Sin embargo, hay que encender una alarma cuando, de una manera significativa, esta parte se come a nuestra parte adulta y eso nos genera problemas: <strong>no siempre podemos ser ni\u00f1os<\/strong> delante de nuestros hijos, delante de nuestros compa\u00f1eros de trabajo, cuando hacemos la compra o cuando vamos en metro. Estar en el mundo, convivir con los dem\u00e1s, exige de nosotros un grado razonable de autonom\u00eda y de tolerancia al malestar de acuerdo a nuestra edad. <strong>En esto consiste madurar<\/strong> y no debemos confundirlo con vivir nuestra vida a nuestra manera. <\/span><\/p>\n<p><span style=\"font-weight: 400\">Lo mismo ocurre con lo que llamaremos \u201cnuestra parte Wendy\u201d: hacer cosas por los dem\u00e1s, cuidarlos, ocuparnos de ellos, solucionarles problemas o necesitar su cari\u00f1o no es malo. \u00bfQu\u00e9 clase de lugar ser\u00eda el mundo si no hici\u00e9ramos todo esto, qu\u00e9 clase de humanos ser\u00edamos <strong>si no necesit\u00e1ramos ser cuidados y validados por otros<\/strong> para desarrollar una adecuada salud mental? El problema aparece cuando <strong>cuidar a los dem\u00e1s o solucionarles la vida<\/strong> se convierte en una necesidad para nosotros y en una fuente de dependencia para ellos. Todos necesitamos de todos, solo as\u00ed podemos salir adelante sin destruirnos, pero eso no significa que alimentemos nuestra leg\u00edtima necesidad de amor impidiendo a los dem\u00e1s crecer u oblig\u00e1ndolos indirectamente a necesitarnos, reproch\u00e1ndoles sus inevitables impulsos de autonom\u00eda. Y es que, aunque lo disimule mejor, <strong>la Wendy que llevamos dentro tambi\u00e9n tiene que madurar<\/strong>.<\/span><\/p>\n<p><img loading=\"lazy\" decoding=\"async\" class=\"aligncenter size-full wp-image-2687\" src=\"https:\/\/ifeelonline.com\/wp-content\/uploads\/2017\/10\/wendy-ocean.jpg\" alt=\"\" width=\"3000\" height=\"2000\" srcset=\"https:\/\/ifeelonline.com\/es\/wp-content\/uploads\/2017\/10\/wendy-ocean.jpg 2048w, https:\/\/ifeelonline.com\/es\/wp-content\/uploads\/2017\/10\/wendy-ocean-300x200.jpg 300w, https:\/\/ifeelonline.com\/es\/wp-content\/uploads\/2017\/10\/wendy-ocean-768x512.jpg 768w, https:\/\/ifeelonline.com\/es\/wp-content\/uploads\/2017\/10\/wendy-ocean-1024x683.jpg 1024w\" sizes=\"auto, (max-width: 3000px) 100vw, 3000px\" \/><\/p>\n<p><span style=\"font-weight: 400\">\u201cNunca he conocido a nadie cuya mayor necesidad no sea el amor\u201d, afirm\u00f3 la reputada psiquiatra <strong>Elizabeth K\u00fcbler-Ross<\/strong>. Pura psicolog\u00eda. Pero cuidado, los medios para satisfacer esa necesidad pueden convertirse en caminos por los que se tuerza nuestra salud mental. <\/span><\/p>\n<p><span style=\"font-weight: 400\">Madurar no es f\u00e1cil. Manejar de manera equilibrada los afectos y necesidades tampoco. Si te has reconocido en alguno los patrones que hemos descrito o crees que necesitas ayuda para pulir tu parte Peter Pan o tu parte Wendy puede serte muy \u00fatil consultar con un profesional. Los psic\u00f3logos podemos acompa\u00f1arte en ese proceso.<\/span>[:]<\/p>\n\n    <div class=\"xs_social_share_widget xs_share_url after_content \t\tmain_content  wslu-style-1 wslu-share-box-shaped wslu-fill-colored wslu-none wslu-share-horizontal wslu-theme-font-no wslu-main_content\">\n\n\t\t\n        <ul>\n\t\t\t        <\/ul>\n    <\/div> \n","protected":false},"excerpt":{"rendered":"<p>[:es]En nuestro anterior post visitamos Nunca Jam\u00e1s, la isla de nuestra infancia, y hablamos sobre el proceso de madurar al hilo de dos llamados s\u00edndromes que, sin duda, se complementan entre s\u00ed: el s\u00edndrome de Peter Pan y el s\u00edndrome de Wendy. El primero est\u00e1 asociado b\u00e1sicamente a un patr\u00f3n de inmadurez: alguien que, por [&hellip;]<\/p>\n","protected":false},"author":8,"featured_media":2688,"comment_status":"closed","ping_status":"open","sticky":false,"template":"","format":"standard","meta":{"content-type":"","postBodyCss":"","postBodyMargin":[],"postBodyPadding":[],"postBodyBackground":{"backgroundType":"classic","gradient":""},"footnotes":""},"categories":[486],"tags":[17,94,23,91],"class_list":["post-2685","post","type-post","status-publish","format-standard","has-post-thumbnail","hentry","category-desarrollo-personal","tag-ayuda","tag-bienestar-emocional","tag-desarrollo-personal","tag-empoderamiento"],"_links":{"self":[{"href":"https:\/\/ifeelonline.com\/es\/wp-json\/wp\/v2\/posts\/2685","targetHints":{"allow":["GET"]}}],"collection":[{"href":"https:\/\/ifeelonline.com\/es\/wp-json\/wp\/v2\/posts"}],"about":[{"href":"https:\/\/ifeelonline.com\/es\/wp-json\/wp\/v2\/types\/post"}],"author":[{"embeddable":true,"href":"https:\/\/ifeelonline.com\/es\/wp-json\/wp\/v2\/users\/8"}],"replies":[{"embeddable":true,"href":"https:\/\/ifeelonline.com\/es\/wp-json\/wp\/v2\/comments?post=2685"}],"version-history":[{"count":0,"href":"https:\/\/ifeelonline.com\/es\/wp-json\/wp\/v2\/posts\/2685\/revisions"}],"wp:featuredmedia":[{"embeddable":true,"href":"https:\/\/ifeelonline.com\/es\/wp-json\/wp\/v2\/media\/2688"}],"wp:attachment":[{"href":"https:\/\/ifeelonline.com\/es\/wp-json\/wp\/v2\/media?parent=2685"}],"wp:term":[{"taxonomy":"category","embeddable":true,"href":"https:\/\/ifeelonline.com\/es\/wp-json\/wp\/v2\/categories?post=2685"},{"taxonomy":"post_tag","embeddable":true,"href":"https:\/\/ifeelonline.com\/es\/wp-json\/wp\/v2\/tags?post=2685"}],"curies":[{"name":"wp","href":"https:\/\/api.w.org\/{rel}","templated":true}]}}