{"id":2310,"date":"2020-11-01T13:00:00","date_gmt":"2020-11-01T12:00:00","guid":{"rendered":"https:\/\/digitalmind.wpengine.com\/?p=2310"},"modified":"2021-10-05T09:54:25","modified_gmt":"2021-10-05T08:54:25","slug":"fragil-sensible-aprende-diferencia-aumenta-autoconocimiento","status":"publish","type":"post","link":"https:\/\/ifeelonline.com\/es\/terapias-ifeel\/fragil-sensible-aprende-diferencia-aumenta-autoconocimiento\/","title":{"rendered":"\u00bfFragilidad emocional o sensibilidad?"},"content":{"rendered":"\n<p>Aprende la diferencia y aumenta tu autoconocimiento<\/p>\n\n\n<p><span style=\"font-weight: 400\">La sensibilidad y la fragilidad emocional son dos atributos humanos de los que ninguna persona est\u00e1 exenta, <\/span><span style=\"font-weight: 400\">localizarlos es un buen indicador de <strong>autoconocimiento<\/strong>. <\/span><\/p>\n<p><!--more--><\/p>\n<p><span style=\"font-weight: 400\">Es cierto que unas personas son m\u00e1s sensibles que otras, igual que hay quien se rompe a la m\u00ednima junto a personas a las que llamamos \u201ctodoterreno\u201d. Sin embargo, a menudo se tiende a confundir una cosa con la otra, pensando que <strong>quien es m\u00e1s sensible tiene m\u00e1s fragilidad emocional<\/strong> (menos fuerte). Las personas m\u00e1s conectadas con su fragilidad emocional suelen preguntarse, adem\u00e1s, si es posible vivir sin sufrir absolutamente por todo, y muchas no acaban de encontrar una respuesta suficientemente esperanzadora a esa pregunta.<\/span><\/p>\n<h2>Fragilidad emocional<\/h2>\n<p><span style=\"font-weight: 400\">En cualquier caso, es importante que no nos confundamos. <strong>Ser muy sensible<\/strong> es una cosa, ser fr\u00e1gil emocionalmente es otra bien distinta. Aunque parezca que hay un puente maligno entre ambas, que une la orilla del sentir con la orilla del sufrir, en realidad debemos reivindicar la sensibilidad como un valor, una cualidad a destacar en aquellas personas que la poseen. Tiene que ver con la capacidad para percibir matices, <strong>disfrutar intensamente de las cosas<\/strong>. Podr\u00edamos considerar incluso que <strong>es un tipo de inteligencia<\/strong>, en la medida en que permite a la persona vivir una vida m\u00e1s plena y entender con su propio lenguaje las experiencias que le toca vivir o aquellas que ella misma busca tener en su d\u00eda a d\u00eda. La sensibilidad nos desarrolla, nos permite entender el mundo de una determinada manera y procesar informaci\u00f3n de una forma que va <strong>m\u00e1s all\u00e1 de lo mental<\/strong>.<\/span><\/p>\n<p><img loading=\"lazy\" decoding=\"async\" class=\"aligncenter wp-image-2311 size-full\" src=\"https:\/\/ifeelonline.com\/wp-content\/uploads\/2017\/07\/marta-pawlik-14356.jpg\" alt=\"fragilidad emocional\" width=\"1369\" height=\"2048\" srcset=\"https:\/\/ifeelonline.com\/es\/wp-content\/uploads\/2017\/07\/marta-pawlik-14356.jpg 1369w, https:\/\/ifeelonline.com\/es\/wp-content\/uploads\/2017\/07\/marta-pawlik-14356-200x300.jpg 200w, https:\/\/ifeelonline.com\/es\/wp-content\/uploads\/2017\/07\/marta-pawlik-14356-768x1149.jpg 768w, https:\/\/ifeelonline.com\/es\/wp-content\/uploads\/2017\/07\/marta-pawlik-14356-684x1024.jpg 684w\" sizes=\"auto, (max-width: 1369px) 100vw, 1369px\" \/><\/p>\n<h3>La fragilidad emocional no es una fortaleza<\/h3>\n<p><span style=\"font-weight: 400\">La fragilidad, por el contrario, no es una cualidad, sino que indica la capacidad que las personas y los acontecimientos de la vida tienen para herirnos y causarnos dolor. Esto no es sensibilidad, pues <strong>la sensibilidad es una fortaleza<\/strong>, sino que es vulnerabilidad. Probablemente conoces a personas que se rompen por todo, que son aparentemente \u201cmuy emocionales\u201d, permanentemente preocupadas, abatidas, conectadas con su sufrimiento. Son personas que sienten intensamente lo que les ocurre, s\u00ed, pero no gracias a su sensibilidad, sino debido a su <strong>vulnerabilidad<\/strong>.<\/span><\/p>\n<h3>Sensibilidad no es lo mismo que fragilidad emocional\u00a0<\/h3>\n<p><span style=\"font-weight: 400\">Esc\u00fachate y obs\u00e9rvate. La sensibilidad tiene que ver con la capacidad para degustar la vida, apreciarla, agradecerla y crearla. Somos sensibles en la medida en que permitimos que la vida nos toque, no en la medida en que <strong>permitimos que la vida nos rompa<\/strong>. \u00bfEres una persona sensible? Seguro que s\u00ed. No importa si no te derrites de amor con los beb\u00e9s, si no vas acariciando a todos los perros que te cruzas por la calle o si no lloras a menudo en el cine. Cada uno tenemos nuestra sensibilidad y esta puede ser muy diversa. Siempre podemos <strong>cultivarla y potenciarla<\/strong>: recuerda que hacerlo es aumentar tu inteligencia y ensanchar tu autoconocimiento.<\/span><\/p>\n<p><img loading=\"lazy\" decoding=\"async\" class=\"aligncenter wp-image-2312 size-full\" src=\"https:\/\/ifeelonline.com\/wp-content\/uploads\/2017\/07\/fragile.jpg\" alt=\"fragilidad emocional\" width=\"1365\" height=\"2048\" srcset=\"https:\/\/ifeelonline.com\/es\/wp-content\/uploads\/2017\/07\/fragile.jpg 1365w, https:\/\/ifeelonline.com\/es\/wp-content\/uploads\/2017\/07\/fragile-200x300.jpg 200w, https:\/\/ifeelonline.com\/es\/wp-content\/uploads\/2017\/07\/fragile-768x1152.jpg 768w, https:\/\/ifeelonline.com\/es\/wp-content\/uploads\/2017\/07\/fragile-683x1024.jpg 683w\" sizes=\"auto, (max-width: 1365px) 100vw, 1365px\" \/><\/p>\n<p><span style=\"font-weight: 400\">Sigue escuch\u00e1ndote y observ\u00e1ndote. <b style=\"font-weight: 400\">La fragilidad <\/b><b>emocional<\/b><b style=\"font-weight: 400\"> tiene que ver con tu debilida<\/b>d, con lo expuesto que est\u00e1s a que otros, a que lo que te pase, te golpee y te resquebraje hasta tumbarte, incluso aunque no te rompa del todo. \u00bfEres una persona con fragilidad emocional? Por supuesto que s\u00ed, ning\u00fan ser humano es omnipotente, todos podemos rompernos por alg\u00fan lado. Descubrir por qu\u00e9 lados nos rompe la vida nos ayudar\u00e1 a cerrar esas fisuras y tapar esos agujeros por los que nos delatamos como personas vulnerables. Observar atentamente tu fragilidad tambi\u00e9n <strong style=\"font-weight: 400\">es un signo de poder e inteligencia<\/strong>. <\/span><\/p>\n<p><span style=\"font-weight: 400\">Si quieres trabajar tu sensibilidad y fortalecer tus caras m\u00e1s fr\u00e1giles puedes hacerlo por ti mismo. Tambi\u00e9n puedes hacerlo con un psic\u00f3logo a trav\u00e9s de un proceso terap\u00e9utico en el que juntos recorr\u00e1is ese <strong>camino de autoconocimiento<\/strong>, para aprender a diferenciar unas cosas de otras. \u00bfTe animas a emprenderlo?<\/span><\/p>\n    <div class=\"xs_social_share_widget xs_share_url after_content \t\tmain_content  wslu-style-1 wslu-share-box-shaped wslu-fill-colored wslu-none wslu-share-horizontal wslu-theme-font-no wslu-main_content\">\n\n\t\t\n        <ul>\n\t\t\t        <\/ul>\n    <\/div> \n","protected":false},"excerpt":{"rendered":"<p>Aprende la diferencia y aumenta tu autoconocimiento La sensibilidad y la fragilidad emocional son dos atributos humanos de los que ninguna persona est\u00e1 exenta, localizarlos es un buen indicador de autoconocimiento.<\/p>\n","protected":false},"author":8,"featured_media":2360,"comment_status":"closed","ping_status":"open","sticky":false,"template":"","format":"standard","meta":{"content-type":"","postBodyCss":"","postBodyMargin":[],"postBodyPadding":[],"postBodyBackground":{"backgroundType":"classic","gradient":""},"footnotes":""},"categories":[486,479],"tags":[158,94,23,177],"class_list":["post-2310","post","type-post","status-publish","format-standard","has-post-thumbnail","hentry","category-desarrollo-personal","category-terapias-ifeel","tag-autoconcepto","tag-bienestar-emocional","tag-desarrollo-personal","tag-emociones"],"_links":{"self":[{"href":"https:\/\/ifeelonline.com\/es\/wp-json\/wp\/v2\/posts\/2310","targetHints":{"allow":["GET"]}}],"collection":[{"href":"https:\/\/ifeelonline.com\/es\/wp-json\/wp\/v2\/posts"}],"about":[{"href":"https:\/\/ifeelonline.com\/es\/wp-json\/wp\/v2\/types\/post"}],"author":[{"embeddable":true,"href":"https:\/\/ifeelonline.com\/es\/wp-json\/wp\/v2\/users\/8"}],"replies":[{"embeddable":true,"href":"https:\/\/ifeelonline.com\/es\/wp-json\/wp\/v2\/comments?post=2310"}],"version-history":[{"count":0,"href":"https:\/\/ifeelonline.com\/es\/wp-json\/wp\/v2\/posts\/2310\/revisions"}],"wp:featuredmedia":[{"embeddable":true,"href":"https:\/\/ifeelonline.com\/es\/wp-json\/wp\/v2\/media\/2360"}],"wp:attachment":[{"href":"https:\/\/ifeelonline.com\/es\/wp-json\/wp\/v2\/media?parent=2310"}],"wp:term":[{"taxonomy":"category","embeddable":true,"href":"https:\/\/ifeelonline.com\/es\/wp-json\/wp\/v2\/categories?post=2310"},{"taxonomy":"post_tag","embeddable":true,"href":"https:\/\/ifeelonline.com\/es\/wp-json\/wp\/v2\/tags?post=2310"}],"curies":[{"name":"wp","href":"https:\/\/api.w.org\/{rel}","templated":true}]}}