{"id":2230,"date":"2017-06-22T13:14:53","date_gmt":"2017-06-22T12:14:53","guid":{"rendered":"https:\/\/digitalmind.wpengine.com\/?p=2230"},"modified":"2021-10-05T10:28:52","modified_gmt":"2021-10-05T09:28:52","slug":"por-que-celebramos-orgullo-gay","status":"publish","type":"post","link":"https:\/\/ifeelonline.com\/es\/terapias-ifeel\/desarrollo-personal\/por-que-celebramos-orgullo-gay\/","title":{"rendered":"\u00bfPor qu\u00e9 celebramos el d\u00eda del Orgullo Gay?"},"content":{"rendered":"<p><span style=\"font-weight: 400\">La sexualidad humana es <strong>diversa<\/strong> y, aunque lo que m\u00e1s abunda en ella es la heterosexualidad, lo cierto es que la madre naturaleza ha previsto muchas variaciones en este campo (y no solo con la especie humana,<!--more--> \u00a1te sorprender\u00eda conocer la cantidad de especies animales en las que <strong>lo no heterosexual se produce con absoluta normalidad<\/strong>! Y s\u00ed, te aseguro que esto va mucho m\u00e1s all\u00e1 del \u201cUy, yo creo que mi perro\u2026\u201d). Por eso ya no hablamos solo de personas gais y hererosexuales: hoy mencionamos\u00a0con orgullo a\u00a0bisexuales, pansexuales, asexuales, intersexuales, transexuales&#8230; Es una diversidad que habla tanto de las personas que nos gustan como de las personas que sentimos que somos.\u00a0<\/span><\/p>\n<p>Actualmente\u00a0empleamos la palabra \u201chomosexual\u201d con cierta naturalidad pero, en realidad, esta etiqueta no siempre existi\u00f3. De hecho, apareci\u00f3 en el siglo XIX como un <strong>t\u00e9rmino m\u00e9dico<\/strong> para describir conductas -no sentimientos ni atracci\u00f3n- inapropiadas entre personas del mismo sexo, fundamentalmente hombres (hasta para eso la mujer ha estado invisibilizada). As\u00ed fue como la homosexualidad complet\u00f3\u00a0su particular tri\u00e1ngulo de estigmas: adem\u00e1s de pecado y delito pas\u00f3 a ser una <strong>enfermedad<\/strong>.<\/p>\n<p>\u00bfAlgo del pasado remoto? No te creas. El proceso para despatologizar la homosexualidad ha sido tan largo que no fue hasta 1973 que la Asociaci\u00f3n Americana de Psiquiatr\u00eda <strong>dej\u00f3 de incluir la homosexualidad en el DSM<\/strong>, el libro que recoge la lista de trastornos mentales con el que los psic\u00f3logos trabajamos de manera cotidiana.<\/p>\n<p><span style=\"font-weight: 400\">Si todav\u00eda esto te parece algo de las cavernas, piensa que la <strong>Organizaci\u00f3n Mundial de la Salud<\/strong> hizo lo mismo \u00a1el 17 de mayo de 1990! cuando retir\u00f3 la homosexualidad de su\u00a0propio libro, la CIE (<\/span><i><span style=\"font-weight: 400\">Clasificaci\u00f3n Internacional de Enfermedades<\/span><\/i><span style=\"font-weight: 400\">)<\/span><span style=\"font-weight: 400\">. Es por eso que, para recordarlo, cada 17 de mayo\u00a0se celebra el d\u00eda mundial contra la <strong>homofobia, bifobia y transfobia<\/strong>. Buenas noticias: eso significa que si naciste despu\u00e9s de esa fecha lo hiciste libre de esa terrible enfermedad y si naciste antes\u2026 \u00a1ya hace m\u00e1s de 27 a\u00f1os que te curaste!<\/span><\/p>\n<p>Al margen de esto, estos d\u00edas se celebra en todo el mundo -al menos en todo el mundo m\u00e1s o menos democr\u00e1tico- lo que se conoce como <strong>Orgullo Gay<\/strong>. Se trata de una serie de actividades que cada a\u00f1o por estas fechas organiza <strong>la comunidad LGTB<\/strong> (y dem\u00e1s letras, \u00a1de nuevo la madre naturaleza!) para reivindicar sus derechos y celebrar la diversidad natural humana. De ah\u00ed lo del arco\u00edris:<strong>\u00a0 muchos colores<\/strong>, todos juntos, en un mismo reflejo. La idea no es hacer de menos a los heterosexuales, sino visibilizarse como colectivo en sana convivencia con ellos.<\/p>\n<p><img loading=\"lazy\" decoding=\"async\" class=\"aligncenter size-full wp-image-2234\" src=\"https:\/\/digitalmind.wpengine.com\/wp-content\/uploads\/2017\/06\/rainbow-flag.jpg\" alt=\"\" width=\"2048\" height=\"1365\" srcset=\"https:\/\/ifeelonline.com\/es\/wp-content\/uploads\/2017\/06\/rainbow-flag.jpg 2048w, https:\/\/ifeelonline.com\/es\/wp-content\/uploads\/2017\/06\/rainbow-flag-300x200.jpg 300w, https:\/\/ifeelonline.com\/es\/wp-content\/uploads\/2017\/06\/rainbow-flag-768x512.jpg 768w, https:\/\/ifeelonline.com\/es\/wp-content\/uploads\/2017\/06\/rainbow-flag-1024x683.jpg 1024w\" sizes=\"auto, (max-width: 2048px) 100vw, 2048px\" \/><\/p>\n<p>Quiz\u00e1 has notado que <strong>llevamos varios d\u00edas calentando motores<\/strong>. Sin embargo, aunque hay actos durante todo el mes de junio, el d\u00eda clave es el 28. Pero, \u00bfpor qu\u00e9 esa fecha?<\/p>\n<p><span style=\"font-weight: 400\">Para explicarlo tenemos que hacer <strong>un largo viaje en el tiempo<\/strong>. Es un viaje bonito, \u00a1nos vamos al Nueva York veraniego de finales de los sesenta! Fue all\u00ed, el 28 de junio de 1969 y d\u00edas posteriores, donde tuvo lugar la conocida revuelta de <strong>Stonewall<\/strong>: numerosos miembros de la comunidad LGTB neoyorkina se revelaron\u00a0contra las redadas que la polic\u00eda acostumbraba a hacer en los locales del <strong>Greenwich Village<\/strong>, por ejemplo en el c\u00e9lebre Stonewall Inn, donde estas personas sol\u00edan hacer <strong>vida nocturna y diurna<\/strong>. Aquel barrio ya era muy\u00a0<\/span><i><span style=\"font-weight: 400\">underground<\/span><\/i><span style=\"font-weight: 400\">\u00a0 para lo que se acostumbraba entonces y este <strong>acoso institucional<\/strong> era bastante sistem\u00e1tico, ya que en aquella \u00e9poca todo lo relacionado con las personas no heterosexuales segu\u00eda consider\u00e1ndose <strong>delictivo y enfermizo<\/strong>. De hecho, piensa que si en 2017 muchas personas siguen pensando que la homosexualidad tiene algo (o mucho) de trastorno mental, \u00a1imagina lo que pensaba la gente hace 50 a\u00f1os! Aun as\u00ed, <strong>la rebeld\u00eda que aquellos pioneros<\/strong> mostraron ante la represi\u00f3n dio lugar a varios d\u00edas de disturbios callejeros que hoy son considerados como el inicio del moderno movimiento social por los<strong>\u00a0 derechos de las personas LGTB<\/strong>.<\/span><\/p>\n<p><img loading=\"lazy\" decoding=\"async\" class=\"aligncenter size-full wp-image-2235\" src=\"https:\/\/digitalmind.wpengine.com\/wp-content\/uploads\/2017\/06\/new-york-rainbow.jpg\" alt=\"\" width=\"2048\" height=\"1485\" srcset=\"https:\/\/ifeelonline.com\/es\/wp-content\/uploads\/2017\/06\/new-york-rainbow.jpg 2048w, https:\/\/ifeelonline.com\/es\/wp-content\/uploads\/2017\/06\/new-york-rainbow-300x218.jpg 300w, https:\/\/ifeelonline.com\/es\/wp-content\/uploads\/2017\/06\/new-york-rainbow-768x557.jpg 768w, https:\/\/ifeelonline.com\/es\/wp-content\/uploads\/2017\/06\/new-york-rainbow-1024x743.jpg 1024w\" sizes=\"auto, (max-width: 2048px) 100vw, 2048px\" \/><\/p>\n<p>Estos derechos no solo deben alcanzarse sino <strong>defenderse d\u00eda a d\u00eda<\/strong>, tanto en aquellos pa\u00edses que los reconocen como, sobre todo, en solidaridad activa con quienes viven en comunidades\u00a0mucho m\u00e1s restrictivas. Una manera de hacerlo es visibilizarse y sentirse acogidos por la sociedad en su conjunto, y qu\u00e9 mejor manera para hacerlo que con la celebraci\u00f3n del Orgullo. Por eso, esta fiesta <strong>sigue siendo tan necesaria como en 1969<\/strong>. Se trata de expresar p\u00fablicamente que lo que durante siglos se consider\u00f3 pecaminoso, delictivo y patol\u00f3gico hoy es merecedor de toda dignidad. Por eso no existe un Orgullo Heterosexual: las personas heterosexuales no tienen ni han tenido nunca <strong>problemas al\u00a0hacerse visibles<\/strong>, en realidad lo han hecho siempre con total naturalidad y sin que se las haya clasificado como enfermas mentales.<\/p>\n<p>Este viaje por la historia y la psicolog\u00eda no acaba aqu\u00ed. Si en alg\u00fan punto del camino ves que te tropiezas con un color, con una redada, con una etiqueta, podemos ayudarte a reconducir la trayectoria hacia donde t\u00fa quieras llevarla y siempre que sea para tu bienestar. Somos profesionales y te acompa\u00f1aremos en ese camino.<\/p>\n\n    <div class=\"xs_social_share_widget xs_share_url after_content \t\tmain_content  wslu-style-1 wslu-share-box-shaped wslu-fill-colored wslu-none wslu-share-horizontal wslu-theme-font-no wslu-main_content\">\n\n\t\t\n        <ul>\n\t\t\t        <\/ul>\n    <\/div> \n","protected":false},"excerpt":{"rendered":"<p>La sexualidad humana es diversa y, aunque lo que m\u00e1s abunda en ella es la heterosexualidad, lo cierto es que la madre naturaleza ha previsto muchas variaciones en este campo (y no solo con la especie humana,<\/p>\n","protected":false},"author":8,"featured_media":2236,"comment_status":"closed","ping_status":"open","sticky":false,"template":"","format":"standard","meta":{"content-type":"","postBodyCss":"","postBodyMargin":[],"postBodyPadding":[],"postBodyBackground":{"backgroundType":"classic","gradient":""},"footnotes":""},"categories":[486],"tags":[157,94,344,77],"class_list":["post-2230","post","type-post","status-publish","format-standard","has-post-thumbnail","hentry","category-desarrollo-personal","tag-amor","tag-bienestar-emocional","tag-otro","tag-salud-emocional"],"_links":{"self":[{"href":"https:\/\/ifeelonline.com\/es\/wp-json\/wp\/v2\/posts\/2230","targetHints":{"allow":["GET"]}}],"collection":[{"href":"https:\/\/ifeelonline.com\/es\/wp-json\/wp\/v2\/posts"}],"about":[{"href":"https:\/\/ifeelonline.com\/es\/wp-json\/wp\/v2\/types\/post"}],"author":[{"embeddable":true,"href":"https:\/\/ifeelonline.com\/es\/wp-json\/wp\/v2\/users\/8"}],"replies":[{"embeddable":true,"href":"https:\/\/ifeelonline.com\/es\/wp-json\/wp\/v2\/comments?post=2230"}],"version-history":[{"count":0,"href":"https:\/\/ifeelonline.com\/es\/wp-json\/wp\/v2\/posts\/2230\/revisions"}],"wp:featuredmedia":[{"embeddable":true,"href":"https:\/\/ifeelonline.com\/es\/wp-json\/wp\/v2\/media\/2236"}],"wp:attachment":[{"href":"https:\/\/ifeelonline.com\/es\/wp-json\/wp\/v2\/media?parent=2230"}],"wp:term":[{"taxonomy":"category","embeddable":true,"href":"https:\/\/ifeelonline.com\/es\/wp-json\/wp\/v2\/categories?post=2230"},{"taxonomy":"post_tag","embeddable":true,"href":"https:\/\/ifeelonline.com\/es\/wp-json\/wp\/v2\/tags?post=2230"}],"curies":[{"name":"wp","href":"https:\/\/api.w.org\/{rel}","templated":true}]}}