{"id":2075,"date":"2017-04-24T12:12:35","date_gmt":"2017-04-24T11:12:35","guid":{"rendered":"http:\/\/digitalmind.wpengine.com\/?p=2075"},"modified":"2021-08-23T14:33:30","modified_gmt":"2021-08-23T13:33:30","slug":"mindfulness-basico-reducir-la-ansiedad","status":"publish","type":"post","link":"https:\/\/ifeelonline.com\/es\/terapias-ifeel\/ansiedad\/mindfulness-basico-reducir-la-ansiedad\/","title":{"rendered":"Mindfulness b\u00e1sico para reducir la ansiedad"},"content":{"rendered":"<p>Cuando sentimos <strong>ansiedad<\/strong>, muchas veces no sabemos a qu\u00e9 se debe ese estado de inquietud, activaci\u00f3n o nerviosismo que se nos pega al cuerpo y a la mente y nos hace ir por la vida m\u00e1s acelerados y preocupados de lo necesario. Para suavizarlo es importante practicar t\u00e9cnicas de <strong>respiraci\u00f3n profunda<\/strong>, muy \u00fatiles para aflojar los nudos que se nos hacen en el est\u00f3mago y el pecho y que llegan a ser mucho m\u00e1s enrevesados que los que hacen los marineros. De hecho, en muchas de nuestras <a href=\"https:\/\/digitalmind.wpengine.com\/terapia-ansiedad\/\" target=\"_blank\" rel=\"noopener\">terapias de ansiedad<\/a> las recomendamos como algo b\u00e1sico dentro de nuestro propio control.<\/p>\n<p>Otro m\u00e9todo bastante eficaz para regularnos mejor es meditar. A trav\u00e9s de la <strong>meditaci\u00f3n<\/strong> entrenamos algo a lo que nuestro ritmo habitual nos tiene desacostumbrados: hacer <strong>solo una cosa cada vez<\/strong> y con nuestros sentidos puestos en eso que estamos haciendo, consider\u00e1ndolo lo m\u00e1s importante que tenemos que hacer en ese preciso instante. Sin m\u00e1s prisas de la cuenta, <strong>sin querer huir de ellos<\/strong> a la primera de cambio.<\/p>\n<p>A menudo asociamos ansiedad con <strong>malestar<\/strong>. Cuando eso sucede, lo primero que queremos hacer es eliminar esa sensaci\u00f3n a toda costa, taponarla, borrarla y, a ser posible, conseguir que nunca jam\u00e1s vuelva a visitarnos. Este impulso es muy humano, pero es poco realista: el malestar psicol\u00f3gico forma parte natural de la vida y, por mucho que lo tratemos a patadas para <strong>echarlo de nuestra mente<\/strong> y de nuestro cuerpo, tarde o temprano va a regresar.<\/p>\n<p>Por eso, algunas de las caracter\u00edsticas b\u00e1sicas de la pr\u00e1ctica de <strong>mindfulness<\/strong>, es decir, de la meditaci\u00f3n, nos pueden ser \u00fatiles para relacionarnos de una manera m\u00e1s sana con nuestra ansiedad.<\/p>\n<p><img loading=\"lazy\" decoding=\"async\" class=\"aligncenter size-full wp-image-2076\" src=\"http:\/\/digitalmind.wpengine.com\/wp-content\/uploads\/2017\/04\/nubes-cielo.jpg\" alt=\"\" width=\"3000\" height=\"1995\" srcset=\"https:\/\/ifeelonline.com\/es\/wp-content\/uploads\/2017\/04\/nubes-cielo.jpg 2048w, https:\/\/ifeelonline.com\/es\/wp-content\/uploads\/2017\/04\/nubes-cielo-300x200.jpg 300w, https:\/\/ifeelonline.com\/es\/wp-content\/uploads\/2017\/04\/nubes-cielo-768x511.jpg 768w, https:\/\/ifeelonline.com\/es\/wp-content\/uploads\/2017\/04\/nubes-cielo-1024x681.jpg 1024w, https:\/\/ifeelonline.com\/es\/wp-content\/uploads\/2017\/04\/nubes-cielo-150x100.jpg 150w, https:\/\/ifeelonline.com\/es\/wp-content\/uploads\/2017\/04\/nubes-cielo-330x219.jpg 330w, https:\/\/ifeelonline.com\/es\/wp-content\/uploads\/2017\/04\/nubes-cielo-900x600.jpg 900w, https:\/\/ifeelonline.com\/es\/wp-content\/uploads\/2017\/04\/nubes-cielo-736x490.jpg 736w, https:\/\/ifeelonline.com\/es\/wp-content\/uploads\/2017\/04\/nubes-cielo-1920x1277.jpg 1920w, https:\/\/ifeelonline.com\/es\/wp-content\/uploads\/2017\/04\/nubes-cielo-623x414.jpg 623w, https:\/\/ifeelonline.com\/es\/wp-content\/uploads\/2017\/04\/nubes-cielo-1280x851.jpg 1280w, https:\/\/ifeelonline.com\/es\/wp-content\/uploads\/2017\/04\/nubes-cielo-414x275.jpg 414w\" sizes=\"auto, (max-width: 3000px) 100vw, 3000px\" \/><\/p>\n<p><strong>Para un momento<\/strong>. No puedes darte cuenta de tus sensaciones, pensamientos y emociones si no paras. Solo puedes cambiar algo si te das cuenta de ello, pero te ser\u00e1 dif\u00edcil hacerlo si te pasas la vida corriendo, tapando o huyendo.<\/p>\n<p><strong>Con\u00e9ctate con tu respiraci\u00f3n<\/strong>. Si est\u00e1s sintiendo ansiedad sobre todo a trav\u00e9s de sensaciones f\u00edsicas, puedes utilizar tu cuerpo como herramienta para tranquilizarte. Pon tu atenci\u00f3n suavemente en tu respiraci\u00f3n y sigue haci\u00e9ndolo aunque te distraigas de vez en cuando. Te ayudar\u00e1 a bajar un poco el exceso de activaci\u00f3n.<\/p>\n<p><strong>Tolera tu malestar<\/strong>. No intentes echar a patadas de tu interior a todos los pensamientos y sensaciones desagradables que te atraviesan. No es por nada, pero&#8230; \u00a1no es una manera muy amable de tratarte a ti mismo!<\/p>\n<p><strong>Revisa la gravedad del asunto<\/strong>. \u00bfHas visto c\u00f3mo las nubes se van moviendo por el cielo en los d\u00edas de viento? Puedes considerar as\u00ed lo que te ocurre y pensar que muchas de las cosas que nos preocupan en nuestro d\u00eda a d\u00eda no han estado ah\u00ed siempre y acabar\u00e1n y\u00e9ndose tarde o temprano. Es importante aprender a dar a cada cosa solo la importancia que tiene, ni m\u00e1s ni menos, para dejar que sigan su camino y que nosotros podamos seguir con el nuestro sin sobrecargarnos.<\/p>\n\n    <div class=\"xs_social_share_widget xs_share_url after_content \t\tmain_content  wslu-style-1 wslu-share-box-shaped wslu-fill-colored wslu-none wslu-share-horizontal wslu-theme-font-no wslu-main_content\">\n\n\t\t\n        <ul>\n\t\t\t        <\/ul>\n    <\/div> \n","protected":false},"excerpt":{"rendered":"<p>Cuando sentimos ansiedad, muchas veces no sabemos a qu\u00e9 se debe ese estado de inquietud, activaci\u00f3n o nerviosismo que se nos pega al cuerpo y a la mente y nos hace ir por la vida m\u00e1s acelerados y preocupados de lo necesario. Para suavizarlo es importante practicar t\u00e9cnicas de respiraci\u00f3n profunda, muy \u00fatiles para aflojar [&hellip;]<\/p>\n","protected":false},"author":8,"featured_media":2077,"comment_status":"closed","ping_status":"open","sticky":false,"template":"","format":"standard","meta":{"content-type":"","postBodyCss":"","postBodyMargin":[],"postBodyPadding":[],"postBodyBackground":{"backgroundType":"classic","gradient":""},"footnotes":""},"categories":[55,87,486],"tags":[56,94,95],"class_list":["post-2075","post","type-post","status-publish","format-standard","has-post-thumbnail","hentry","category-ansiedad","category-depresion","category-desarrollo-personal","tag-ansiedad","tag-bienestar-emocional","tag-calidad-de-vida"],"_links":{"self":[{"href":"https:\/\/ifeelonline.com\/es\/wp-json\/wp\/v2\/posts\/2075","targetHints":{"allow":["GET"]}}],"collection":[{"href":"https:\/\/ifeelonline.com\/es\/wp-json\/wp\/v2\/posts"}],"about":[{"href":"https:\/\/ifeelonline.com\/es\/wp-json\/wp\/v2\/types\/post"}],"author":[{"embeddable":true,"href":"https:\/\/ifeelonline.com\/es\/wp-json\/wp\/v2\/users\/8"}],"replies":[{"embeddable":true,"href":"https:\/\/ifeelonline.com\/es\/wp-json\/wp\/v2\/comments?post=2075"}],"version-history":[{"count":0,"href":"https:\/\/ifeelonline.com\/es\/wp-json\/wp\/v2\/posts\/2075\/revisions"}],"wp:featuredmedia":[{"embeddable":true,"href":"https:\/\/ifeelonline.com\/es\/wp-json\/wp\/v2\/media\/2077"}],"wp:attachment":[{"href":"https:\/\/ifeelonline.com\/es\/wp-json\/wp\/v2\/media?parent=2075"}],"wp:term":[{"taxonomy":"category","embeddable":true,"href":"https:\/\/ifeelonline.com\/es\/wp-json\/wp\/v2\/categories?post=2075"},{"taxonomy":"post_tag","embeddable":true,"href":"https:\/\/ifeelonline.com\/es\/wp-json\/wp\/v2\/tags?post=2075"}],"curies":[{"name":"wp","href":"https:\/\/api.w.org\/{rel}","templated":true}]}}