{"id":16830,"date":"2025-12-11T15:09:44","date_gmt":"2025-12-11T14:09:44","guid":{"rendered":"https:\/\/ifeelonline.com\/es\/?p=16830"},"modified":"2025-12-11T15:09:44","modified_gmt":"2025-12-11T14:09:44","slug":"soledad-en-rr-hh","status":"publish","type":"post","link":"https:\/\/ifeelonline.com\/es\/salud-laboral\/soledad-en-rr-hh\/","title":{"rendered":"Soledad en RR. HH.: el precio invisible de cuidar de todos"},"content":{"rendered":"<div id=\"ez-toc-container\" class=\"ez-toc-v2_0_81 counter-hierarchy ez-toc-counter ez-toc-custom ez-toc-container-direction\">\n<div class=\"ez-toc-title-container\">\n<p class=\"ez-toc-title\" style=\"cursor:inherit\">Contenidos<\/p>\n<span class=\"ez-toc-title-toggle\"><a href=\"#\" class=\"ez-toc-pull-right ez-toc-btn ez-toc-btn-xs ez-toc-btn-default ez-toc-toggle\" aria-label=\"Toggle Table of Content\"><span class=\"ez-toc-js-icon-con\"><span class=\"\"><span class=\"eztoc-hide\" style=\"display:none;\">Toggle<\/span><span class=\"ez-toc-icon-toggle-span\"><svg style=\"fill: #51607e;color:#51607e\" xmlns=\"http:\/\/www.w3.org\/2000\/svg\" class=\"list-377408\" width=\"20px\" height=\"20px\" viewBox=\"0 0 24 24\" fill=\"none\"><path d=\"M6 6H4v2h2V6zm14 0H8v2h12V6zM4 11h2v2H4v-2zm16 0H8v2h12v-2zM4 16h2v2H4v-2zm16 0H8v2h12v-2z\" fill=\"currentColor\"><\/path><\/svg><svg style=\"fill: #51607e;color:#51607e\" class=\"arrow-unsorted-368013\" xmlns=\"http:\/\/www.w3.org\/2000\/svg\" width=\"10px\" height=\"10px\" viewBox=\"0 0 24 24\" version=\"1.2\" baseProfile=\"tiny\"><path d=\"M18.2 9.3l-6.2-6.3-6.2 6.3c-.2.2-.3.4-.3.7s.1.5.3.7c.2.2.4.3.7.3h11c.3 0 .5-.1.7-.3.2-.2.3-.5.3-.7s-.1-.5-.3-.7zM5.8 14.7l6.2 6.3 6.2-6.3c.2-.2.3-.5.3-.7s-.1-.5-.3-.7c-.2-.2-.4-.3-.7-.3h-11c-.3 0-.5.1-.7.3-.2.2-.3.5-.3.7s.1.5.3.7z\"\/><\/svg><\/span><\/span><\/span><\/a><\/span><\/div>\n<nav><ul class='ez-toc-list ez-toc-list-level-1 eztoc-toggle-hide-by-default' ><li class='ez-toc-page-1 ez-toc-heading-level-2'><a class=\"ez-toc-link ez-toc-heading-1\" href=\"https:\/\/ifeelonline.com\/es\/salud-laboral\/soledad-en-rr-hh\/#El_lado_invisible_del_trabajo_en_RR_HH\" >El lado invisible del trabajo en RR. HH.<\/a><\/li><li class='ez-toc-page-1 ez-toc-heading-level-2'><a class=\"ez-toc-link ez-toc-heading-2\" href=\"https:\/\/ifeelonline.com\/es\/salud-laboral\/soledad-en-rr-hh\/#El_impacto_emocional_y_economico_de_la_soledad_en_RR_HH\" >El impacto emocional y econ\u00f3mico de la soledad en RR. HH.&nbsp;<\/a><\/li><li class='ez-toc-page-1 ez-toc-heading-level-2'><a class=\"ez-toc-link ez-toc-heading-3\" href=\"https:\/\/ifeelonline.com\/es\/salud-laboral\/soledad-en-rr-hh\/#Nota_para_lideres_%F0%9F%94%8E\" >Nota para l\u00edderes \ud83d\udd0e<\/a><\/li><li class='ez-toc-page-1 ez-toc-heading-level-2'><a class=\"ez-toc-link ez-toc-heading-4\" href=\"https:\/\/ifeelonline.com\/es\/salud-laboral\/soledad-en-rr-hh\/#ifeel_un_espacio_donde_RR%E2%80%AFHH_tambien_puede_ser_humano\" >ifeel: un espacio donde RR.\u202fHH. tambi\u00e9n puede ser humano<\/a><\/li><li class='ez-toc-page-1 ez-toc-heading-level-2'><a class=\"ez-toc-link ez-toc-heading-5\" href=\"https:\/\/ifeelonline.com\/es\/salud-laboral\/soledad-en-rr-hh\/#Explora_el_impacto_real_de_ifeel_a_traves_de_nuestros_casos_de_estudio\" >Explora el impacto real de ifeel a trav\u00e9s de nuestros casos de estudio<\/a><\/li><li class='ez-toc-page-1 ez-toc-heading-level-2'><a class=\"ez-toc-link ez-toc-heading-6\" href=\"https:\/\/ifeelonline.com\/es\/salud-laboral\/soledad-en-rr-hh\/#La_salud_mental_en_el_trabajo_uno_de_los_mayores_retos_de_las_organizaciones_empresariales_en_la_actualidad\" >La salud mental en el trabajo, uno de los mayores retos de las organizaciones empresariales en la actualidad<\/a><\/li><\/ul><\/nav><\/div>\n\n<p>Al hablar de <strong>soledad en RR. HH.<\/strong>, muchos podr\u00edan pensar: \u201c\u00bfc\u00f3mo es posible?\u201d. Despu\u00e9s de todo, cuando se trata de profesiones solitarias, pocos imaginar\u00edan que Recursos Humanos figura entre ellas, ya que este departamento est\u00e1, en teor\u00eda, dise\u00f1ado para conectar, escuchar, acompa\u00f1ar y velar por las personas. Sin embargo, para miles de profesionales del sector, la realidad es muy distinta.<\/p>\n\n\n\n<p><strong>Ser profesional de Recursos Humanos implica una enorme responsabilidad:<\/strong> cuidar el bienestar emocional, el desarrollo profesional y las relaciones laborales de toda una organizaci\u00f3n. Pero bajo esa vocaci\u00f3n de servicio late una verdad poco visible, aunque profundamente humana: <strong>la soledad en RR.\u202f HH.<\/strong><\/p>\n\n\n\n<p>Quienes trabajan en este \u00e1mbito cargan con decisiones dif\u00edciles, gestionan informaci\u00f3n confidencial, acompa\u00f1an despidos, median en conflictos y lideran programas de salud mental <strong>que rara vez incluyen su propio cuidado.<\/strong> Adem\u00e1s, su posici\u00f3n intermedia (ese rol de \u201cpuente\u201d entre los equipos y la direcci\u00f3n) los coloca en un lugar tan necesario como inc\u00f3modo: lo suficientemente <a href=\"https:\/\/ifeelonline.com\/es\/salud-laboral\/estrategia-personalizada-para-trabajadores-de-primera-linea\/\">cerca de todos,<\/a> pero sin pertenecer del todo a ninguno.<\/p>\n\n\n\n<p>Y as\u00ed, mientras el resto de la organizaci\u00f3n cuenta con su apoyo constante, ellos se preguntan en silencio: <strong>\u00bfqui\u00e9n cuida del bienestar de los profesionales de Recursos Humanos?<\/strong><\/p>\n\n\n\n<p>En este art\u00edculo exploramos por qu\u00e9 la soledad en RR. HH. se ha convertido en un fen\u00f3meno silencioso dentro de las empresas modernas, qu\u00e9 impacto tiene en su desempe\u00f1o y, sobre todo, <a href=\"https:\/\/ifeelonline.com\/es\/como-funciona\/\">c\u00f3mo soluciones como <strong>ifeel<\/strong> <\/a>pueden ofrecer a estos profesionales el acompa\u00f1amiento que necesitan para seguir cuidando de todos sin descuidarse a s\u00ed mismos.<\/p>\n\n\n\n<h2 class=\"wp-block-heading\"><span class=\"ez-toc-section\" id=\"El_lado_invisible_del_trabajo_en_RR_HH\"><\/span>El lado invisible del trabajo en RR. HH.<span class=\"ez-toc-section-end\"><\/span><\/h2>\n\n\n\n<p>En el imaginario corporativo, <strong>Recursos Humanos<\/strong> suele asociarse con un rol cercano, emp\u00e1tico y socialmente activo. Sin embargo, la realidad de muchos profesionales de RR.\u202fHH. es muy diferente. Poco se habla del riesgo de <strong>sentirse aislados<\/strong> o de experimentar lo que, con creciente frecuencia, se denomina <strong>la soledad en RR. HH<\/strong>.<\/p>\n\n\n\n<p>Estos profesionales son quienes <strong>deben escuchar sin poder desahogarse, mediar sin perder la neutralidad y empatizar sin implicarse m\u00e1s de lo necesario<\/strong>. Adem\u00e1s, cargan con la presi\u00f3n de contar con informaci\u00f3n confidencial sobre todos los niveles jer\u00e1rquicos: desde cuestiones salariales hasta problemas personales o de salud mental.<\/p>\n\n\n\n<p>Por eso, acciones aparentemente triviales (tomar un caf\u00e9 con un compa\u00f1ero o asistir al after-office del viernes) pueden convertirse en decisiones inc\u00f3modas: <em>\u201c\u00bfY si lo interpretan como favoritismo?\u201d \u201c\u00bfY si alg\u00fan d\u00eda debo tomar una medida disciplinaria contra esta persona?\u201d<\/em><br>Esa distancia profesional, necesaria para mantener la objetividad, termina <strong>por convertirse en una barrera social y emocional<\/strong>. Invisible, pero pesada.<\/p>\n\n\n\n<p>Es as\u00ed como la <strong>soledad en RR. HH. <\/strong>puede adoptar muchas formas:<\/p>\n\n\n\n<ul class=\"wp-block-list\">\n<li>La confidencialidad constante impide compartir preocupaciones con otros colegas.<\/li>\n\n\n\n<li>La percepci\u00f3n de que \u201cRR. HH. pertenece a la direcci\u00f3n\u201d genera distancia con el resto del equipo.<\/li>\n\n\n\n<li>El temor a parecer parcial evita construir amistades genuinas dentro del entorno laboral.<\/li>\n\n\n\n<li>Y con frecuencia, los empleados asocian al \u00e1rea de RR.\u202fHH. con sanciones, despidos o conflictos, y no con apoyo emocional.<\/li>\n<\/ul>\n\n\n\n<p>De esta forma, la soledad no siempre proviene del entorno: a menudo <strong>nace del exceso de responsabilidad emocional<\/strong>. Recursos Humanos est\u00e1 ah\u00ed para sostener a todos, pero pocas veces alguien se detiene a preguntar: <strong>\u00bfqui\u00e9n sostiene a quienes sostienen?<\/strong><\/p>\n\n\n\n<h3 class=\"wp-block-heading\">Las causas de la soledad en RR. HH.<\/h3>\n\n\n\n<p>La <em>soledad en RR. HH.<\/em> no es fruto de la casualidad, sino de la estructura misma del rol. Estos son algunos de los factores m\u00e1s comunes:<\/p>\n\n\n\n<figure class=\"wp-block-table\"><table class=\"has-fixed-layout\"><tbody><tr><td colspan=\"3\"><strong>Las causas estructurales de la soledad en RR. HH.<\/strong><\/td><\/tr><tr><td><strong>Causa<\/strong><\/td><td><strong>Descripci\u00f3n<\/strong><\/td><td><strong>Efecto en la salud mental<\/strong><\/td><\/tr><tr><td><strong>Confidencialidad constante<\/strong><\/td><td>El profesional de RR. HH. cuenta con informaci\u00f3n sensible que le impide compartir experiencias o preocupaciones.<\/td><td>Aislamiento emocional y agotamiento.<\/td><\/tr><tr><td><strong>Identificaci\u00f3n con la direcci\u00f3n<\/strong><\/td><td>Los empleados suelen ver a RR. HH. como \u201cparte del management\u201d, no como aliados.<\/td><td>Desconfianza o distancia social.<\/td><\/tr><tr><td><strong>Toma de decisiones impopulares<\/strong><\/td><td>Despidos, evaluaciones o sanciones derivan en percepciones negativas del \u00e1rea.<\/td><td>Autoaislamiento y culpa profesional.<\/td><\/tr><tr><td><strong>Falta de red de apoyo<\/strong><\/td><td>Pocos espacios para hablar de las cargas emocionales espec\u00edficas del rol.<\/td><td>Sensaci\u00f3n de incomprensi\u00f3n.<\/td><\/tr><\/tbody><\/table><\/figure>\n\n\n\n<h2 class=\"wp-block-heading\"><span class=\"ez-toc-section\" id=\"El_impacto_emocional_y_economico_de_la_soledad_en_RR_HH\"><\/span><strong>El impacto emocional y econ\u00f3mico de la soledad en RR. HH.&nbsp;<\/strong><span class=\"ez-toc-section-end\"><\/span><\/h2>\n\n\n\n<p>La <a href=\"https:\/\/www.who.int\/es\/news-room\/fact-sheets\/detail\/mental-health-at-work\" target=\"_blank\" rel=\"noreferrer noopener\">OMS<\/a> estima que los problemas de salud mental en el entorno laboral provocan<strong> m\u00e1s de 1\u202fbill\u00f3n de d\u00f3lares en p\u00e9rdidas de productividad cada a\u00f1o a nivel global. <\/strong>Y en este caso, <strong>\u00a0<\/strong>la soledad en RR. HH. no afecta \u00fanicamente a las personas que la padecen; su impacto se extiende a toda la organizaci\u00f3n.<strong>\u00a0<\/strong><\/p>\n\n\n\n<p>Cuando el equipo de Recursos Humanos (quienes se encargan de cuidar el bienestar emocional de todos) no est\u00e1 equilibrado psicol\u00f3gicamente, ese riesgo se amplifica en cascada por toda la empresa. Es decir, cuando los profesionales que sostienen a los dem\u00e1s se sienten agotados, las <strong>consecuencias pueden ser tan silenciosas como graves<\/strong>:<\/p>\n\n\n\n<ul class=\"wp-block-list\">\n<li>Mayor rotaci\u00f3n dentro del propio departamento de RR.\u202fHH.<\/li>\n\n\n\n<li>P\u00e9rdida de motivaci\u00f3n y reducci\u00f3n de la empat\u00eda genuina en las interacciones con empleados.<\/li>\n\n\n\n<li>Toma de decisiones menos humanas en procesos cr\u00edticos (selecci\u00f3n, despidos, desarrollo).<\/li>\n\n\n\n<li><strong>Incremento de los costes <\/strong>por absentismo, presentismo y baja satisfacci\u00f3n interna.<\/li>\n\n\n\n<li>Deterioro en la gesti\u00f3n del talento y en los programas de bienestar.<\/li>\n\n\n\n<li>Obst\u00e1culos para construir culturas s\u00f3lidas, inclusivas y coherentes.<\/li>\n\n\n\n<li>Erosi\u00f3n progresiva de la confianza entre RR.\u202fHH. y la plantilla.<\/li>\n<\/ul>\n\n\n\n<p>De esta manera, reducir la soledad en RR. HH. no es solo un gesto de empat\u00eda y \u00e9tica, sino que tambi\u00e9n representa una inversi\u00f3n estrat\u00e9gica.&nbsp;<\/p>\n\n\n\n<p>Y es precisamente aqu\u00ed donde<strong> <a href=\"https:\/\/ifeelonline.com\/es\/implementacion\/\">ifeel se convierte en un aliado clave:<\/a> <\/strong>una soluci\u00f3n integral que ayuda a restablecer el equilibrio emocional de los equipos de Recursos Humanos y a proteger uno de los activos m\u00e1s sensibles y valiosos de cualquier organizaci\u00f3n, es decir, las personas que cuidan de las personas.<\/p>\n\n\n\n<h3 class=\"wp-block-heading\">El poder del dato: visibilizar la soledad profesional<\/h3>\n\n\n\n<p>Durante d\u00e9cadas, RR.\u202fHH. ha operado con una gran carga de intuici\u00f3n. Hoy, gracias al an\u00e1lisis de datos, <strong>es posible transformar la empat\u00eda en informaci\u00f3n medible y accionable<\/strong>.<\/p>\n\n\n\n<p>Las soluciones de <strong>ifeel<\/strong> proporcionan a los profesionales y directivos <strong>indicadores cl\u00ednicos agregados y an\u00f3nimos<\/strong> que reflejan de forma continua los niveles de bienestar y riesgo emocional de toda la plantilla (incluidos ellos mismos).<\/p>\n\n\n\n<p>Estos datos no se utilizan para controlar, sino para <strong>prevenir<\/strong>: permiten activar programas de acompa\u00f1amiento, reorganizar la carga de trabajo o planificar talleres antes de que los problemas, como la soledad en RR. HH., escalen.<\/p>\n\n\n\n<p>Este sistema no solo mejora la salud emocional de los equipos, sino que tambi\u00e9n <strong>optimiza los recursos financieros<\/strong> y fortalece una cultura empresarial centrada en el autocuidado y la prevenci\u00f3n.<\/p>\n\n\n\n<div class=\"wp-block-group tu-clase-de-bloque has-background is-layout-constrained wp-block-group-is-layout-constrained\" style=\"background-color:#1b4291\">\n<h2 class=\"wp-block-heading has-text-color has-link-color wp-elements-1dcf58a6b6ce8a9bf09b2e2b930eceef\" style=\"color:#ffa593\"><span class=\"ez-toc-section\" id=\"Nota_para_lideres_%F0%9F%94%8E\"><\/span>Nota para l\u00edderes \ud83d\udd0e<span class=\"ez-toc-section-end\"><\/span><\/h2>\n\n\n\n<p class=\"has-white-color has-text-color has-link-color wp-elements-b0d0fd0ac44ecf9f8023a8488139532b\">Combatir la <strong>soledad en RR.\u202f HH.<\/strong> va m\u00e1s all\u00e1 del bienestar individual: <strong>reconfigura la cultura organizacional<\/strong>. Un departamento de Recursos Humanos emocionalmente equilibrado genera un efecto domin\u00f3 positivo en toda la empresa, impulsando pr\u00e1cticas m\u00e1s humanas, sostenibles y productivas.<\/p>\n\n\n\n<p class=\"has-white-color has-text-color has-link-color wp-elements-5b69eed5a81b088861a9eed7694b3b63\"><strong>ifeel<\/strong> acompa\u00f1a ese proceso desde un enfoque cl\u00ednico y organizacional integral. En definitiva, <strong>ifeel convierte el cuidado emocional de Recursos Humanos en una ventaja competitiva sostenible<\/strong>: una forma concreta y estrat\u00e9gica de reforzar la base humana sobre la que se construyen todas las empresas saludables.<\/p>\n<\/div>\n\n\n\n<h2 class=\"wp-block-heading\"><span class=\"ez-toc-section\" id=\"ifeel_un_espacio_donde_RR%E2%80%AFHH_tambien_puede_ser_humano\"><\/span>ifeel: un espacio donde RR.\u202fHH. tambi\u00e9n puede ser humano<span class=\"ez-toc-section-end\"><\/span><\/h2>\n\n\n\n<p><strong>ifeel<\/strong> es una soluci\u00f3n global de <a href=\"https:\/\/ifeelonline.com\/es\/salud-laboral\/tendencias-en-salud-mental-2026\/\">salud mental corporativa <\/a>dise\u00f1ada con un prop\u00f3sito claro: <strong>cuidar a quienes cuidan<\/strong>. Su enfoque <a href=\"https:\/\/ifeelonline.com\/es\/nuestro-departamento-de-investigacion-clinica\/\">combina rigor cl\u00ednico,<\/a> tecnolog\u00eda avanzada y sensibilidad humana para ofrecer a los profesionales de Recursos Humanos algo que rara vez encuentran en su entorno laboral: <strong>un espacio seguro, confidencial y libre de juicio<\/strong>.<\/p>\n\n\n\n<p>A trav\u00e9s de <strong>ifeel<\/strong>, los equipos de RR.\u202fHH. acceden a herramientas que abordan tanto el autocuidado individual como la gesti\u00f3n de las emociones a nivel de la organizaci\u00f3n:<\/p>\n\n\n\n<ul class=\"wp-block-list\">\n<li><strong>Soporte psicol\u00f3gico personalizado y confidencial<\/strong>, <a href=\"https:\/\/ifeelonline.com\/es\/salud-laboral\/psicologia-para-empresas\/soluciones-basadas-en-evidencia\/\">basado en la evidencia,<\/a> que est\u00e1 disponible las 24\u202fhoras del d\u00eda, los 7\u202fd\u00edas de la semana.<\/li>\n\n\n\n<li><strong>Evaluaci\u00f3n continua del bienestar y del riesgo emocional<\/strong>, a nivel individual y organizacional.<\/li>\n\n\n\n<li><strong><a href=\"https:\/\/ifeelonline.com\/es\/salud-laboral\/talleres-de-salud-mental-para-empresas\/\">Workshops <\/a>y programas psicoeducativos<\/strong>, centrados en liderazgo consciente, autocuidado y gesti\u00f3n del estr\u00e9s.<\/li>\n\n\n\n<li><strong><a href=\"https:\/\/ifeelonline.com\/es\/salud-laboral\/hr-dashboards\/\">Paneles de datos<\/a> cl\u00ednicos y financieros<\/strong>, que traducen el <a href=\"https:\/\/ifeelonline.com\/es\/salud-laboral\/bienestar-emocional-de-los-empleados\/\">bienestar emocional <\/a>en m\u00e9tricas tangibles y estrat\u00e9gicas para la empresa.<\/li>\n<\/ul>\n\n\n\n<p><a href=\"https:\/\/ifeelonline.com\/es\/nuestra-metodologia\/\">A trav\u00e9s de esta metodolog\u00eda,<\/a><strong> <\/strong>ifeel demuestra que cuidar la salud emocional de Recursos Humanos no solo es lo correcto, sino tambi\u00e9n <a href=\"https:\/\/ifeelonline.com\/es\/ebooks\/roi-soluciones-de-salud-mental-a-medida\/\">la decisi\u00f3n m\u00e1s rentable<\/a>. <strong>Pues, cada intervenci\u00f3n preventiva se traduce en una mejora directa del clima laboral, la productividad y la sostenibilidad cultural.<\/strong><\/p>\n\n\n\n<p><\/p>\n\n\n\n<h2 class=\"wp-block-heading\"><span class=\"ez-toc-section\" id=\"Explora_el_impacto_real_de_ifeel_a_traves_de_nuestros_casos_de_estudio\"><\/span>Explora el impacto real de ifeel a trav\u00e9s de nuestros casos de estudio<span class=\"ez-toc-section-end\"><\/span><\/h2>\n\n\n\n<p>Para conocer en profundidad c\u00f3mo ifeel ha transformado el bienestar mental en diferentes organizaciones y sectores, te invitamos a descargar el resto de <a href=\"https:\/\/ifeelonline.com\/es\/ebooks\/#casosdeexito\">nuestros casos de estudio<\/a>, que detallan experiencias reales, resultados cl\u00ednicos y financieros, y las estrategias personalizadas que hemos implementado para maximizar el impacto en la salud emocional y la productividad de los equipos.&nbsp;<\/p>\n\n\n\n<p>Descubre c\u00f3mo empresas l\u00edderes en sectores como <a href=\"https:\/\/ifeelonline.com\/es\/ebooks\/caso-de-estudio-salud-mental-en-el-sector-farmaceutico\/\"><strong>farmac\u00e9uticas<\/strong><\/a><strong>, <\/strong><a href=\"https:\/\/ifeelonline.com\/es\/ebooks\/caso-de-estudio-salud-mental-en-el-ambito-financiero\/\"><strong>finanzas<\/strong><\/a><strong>, <\/strong><a href=\"https:\/\/ifeelonline.com\/es\/salud-mental-en-la-industria-de-la-automocion-un-caso-de-estudio\/\"><strong>automoci\u00f3n<\/strong><\/a><strong>, <\/strong><a href=\"https:\/\/ifeelonline.com\/es\/ebooks\/la-solucion-definitiva-para-la-salud-mental-en-el-sector-retail\/\"><strong>retail<\/strong><\/a><strong>, <\/strong><a href=\"https:\/\/ifeelonline.com\/es\/ebooks\/transformando-la-salud-mental-en-la-industria-hotelera\/\"><strong>hosteler\u00eda<\/strong><\/a><strong>, tecnolog\u00eda y energ\u00eda<\/strong> han logrado reducir el absentismo, mejorar el compromiso y potenciar una cultura organizacional saludable gracias a nuestra soluci\u00f3n integral.&nbsp;<\/p>\n\n\n\n<p>No pierdas la oportunidad de inspirarte con estos ejemplos y llevar el bienestar mental a otro nivel en tu organizaci\u00f3n.<\/p>\n\n\n\n<h2 class=\"wp-block-heading\"><span class=\"ez-toc-section\" id=\"La_salud_mental_en_el_trabajo_uno_de_los_mayores_retos_de_las_organizaciones_empresariales_en_la_actualidad\"><\/span><strong>La salud mental en el trabajo, uno de los mayores retos de las organizaciones empresariales en la actualidad<\/strong><span class=\"ez-toc-section-end\"><\/span><\/h2>\n\n\n\n<p>La soledad en RR. HH<em>.<\/em> no deber\u00eda ser el precio de cuidar a los dem\u00e1s. Los profesionales de Recursos Humanos merecen el mismo nivel de acompa\u00f1amiento, empat\u00eda y apoyo que brindan cada d\u00eda. Consolidar redes de confianza, apoyarse en la comunidad profesional y adoptar soluciones basadas en bienestar mental, como <strong>ifeel<\/strong>, no solo mejora su salud emocional: <strong>fortalece el coraz\u00f3n cultural y productivo de toda organizaci\u00f3n<\/strong>.<\/p>\n\n\n\n<p>Transformar esta soledad en conexi\u00f3n es posible. Y empieza con una pregunta que todas las empresas deber\u00edan hacerse: \u201c<em>\u00bfQui\u00e9n est\u00e1 cuidando al equipo que se encarga de cuidar a todos los dem\u00e1s?\u201d<\/em><\/p>\n\n\n\n<p>Con <strong>ifeel<\/strong>, la soledad deja de ser parte del trabajo. <span style=\"box-sizing: border-box; margin: 0px; padding: 0px;\">Se convierte en una oportunidad para\u00a0<strong>reconectarse, cuidarse y liderar desde la empat\u00eda, co<\/strong><\/span><strong>n un impacto medible.<\/strong><\/p>\n\n\n\n<p><\/p>\n\n    <div class=\"xs_social_share_widget xs_share_url after_content \t\tmain_content  wslu-style-1 wslu-share-box-shaped wslu-fill-colored wslu-none wslu-share-horizontal wslu-theme-font-no wslu-main_content\">\n\n\t\t\n        <ul>\n\t\t\t        <\/ul>\n    <\/div> \n","protected":false},"excerpt":{"rendered":"<p>Al hablar de soledad en RR. HH., muchos podr\u00edan pensar: \u201c\u00bfc\u00f3mo es posible?\u201d. Despu\u00e9s de todo, cuando se trata de profesiones solitarias, pocos imaginar\u00edan que Recursos Humanos figura entre ellas, ya que este departamento est\u00e1, en teor\u00eda, dise\u00f1ado para conectar, escuchar, acompa\u00f1ar y velar por las personas. Sin embargo, para miles de profesionales del sector, [&hellip;]<\/p>\n","protected":false},"author":62,"featured_media":16831,"comment_status":"closed","ping_status":"open","sticky":false,"template":"","format":"standard","meta":{"content-type":"","postBodyCss":"","postBodyMargin":[],"postBodyPadding":[],"postBodyBackground":{"backgroundType":"classic","gradient":""},"footnotes":""},"categories":[311,470],"tags":[],"class_list":["post-16830","post","type-post","status-publish","format-standard","has-post-thumbnail","hentry","category-salud-laboral","category-recursos-humanos"],"_links":{"self":[{"href":"https:\/\/ifeelonline.com\/es\/wp-json\/wp\/v2\/posts\/16830","targetHints":{"allow":["GET"]}}],"collection":[{"href":"https:\/\/ifeelonline.com\/es\/wp-json\/wp\/v2\/posts"}],"about":[{"href":"https:\/\/ifeelonline.com\/es\/wp-json\/wp\/v2\/types\/post"}],"author":[{"embeddable":true,"href":"https:\/\/ifeelonline.com\/es\/wp-json\/wp\/v2\/users\/62"}],"replies":[{"embeddable":true,"href":"https:\/\/ifeelonline.com\/es\/wp-json\/wp\/v2\/comments?post=16830"}],"version-history":[{"count":0,"href":"https:\/\/ifeelonline.com\/es\/wp-json\/wp\/v2\/posts\/16830\/revisions"}],"wp:featuredmedia":[{"embeddable":true,"href":"https:\/\/ifeelonline.com\/es\/wp-json\/wp\/v2\/media\/16831"}],"wp:attachment":[{"href":"https:\/\/ifeelonline.com\/es\/wp-json\/wp\/v2\/media?parent=16830"}],"wp:term":[{"taxonomy":"category","embeddable":true,"href":"https:\/\/ifeelonline.com\/es\/wp-json\/wp\/v2\/categories?post=16830"},{"taxonomy":"post_tag","embeddable":true,"href":"https:\/\/ifeelonline.com\/es\/wp-json\/wp\/v2\/tags?post=16830"}],"curies":[{"name":"wp","href":"https:\/\/api.w.org\/{rel}","templated":true}]}}