{"id":15822,"date":"2025-06-20T10:13:45","date_gmt":"2025-06-20T09:13:45","guid":{"rendered":"https:\/\/ifeelonline.com\/?p=15822"},"modified":"2025-10-20T08:32:39","modified_gmt":"2025-10-20T07:32:39","slug":"como-hacer-de-la-salud-mental-parte-de-la-cultura-empresarial","status":"publish","type":"post","link":"https:\/\/ifeelonline.com\/es\/salud-laboral\/como-hacer-de-la-salud-mental-parte-de-la-cultura-empresarial\/","title":{"rendered":"\u00bfC\u00f3mo hacer de la salud mental parte de la cultura empresarial? 6 claves para grandes empresas"},"content":{"rendered":"<div id=\"ez-toc-container\" class=\"ez-toc-v2_0_81 counter-hierarchy ez-toc-counter ez-toc-custom ez-toc-container-direction\">\n<div class=\"ez-toc-title-container\">\n<p class=\"ez-toc-title\" style=\"cursor:inherit\">Contenidos<\/p>\n<span class=\"ez-toc-title-toggle\"><a href=\"#\" class=\"ez-toc-pull-right ez-toc-btn ez-toc-btn-xs ez-toc-btn-default ez-toc-toggle\" aria-label=\"Toggle Table of Content\"><span class=\"ez-toc-js-icon-con\"><span class=\"\"><span class=\"eztoc-hide\" style=\"display:none;\">Toggle<\/span><span class=\"ez-toc-icon-toggle-span\"><svg style=\"fill: #51607e;color:#51607e\" xmlns=\"http:\/\/www.w3.org\/2000\/svg\" class=\"list-377408\" width=\"20px\" height=\"20px\" viewBox=\"0 0 24 24\" fill=\"none\"><path d=\"M6 6H4v2h2V6zm14 0H8v2h12V6zM4 11h2v2H4v-2zm16 0H8v2h12v-2zM4 16h2v2H4v-2zm16 0H8v2h12v-2z\" fill=\"currentColor\"><\/path><\/svg><svg style=\"fill: #51607e;color:#51607e\" class=\"arrow-unsorted-368013\" xmlns=\"http:\/\/www.w3.org\/2000\/svg\" width=\"10px\" height=\"10px\" viewBox=\"0 0 24 24\" version=\"1.2\" baseProfile=\"tiny\"><path d=\"M18.2 9.3l-6.2-6.3-6.2 6.3c-.2.2-.3.4-.3.7s.1.5.3.7c.2.2.4.3.7.3h11c.3 0 .5-.1.7-.3.2-.2.3-.5.3-.7s-.1-.5-.3-.7zM5.8 14.7l6.2 6.3 6.2-6.3c.2-.2.3-.5.3-.7s-.1-.5-.3-.7c-.2-.2-.4-.3-.7-.3h-11c-.3 0-.5.1-.7.3-.2.2-.3.5-.3.7s.1.5.3.7z\"\/><\/svg><\/span><\/span><\/span><\/a><\/span><\/div>\n<nav><ul class='ez-toc-list ez-toc-list-level-1 eztoc-toggle-hide-by-default' ><li class='ez-toc-page-1 ez-toc-heading-level-2'><a class=\"ez-toc-link ez-toc-heading-1\" href=\"https:\/\/ifeelonline.com\/es\/salud-laboral\/como-hacer-de-la-salud-mental-parte-de-la-cultura-empresarial\/#El_cambio_de_paradigma_De_la_reaccion_a_la_prevencion\" >El cambio de paradigma: De la reacci\u00f3n a la prevenci\u00f3n<\/a><\/li><li class='ez-toc-page-1 ez-toc-heading-level-2'><a class=\"ez-toc-link ez-toc-heading-2\" href=\"https:\/\/ifeelonline.com\/es\/salud-laboral\/como-hacer-de-la-salud-mental-parte-de-la-cultura-empresarial\/#Nota_para_lideres_%F0%9F%94%8E\" >Nota para l\u00edderes \ud83d\udd0e<\/a><\/li><li class='ez-toc-page-1 ez-toc-heading-level-2'><a class=\"ez-toc-link ez-toc-heading-3\" href=\"https:\/\/ifeelonline.com\/es\/salud-laboral\/como-hacer-de-la-salud-mental-parte-de-la-cultura-empresarial\/#%C2%BFComo_hacer_de_la_salud_mental_parte_de_la_cultura_empresarial\" >\u00bfC\u00f3mo hacer de la salud mental parte de la cultura empresarial?<\/a><\/li><li class='ez-toc-page-1 ez-toc-heading-level-2'><a class=\"ez-toc-link ez-toc-heading-4\" href=\"https:\/\/ifeelonline.com\/es\/salud-laboral\/como-hacer-de-la-salud-mental-parte-de-la-cultura-empresarial\/#El_papel_de_ifeel_en_la_transformacion_cultural\" >El papel de ifeel en la transformaci\u00f3n cultural<\/a><\/li><li class='ez-toc-page-1 ez-toc-heading-level-2'><a class=\"ez-toc-link ez-toc-heading-5\" href=\"https:\/\/ifeelonline.com\/es\/salud-laboral\/como-hacer-de-la-salud-mental-parte-de-la-cultura-empresarial\/#Explora_el_impacto_real_de_ifeel_a_traves_de_nuestros_casos_de_estudio\" >Explora el impacto real de ifeel a trav\u00e9s de nuestros casos de estudio<\/a><\/li><li class='ez-toc-page-1 ez-toc-heading-level-2'><a class=\"ez-toc-link ez-toc-heading-6\" href=\"https:\/\/ifeelonline.com\/es\/salud-laboral\/como-hacer-de-la-salud-mental-parte-de-la-cultura-empresarial\/#La_salud_mental_en_el_trabajo_uno_de_los_mayores_retos_de_las_organizaciones_empresariales_en_la_actualidad\" >La salud mental en el trabajo, uno de los mayores retos de las organizaciones empresariales en la actualidad<\/a><\/li><\/ul><\/nav><\/div>\n\n<p>Tras la pandemia, muchas empresas se dieron cuenta de que su cultura corporativa, hasta entonces considerada la norma, ya no respond\u00eda a las necesidades de una sociedad moderna. Largas jornadas laborales, presi\u00f3n constante, la obligatoriedad de la presencialidad y otras pr\u00e1cticas tradicionales <strong>no solo dejaron de ser sin\u00f3nimo de <a href=\"https:\/\/ifeelonline.com\/salud-laboral\/como-mejorar-la-productividad-laboral\/\">productividad<\/a>,<\/strong> sino que tambi\u00e9n incrementaron el estr\u00e9s y dificultaron el equilibrio entre la vida personal y profesional de los empleados.<\/p>\n\n\n\n<p>Ante este panorama, las organizaciones comenzaron a plantearse una pregunta clave: <strong>\u00bfc\u00f3mo hacer de la salud mental parte de la <a href=\"https:\/\/ifeelonline.com\/salud-laboral\/estrategias-para-implementar-una-cultura-organizacional-positiva\/\">cultura empresarial<\/a>?<\/strong> Este cambio de enfoque no solo responde a la creciente necesidad de los empleados de sentirse respaldados, sino que tambi\u00e9n trae consigo beneficios concretos para las empresas, como la reducci\u00f3n de costes por absentismo, el aumento de la productividad y una mayor retenci\u00f3n del talento.<\/p>\n\n\n\n<p>Sin embargo, integrar la salud mental en el ADN corporativo no es un proceso inmediato. Requiere un enfoque estrat\u00e9gico, sostenido y alineado con los objetivos de la organizaci\u00f3n. En este art\u00edculo, analizaremos c\u00f3mo las empresas pueden dar este paso transformador y c\u00f3mo <a href=\"https:\/\/ifeelonline.com\/es\/como-funciona\/\">soluciones innovadoras como las de ifeel<\/a> pueden <strong>convertirse en el aliado ideal para convertir la salud mental en un pilar fundamental de la cultura organizacional.<\/strong><\/p>\n\n\n\n<h2 class=\"wp-block-heading\"><span class=\"ez-toc-section\" id=\"El_cambio_de_paradigma_De_la_reaccion_a_la_prevencion\"><\/span><strong>El cambio de paradigma: De la reacci\u00f3n a la prevenci\u00f3n<\/strong><span class=\"ez-toc-section-end\"><\/span><\/h2>\n\n\n\n<p>Durante a\u00f1os, muchas empresas han abordado los problemas de salud mental de manera reactiva, interviniendo solo cuando los empleados ya enfrentaban crisis significativas. Sin embargo, este enfoque es insostenible a largo plazo. Seg\u00fan la <a href=\"https:\/\/www.who.int\/es\/news-room\/fact-sheets\/detail\/mental-health-at-work\" target=\"_blank\" rel=\"noreferrer noopener\">Organizaci\u00f3n Mundial de la Salud (OMS),<\/a> los problemas de salud mental cuestan a la econom\u00eda global m\u00e1s de <strong>1 bill\u00f3n de d\u00f3lares al a\u00f1o<\/strong> debido a la p\u00e9rdida de productividad.<\/p>\n\n\n\n<p>Para revertir esta tendencia, es fundamental adoptar un enfoque preventivo que permita a las empresas <strong>anticiparse a los problemas antes de que se conviertan en crisis.<\/strong> Esto implica no solo ofrecer recursos accesibles, sino tambi\u00e9n crear un entorno donde la salud mental sea una prioridad diaria. Como se\u00f1ala <a href=\"https:\/\/ifeelonline.com\/entrevistas-ifeel-2024\/entrevista-lisa-porres-spotahome\/\"><strong>Lisa Porres<\/strong>, Chief People Officer de <strong>Spotahome<\/strong><\/a>, empresa partner de ifeel:<\/p>\n\n\n\n<blockquote class=\"wp-block-quote has-text-align-center is-layout-flow wp-block-quote-is-layout-flow\">\n<p><em>&#8220;El bienestar emocional es fundamental para fomentar la creatividad y la determinaci\u00f3n, aspectos vitales para garantizar el \u00e9xito a medio y largo plazo&#8221;<\/em>.<\/p>\n<\/blockquote>\n\n\n\n<p>Este enfoque preventivo es clave para entender <a href=\"https:\/\/ifeelonline.com\/es\/nuestra-metodologia\/\"><strong>c\u00f3mo hacer de la salud mental parte de la cultura empresarial<\/strong>,<\/a> ya que permite a las organizaciones construir un entorno m\u00e1s resiliente y sostenible.<\/p>\n\n\n\n<div class=\"wp-block-group tu-clase-de-bloque has-background is-layout-constrained wp-block-group-is-layout-constrained\" style=\"background-color:#1b4291\">\n<h2 class=\"wp-block-heading has-text-color has-link-color wp-elements-1dcf58a6b6ce8a9bf09b2e2b930eceef\" style=\"color:#ffa593\"><span class=\"ez-toc-section\" id=\"Nota_para_lideres_%F0%9F%94%8E\"><\/span>Nota para l\u00edderes \ud83d\udd0e<span class=\"ez-toc-section-end\"><\/span><\/h2>\n\n\n\n<p class=\"has-white-color has-text-color has-link-color wp-elements-3625826d1dfd0c2843475b8db6a1615c\">Como l\u00edder, tienes el poder de transformar la salud mental en un pilar esencial de la cultura empresarial. \u00bfPor d\u00f3nde empezar? <strong>Da ejemplo<\/strong>: muestra que cuidar de tu bienestar mental es tan importante como cumplir con los objetivos. Establece espacios de conversaci\u00f3n abiertos, donde hablar de estr\u00e9s o agotamiento no sea un tab\u00fa. Adem\u00e1s, implementa pol\u00edticas claras, como horarios flexibles o acceso a recursos de apoyo psicol\u00f3gico, y \u00a1cumple con ellas! <\/p>\n\n\n\n<p class=\"has-white-color has-text-color has-link-color wp-elements-4946b742317f82edeaf2dec7b56b0f1b\">Seg\u00fan las investigaciones, por cada euro invertido en programas de salud mental en el trabajo, las empresas pueden obtener un retorno de hasta <strong>4 euros en productividad<\/strong>. \u00bfEl reto? No solo promover pr\u00e1cticas, sino garantizar que sean aut\u00e9nticas y sostenibles. Una cultura empresarial saludable comienza contigo.<\/p>\n<\/div>\n\n\n\n<h2 class=\"wp-block-heading\"><span class=\"ez-toc-section\" id=\"%C2%BFComo_hacer_de_la_salud_mental_parte_de_la_cultura_empresarial\"><\/span><strong>\u00bfC\u00f3mo hacer de la salud mental parte de la cultura empresarial?<\/strong><span class=\"ez-toc-section-end\"><\/span><\/h2>\n\n\n\n<p>Hacer de la salud mental un pilar de la cultura empresarial debe ser una prioridad estrat\u00e9gica en el entorno laboral actual. Este enfoque no solo mejora el bienestar de los empleados, sino que tambi\u00e9n impulsa la productividad, reduce el absentismo y fortalece la <a href=\"https:\/\/ifeelonline.com\/salud-laboral\/retener-talento-en-la-empresa\/\">retenci\u00f3n del talento<\/a>. A continuaci\u00f3n, exploraremos las claves para lograr que la salud mental deje de ser un tema aislado y se convierta en un pilar central del ADN corporativo.<\/p>\n\n\n\n<h3 class=\"wp-block-heading\"><strong>1. Liderazgo comprometido y ejemplo desde la cima<\/strong><\/h3>\n\n\n\n<p>El cambio cultural comienza con el liderazgo. Los directivos deben ser los primeros en demostrar que la salud mental es una prioridad. Esto implica no solo hablar abiertamente sobre el tema, sino tambi\u00e9n <strong>participar activamente en iniciativas de bienestar,<\/strong> ya que un liderazgo comprometido es clave para el \u00e9xito de los programas de salud mental.<\/p>\n\n\n\n<p><strong>Ejemplo de acciones a implementar:<\/strong><\/p>\n\n\n\n<ul class=\"wp-block-list\">\n<li>Incluir la salud mental como tema regular en reuniones y comunicaciones internas.<\/li>\n\n\n\n<li>Participar en talleres y formaciones sobre bienestar emocional.<\/li>\n\n\n\n<li>Promover pol\u00edticas de trabajo flexible y equilibrio entre vida laboral y personal.<\/li>\n<\/ul>\n\n\n\n<h3 class=\"wp-block-heading\"><strong>2. Normalizar las conversaciones sobre salud mental<\/strong><\/h3>\n\n\n\n<p>Para que la salud mental forme parte de la cultura empresarial, es imprescindible romper el estigma que rodea este tema, para que los empleados <strong>se sientan c\u00f3modos buscando ayuda.<\/strong> Esto se logra creando espacios seguros donde las personas puedan hablar abiertamente sobre sus desaf\u00edos emocionales sin temor a represalias.<\/p>\n\n\n\n<h3 class=\"wp-block-heading\"><strong>3. Integrar la salud mental en los procesos organizativos<\/strong><\/h3>\n\n\n\n<p>La salud mental debe estar presente en todas las \u00e1reas de la empresa, desde el onboarding hasta las evaluaciones de desempe\u00f1o. Esto incluye ofrecer recursos accesibles, como <strong>soluciones digitales de salud mental, y adaptar las pol\u00edticas corporativas para reflejar este compromiso.<\/strong><\/p>\n\n\n\n<p><strong>Ejemplo de integraci\u00f3n de la salud mental en procesos clave<\/strong><\/p>\n\n\n\n<figure class=\"wp-block-table\"><table><tbody><tr><td><strong>Proceso<\/strong><\/td><td><strong>Acci\u00f3n relacionada con la salud mental<\/strong><\/td><\/tr><tr><td><strong><a href=\"https:\/\/ifeelonline.com\/salud-laboral\/proceso-de-onboarding\/\">Onboarding<\/a><\/strong><\/td><td>Introducir las v\u00edas de acceso tanto a recursos de ayuda como de bienestar desde el primer d\u00eda.<\/td><\/tr><tr><td><strong>Evaluaciones de desempe\u00f1o<\/strong><\/td><td>Incluir indicadores relacionados con el bienestar y la satisfacci\u00f3n laboral.<\/td><\/tr><tr><td><strong>Formaci\u00f3n y desarrollo<\/strong><\/td><td>Ofrecer talleres sobre gesti\u00f3n del estr\u00e9s, manejo del tiempo, etc.<\/td><\/tr><tr><td><strong>Gesti\u00f3n de crisis<\/strong><\/td><td>Implementar protocolos claros para abordar problemas graves.<\/td><\/tr><\/tbody><\/table><\/figure>\n\n\n\n<h3 class=\"wp-block-heading\"><strong>4. Proveer recursos accesibles y personalizados<\/strong><\/h3>\n\n\n\n<p>Es crucial que los empleados tengan acceso a herramientas y recursos que les permitan cuidar su salud mental de manera efectiva. <a href=\"https:\/\/ifeelonline.com\/es\/implementacion\/\">Soluciones como las de ifeel son ideales,<\/a> ya que combinan tecnolog\u00eda y <a href=\"https:\/\/ifeelonline.com\/es\/nuestro-departamento-de-investigacion-clinica\/\">experiencia cl\u00ednica<\/a> para ofrecer apoyo emocional a escala empresarial.<\/p>\n\n\n\n<p><strong>Beneficios de soluciones como ifeel:<\/strong><\/p>\n\n\n\n<ul class=\"wp-block-list\">\n<li>Diagn\u00f3stico y tratamiento r\u00e1pidos, con acceso a terapeutas en menos de 24 horas.<\/li>\n\n\n\n<li>Planes personalizados adaptados al nivel de riesgo de cada empleado.<\/li>\n\n\n\n<li>Talleres y contenido educativo que fomentan una cultura de prevenci\u00f3n.<\/li>\n<\/ul>\n\n\n\n<h3 class=\"wp-block-heading\"><strong>5. Medir y ajustar continuamente<\/strong><\/h3>\n\n\n\n<p>Para que la salud mental sea parte de la cultura empresarial, es necesario medir el impacto de las iniciativas implementadas y realizar ajustes seg\u00fan sea necesario. Esto no solo garantiza la efectividad de los programas, sino que tambi\u00e9n demuestra el compromiso de la empresa con el bienestar de sus empleados.<\/p>\n\n\n\n<p><strong>Indicadores clave a medir:<\/strong><\/p>\n\n\n\n<ul class=\"wp-block-list\">\n<li>Reducci\u00f3n del <a href=\"https:\/\/ifeelonline.com\/salud-laboral\/absentismo-laboral\/\">absentismo <\/a>y la rotaci\u00f3n.<\/li>\n\n\n\n<li>Incremento en la satisfacci\u00f3n y el compromiso de los empleados.<\/li>\n\n\n\n<li>Utilizaci\u00f3n de recursos de bienestar, como plataformas digitales y talleres.<\/li>\n<\/ul>\n\n\n\n<h3 class=\"wp-block-heading\"><strong>6. Fomentar una cultura de prevenci\u00f3n<\/strong><\/h3>\n\n\n\n<p>M\u00e1s all\u00e1 de reaccionar ante problemas, las empresas deben adoptar un <a href=\"https:\/\/ifeelonline.com\/salud-laboral\/papel-del-liderazgo-en-la-prevencion-de-riesgos-psicosociales\/\">enfoque preventivo.<\/a> Esto incluye identificar riesgos tempranos, educar a los empleados sobre la importancia del autocuidado y ofrecer herramientas que les permitan gestionar su bienestar emocional de manera proactiva<\/p>\n\n\n\n<figure class=\"wp-block-image aligncenter size-large is-resized\"><a href=\"https:\/\/ifeelonline.com\/entrevistas-ifeel-2024\/entrevista-hyatt\/\"><img loading=\"lazy\" decoding=\"async\" width=\"1024\" height=\"1024\" src=\"https:\/\/ifeelonline.com\/wp-content\/uploads\/2022\/06\/ES_-Hyatt-HR-Interview_2-1024x1024.jpg\" alt=\"C\u00f3mo hacer de la salud mental parte de la cultura empresarial\" class=\"wp-image-15765\" style=\"width:549px;height:auto\" srcset=\"https:\/\/ifeelonline.com\/es\/wp-content\/uploads\/2022\/06\/ES_-Hyatt-HR-Interview_2-1024x1024.jpg 1024w, https:\/\/ifeelonline.com\/es\/wp-content\/uploads\/2022\/06\/ES_-Hyatt-HR-Interview_2-300x300.jpg 300w, https:\/\/ifeelonline.com\/es\/wp-content\/uploads\/2022\/06\/ES_-Hyatt-HR-Interview_2-150x150.jpg 150w, https:\/\/ifeelonline.com\/es\/wp-content\/uploads\/2022\/06\/ES_-Hyatt-HR-Interview_2-768x768.jpg 768w, https:\/\/ifeelonline.com\/es\/wp-content\/uploads\/2022\/06\/ES_-Hyatt-HR-Interview_2-1536x1536.jpg 1536w, https:\/\/ifeelonline.com\/es\/wp-content\/uploads\/2022\/06\/ES_-Hyatt-HR-Interview_2.jpg 1620w\" sizes=\"auto, (max-width: 1024px) 100vw, 1024px\" \/><\/a><\/figure>\n\n\n\n<h2 class=\"wp-block-heading\"><span class=\"ez-toc-section\" id=\"El_papel_de_ifeel_en_la_transformacion_cultural\"><\/span><strong>El papel de ifeel en la transformaci\u00f3n cultural<\/strong><span class=\"ez-toc-section-end\"><\/span><\/h2>\n\n\n\n<p><strong>C\u00f3mo hacer de la salud mental parte de la cultura empresarial<\/strong> es un desaf\u00edo que requiere herramientas y estrategias efectivas para garantizar un cambio sostenible. Aqu\u00ed es donde entra ifeel, que <a href=\"https:\/\/ifeelonline.com\/es\/ebooks\/innovacion-digital-en-salud-mental\/\">a diferencia de los PAE tradicionales<\/a>, es una soluci\u00f3n integral que combina tecnolog\u00eda y experiencia cl\u00ednica para abordar la salud mental a escala empresarial.<\/p>\n\n\n\n<h3 class=\"wp-block-heading\"><strong>Beneficios clave de ifeel:<\/strong><\/h3>\n\n\n\n<ol class=\"wp-block-list\">\n<li><strong>Diagn\u00f3stico y tratamiento r\u00e1pidos:<\/strong> Los empleados pueden acceder a un terapeuta en menos de 24 horas, reduciendo el tiempo de espera y evitando que los problemas se agraven.<br><br><\/li>\n\n\n\n<li><strong>Planes personalizados:<\/strong> Cada empleado recibe un plan de acci\u00f3n adaptado a su nivel de riesgo, desde contenido psicoeducativo hasta terapia individual.<br><br><\/li>\n\n\n\n<li><strong>Impacto financiero medible:<\/strong> ifeel ayuda a las empresas a reducir costes asociados al absentismo y la rotaci\u00f3n, generando ahorros significativos.<br><br><\/li>\n\n\n\n<li><strong>Cultura de prevenci\u00f3n:<\/strong> A trav\u00e9s de talleres y contenido educativo, ifeel fomenta un cambio cultural que normaliza la salud mental en el lugar de trabajo, ayudando a las empresas a entender <strong>c\u00f3mo hacer de la salud mental parte de la cultura empresarial<\/strong> de manera efectiva y sostenible.<\/li>\n<\/ol>\n\n\n\n<h3 class=\"wp-block-heading\"><strong>Medici\u00f3n del impacto:<a href=\"https:\/\/ifeelonline.com\/es\/ebooks\/roi-soluciones-de-salud-mental-a-medida\/\"> M\u00e1s all\u00e1 del ROI<\/a><\/strong><\/h3>\n\n\n\n<p>El \u00e9xito de las iniciativas de salud mental no solo se mide en t\u00e9rminos financieros, sino tambi\u00e9n en el impacto positivo en la vida de los empleados. Seg\u00fan datos de ifeel, las empresas que implementan sus soluciones experimentan <strong>una reducci\u00f3n del 15-25% en las bajas laborales relacionadas con la salud mental<\/strong>.&nbsp;<\/p>\n\n\n\n<p>Adem\u00e1s, los empleados reportan una mayor satisfacci\u00f3n y compromiso, lo que se traduce en un entorno laboral m\u00e1s saludable y productivo. Este enfoque es clave para entender <strong>c\u00f3mo hacer de la salud mental parte de la cultura empresarial<\/strong>, ya que permite a las organizaciones medir resultados tangibles y sostenibles.<\/p>\n\n\n\n<h4 class=\"wp-block-heading\"><strong>Indicadores clave a medir al analizar una soluci\u00f3n de salud mental:<\/strong><\/h4>\n\n\n\n<ul class=\"wp-block-list\">\n<li>Reducci\u00f3n del <a href=\"https:\/\/ifeelonline.com\/salud-laboral\/absentismo-laboral\/\">absentismo <\/a>y la <a href=\"https:\/\/ifeelonline.com\/salud-laboral\/rotacion-de-personall\/\">rotaci\u00f3n<\/a>.<\/li>\n\n\n\n<li>Mejora en los niveles de <a href=\"https:\/\/ifeelonline.com\/salud-laboral\/por-que-es-importante-la-satisfaccion-laboral\/\">satisfacci\u00f3n <\/a>y <a href=\"https:\/\/ifeelonline.com\/salud-laboral\/compromiso-laboral-con-la-empresa\/\">compromiso de los empleados<\/a>.<\/li>\n\n\n\n<li>Incremento en el <a href=\"https:\/\/ifeelonline.com\/salud-laboral\/engagement-ifeel-vs-pae\/\">engagement <\/a>y en la utilizaci\u00f3n de los recursos de bienestar mental.<\/li>\n<\/ul>\n\n\n\n<h2 class=\"wp-block-heading\"><span class=\"ez-toc-section\" id=\"Explora_el_impacto_real_de_ifeel_a_traves_de_nuestros_casos_de_estudio\"><\/span>Explora el impacto real de ifeel a trav\u00e9s de nuestros casos de estudio<span class=\"ez-toc-section-end\"><\/span><\/h2>\n\n\n\n<p>Para conocer en profundidad c\u00f3mo ifeel ha transformado el bienestar mental en diferentes organizaciones y sectores, te invitamos a descargar <a href=\"https:\/\/ifeelonline.com\/es\/ebooks\/#casosdeexito\">nuestros casos de estudio<\/a>, que detallan experiencias reales, resultados cl\u00ednicos y financieros, y las estrategias personalizadas que hemos implementado para maximizar el impacto en la salud emocional y la productividad de los equipos.\u00a0<\/p>\n\n\n\n<p>Descubre c\u00f3mo empresas l\u00edderes en sectores como <a href=\"https:\/\/ifeelonline.com\/es\/ebooks\/caso-de-estudio-salud-mental-en-el-sector-farmaceutico\/\"><strong>farmac\u00e9uticas<\/strong><\/a><strong>, <\/strong><a href=\"https:\/\/ifeelonline.com\/es\/ebooks\/caso-de-estudio-salud-mental-en-el-ambito-financiero\/\"><strong>finanzas<\/strong><\/a><strong>, <\/strong><a href=\"https:\/\/ifeelonline.com\/es\/salud-mental-en-la-industria-de-la-automocion-un-caso-de-estudio\/\"><strong>automoci\u00f3n<\/strong><\/a><strong>, <\/strong><a href=\"https:\/\/ifeelonline.com\/es\/ebooks\/la-solucion-definitiva-para-la-salud-mental-en-el-sector-retail\/\"><strong>retail<\/strong><\/a><strong>, <\/strong><a href=\"https:\/\/ifeelonline.com\/es\/ebooks\/transformando-la-salud-mental-en-la-industria-hotelera\/\"><strong>hosteler\u00eda<\/strong><\/a><strong>, tecnolog\u00eda y energ\u00eda<\/strong> han logrado reducir el absentismo, mejorar el compromiso y potenciar una cultura organizacional saludable gracias a nuestra soluci\u00f3n integral.&nbsp;<\/p>\n\n\n\n<p>No pierdas la oportunidad de inspirarte con estos ejemplos y llevar el bienestar mental a otro nivel en tu organizaci\u00f3n.<\/p>\n\n\n\n<h2 class=\"wp-block-heading\"><span class=\"ez-toc-section\" id=\"La_salud_mental_en_el_trabajo_uno_de_los_mayores_retos_de_las_organizaciones_empresariales_en_la_actualidad\"><\/span><strong>La salud mental en el trabajo, uno de los mayores retos de las organizaciones empresariales en la actualidad<\/strong><span class=\"ez-toc-section-end\"><\/span><\/h2>\n\n\n\n<p>Lograr que la salud mental forme parte de la cultura empresarial no es solo una tendencia, sino una necesidad estrat\u00e9gica. Las empresas que priorizan el bienestar mental no solo mejoran la calidad de vida de sus empleados, <strong>sino que tambi\u00e9n fortalecen su resiliencia y competitividad en el mercado.<\/strong><\/p>\n\n\n\n<p>Con soluciones como las de ifeel, <strong>este cambio cultural es m\u00e1s alcanzable que nunca.<\/strong> Desde la prevenci\u00f3n hasta la intervenci\u00f3n, ifeel ofrece las herramientas necesarias para transformar la salud mental en un pilar fundamental de tu organizaci\u00f3n.&nbsp;<\/p>\n\n\n\n<p>Ahora que sabes <strong>c\u00f3mo hacer de la salud mental parte de la cultura empresarial<\/strong>, \u00bfest\u00e1s listo para dar el siguiente paso?<\/p>\n\n\n\n<p><\/p>\n\n    <div class=\"xs_social_share_widget xs_share_url after_content \t\tmain_content  wslu-style-1 wslu-share-box-shaped wslu-fill-colored wslu-none wslu-share-horizontal wslu-theme-font-no wslu-main_content\">\n\n\t\t\n        <ul>\n\t\t\t        <\/ul>\n    <\/div> \n","protected":false},"excerpt":{"rendered":"<p>Tras la pandemia, muchas empresas se dieron cuenta de que su cultura corporativa, hasta entonces considerada la norma, ya no respond\u00eda a las necesidades de una sociedad moderna. Largas jornadas laborales, presi\u00f3n constante, la obligatoriedad de la presencialidad y otras pr\u00e1cticas tradicionales no solo dejaron de ser sin\u00f3nimo de productividad, sino que tambi\u00e9n incrementaron el [&hellip;]<\/p>\n","protected":false},"author":62,"featured_media":15823,"comment_status":"closed","ping_status":"open","sticky":false,"template":"","format":"standard","meta":{"content-type":"","postBodyCss":"","postBodyMargin":[],"postBodyPadding":[],"postBodyBackground":{"backgroundType":"classic","gradient":""},"footnotes":""},"categories":[311,476],"tags":[],"class_list":["post-15822","post","type-post","status-publish","format-standard","has-post-thumbnail","hentry","category-salud-laboral","category-clima-laboral"],"_links":{"self":[{"href":"https:\/\/ifeelonline.com\/es\/wp-json\/wp\/v2\/posts\/15822","targetHints":{"allow":["GET"]}}],"collection":[{"href":"https:\/\/ifeelonline.com\/es\/wp-json\/wp\/v2\/posts"}],"about":[{"href":"https:\/\/ifeelonline.com\/es\/wp-json\/wp\/v2\/types\/post"}],"author":[{"embeddable":true,"href":"https:\/\/ifeelonline.com\/es\/wp-json\/wp\/v2\/users\/62"}],"replies":[{"embeddable":true,"href":"https:\/\/ifeelonline.com\/es\/wp-json\/wp\/v2\/comments?post=15822"}],"version-history":[{"count":0,"href":"https:\/\/ifeelonline.com\/es\/wp-json\/wp\/v2\/posts\/15822\/revisions"}],"wp:featuredmedia":[{"embeddable":true,"href":"https:\/\/ifeelonline.com\/es\/wp-json\/wp\/v2\/media\/15823"}],"wp:attachment":[{"href":"https:\/\/ifeelonline.com\/es\/wp-json\/wp\/v2\/media?parent=15822"}],"wp:term":[{"taxonomy":"category","embeddable":true,"href":"https:\/\/ifeelonline.com\/es\/wp-json\/wp\/v2\/categories?post=15822"},{"taxonomy":"post_tag","embeddable":true,"href":"https:\/\/ifeelonline.com\/es\/wp-json\/wp\/v2\/tags?post=15822"}],"curies":[{"name":"wp","href":"https:\/\/api.w.org\/{rel}","templated":true}]}}