{"id":15197,"date":"2025-03-17T18:03:44","date_gmt":"2025-03-17T17:03:44","guid":{"rendered":"https:\/\/ifeelonline.com\/?p=15197"},"modified":"2025-04-14T12:44:13","modified_gmt":"2025-04-14T11:44:13","slug":"impacto-deib-en-el-desempeno-de-los-empleados","status":"publish","type":"post","link":"https:\/\/ifeelonline.com\/es\/salud-laboral\/impacto-deib-en-el-desempeno-de-los-empleados\/","title":{"rendered":"\u00bfCu\u00e1l es el impacto DEIB en el desempe\u00f1o de los empleados? Descubre 4 estrategias para l\u00edderes\u00a0"},"content":{"rendered":"<div id=\"ez-toc-container\" class=\"ez-toc-v2_0_81 counter-hierarchy ez-toc-counter ez-toc-custom ez-toc-container-direction\">\n<div class=\"ez-toc-title-container\">\n<p class=\"ez-toc-title\" style=\"cursor:inherit\">Contenidos<\/p>\n<span class=\"ez-toc-title-toggle\"><a href=\"#\" class=\"ez-toc-pull-right ez-toc-btn ez-toc-btn-xs ez-toc-btn-default ez-toc-toggle\" aria-label=\"Toggle Table of Content\"><span class=\"ez-toc-js-icon-con\"><span class=\"\"><span class=\"eztoc-hide\" style=\"display:none;\">Toggle<\/span><span class=\"ez-toc-icon-toggle-span\"><svg style=\"fill: #51607e;color:#51607e\" xmlns=\"http:\/\/www.w3.org\/2000\/svg\" class=\"list-377408\" width=\"20px\" height=\"20px\" viewBox=\"0 0 24 24\" fill=\"none\"><path d=\"M6 6H4v2h2V6zm14 0H8v2h12V6zM4 11h2v2H4v-2zm16 0H8v2h12v-2zM4 16h2v2H4v-2zm16 0H8v2h12v-2z\" fill=\"currentColor\"><\/path><\/svg><svg style=\"fill: #51607e;color:#51607e\" class=\"arrow-unsorted-368013\" xmlns=\"http:\/\/www.w3.org\/2000\/svg\" width=\"10px\" height=\"10px\" viewBox=\"0 0 24 24\" version=\"1.2\" baseProfile=\"tiny\"><path d=\"M18.2 9.3l-6.2-6.3-6.2 6.3c-.2.2-.3.4-.3.7s.1.5.3.7c.2.2.4.3.7.3h11c.3 0 .5-.1.7-.3.2-.2.3-.5.3-.7s-.1-.5-.3-.7zM5.8 14.7l6.2 6.3 6.2-6.3c.2-.2.3-.5.3-.7s-.1-.5-.3-.7c-.2-.2-.4-.3-.7-.3h-11c-.3 0-.5.1-.7.3-.2.2-.3.5-.3.7s.1.5.3.7z\"\/><\/svg><\/span><\/span><\/span><\/a><\/span><\/div>\n<nav><ul class='ez-toc-list ez-toc-list-level-1 eztoc-toggle-hide-by-default' ><li class='ez-toc-page-1 ez-toc-heading-level-2'><a class=\"ez-toc-link ez-toc-heading-1\" href=\"https:\/\/ifeelonline.com\/es\/salud-laboral\/impacto-deib-en-el-desempeno-de-los-empleados\/#%C2%BFQue_es_DEIB_y_por_que_es_importante\" >\u00bfQu\u00e9 es DEIB y por qu\u00e9 es importante?<\/a><\/li><li class='ez-toc-page-1 ez-toc-heading-level-2'><a class=\"ez-toc-link ez-toc-heading-2\" href=\"https:\/\/ifeelonline.com\/es\/salud-laboral\/impacto-deib-en-el-desempeno-de-los-empleados\/#El_impacto_DEIB_en_el_desempeno_de_los_empleados\" >El impacto DEIB en el desempe\u00f1o de los empleados<\/a><\/li><li class='ez-toc-page-1 ez-toc-heading-level-2'><a class=\"ez-toc-link ez-toc-heading-3\" href=\"https:\/\/ifeelonline.com\/es\/salud-laboral\/impacto-deib-en-el-desempeno-de-los-empleados\/#Implementando_una_cultura_DEIB_efectiva\" >Implementando una cultura DEIB efectiva<\/a><\/li><li class='ez-toc-page-1 ez-toc-heading-level-2'><a class=\"ez-toc-link ez-toc-heading-4\" href=\"https:\/\/ifeelonline.com\/es\/salud-laboral\/impacto-deib-en-el-desempeno-de-los-empleados\/#Nota_para_lideres_%F0%9F%94%8E\" >Nota para l\u00edderes \ud83d\udd0e<\/a><\/li><li class='ez-toc-page-1 ez-toc-heading-level-2'><a class=\"ez-toc-link ez-toc-heading-5\" href=\"https:\/\/ifeelonline.com\/es\/salud-laboral\/impacto-deib-en-el-desempeno-de-los-empleados\/#Ejercicio_practico_Fomentando_la_empatia_y_la_inclusion\" >Ejercicio pr\u00e1ctico: Fomentando la empat\u00eda y la inclusi\u00f3n<\/a><\/li><li class='ez-toc-page-1 ez-toc-heading-level-2'><a class=\"ez-toc-link ez-toc-heading-6\" href=\"https:\/\/ifeelonline.com\/es\/salud-laboral\/impacto-deib-en-el-desempeno-de-los-empleados\/#La_salud_mental_en_el_trabajo_uno_de_los_mayores_retos_de_las_organizaciones_empresariales_en_la_actualidad\" >La salud mental en el trabajo, uno de los mayores retos de las organizaciones empresariales en la actualidad<\/a><\/li><\/ul><\/nav><\/div>\n\n<p>Las organizaciones modernas han demostrado que la verdadera ventaja competitiva se encuentra en la manera en la que gestionan y valoran a<strong> su activo m\u00e1s importante: su gente.<\/strong> Por esta raz\u00f3n, la implementaci\u00f3n de una cultura DEIB (Diversidad, Equidad, Inclusi\u00f3n y Pertenencia) en las empresas, se ha posicionado como ese factor crucial que permite el desarrollo de una cultura organizacional positiva, yendo m\u00e1s all\u00e1 de ser una simple iniciativa de responsabilidad social.<\/p>\n\n\n\n<p>El impacto DEIB en el desempe\u00f1o de los empleados se observa tanto en el aumento de la satisfacci\u00f3n laboral como en el impulso de los resultados empresariales. De hecho, estudios recientes demuestran que estas estrategias pueden <a href=\"https:\/\/www2.deloitte.com\/us\/en\/blog\/human-capital-blog\/2021\/human-centered-workforce-experience.html\" target=\"_blank\" rel=\"noreferrer noopener\"><strong>aumentar el desempe\u00f1o laboral en un 56%<\/strong> <\/a>y son consideradas importantes <a href=\"https:\/\/www.workhuman.com\/resources\/reports-guides\/two-years-into-covid-the-state-of-human-connection-at-work\/\" target=\"_blank\" rel=\"noreferrer noopener\"><strong>por el 72% de los empleados<\/strong><\/a> al reflexionar sobre su permanencia en una organizaci\u00f3n.<\/p>\n\n\n\n<p>Es por ello que en este art\u00edculo, te contamos m\u00e1s sobre cu\u00e1l es el impacto DEIB en el desempe\u00f1o de los empleados, elevando el rendimiento individual y colectivo. Compartiremos estrategias pr\u00e1cticas y descubriremos <strong>por qu\u00e9 el compromiso con la diversidad, la equidad, la inclusi\u00f3n y la pertenencia es esencial para las organizaciones que aspiran a prosperar en el siglo XXI.<\/strong><\/p>\n\n\n\n<blockquote class=\"wp-block-quote has-text-align-center is-layout-flow wp-block-quote-is-layout-flow\">\n<p>Adem\u00e1s, para apoyarte en este proceso, desde ifeel hemos dise\u00f1ado una<a href=\"https:\/\/ifeelonline.com\/guia-para-integrar-la-estrategia-deib-en-tu-cultura-corporativa\/?partner=ifeel_internLinkPost\"> Gu\u00eda para integrar la Estrategia DEIB en tu Cultura Corporativa<\/a>, para que aprendas herramientas clave para fomentar la diversidad, equidad, inclusi\u00f3n y pertenencia en tu empresa. Prioriza una cultura empresarial inclusiva y fortalecida con solo un clic.<\/p>\n<\/blockquote>\n\n\n\n<h2 class=\"wp-block-heading\"><span class=\"ez-toc-section\" id=\"%C2%BFQue_es_DEIB_y_por_que_es_importante\"><\/span>\u00bfQu\u00e9 es DEIB y por qu\u00e9 es importante?<span class=\"ez-toc-section-end\"><\/span><\/h2>\n\n\n\n<p>Al hablar de pol\u00edticas DEIB, nos referimos al acr\u00f3nimo que representa cuatro pilares fundamentales para crear un ambiente de trabajo inclusivo y equitativo:<\/p>\n\n\n\n<figure class=\"wp-block-table\"><table><thead><tr><th>Componente DEIB<\/th><th>Descripci\u00f3n<\/th><\/tr><\/thead><tbody><tr><td><strong>Diversidad<\/strong><\/td><td>Reconoce y <strong>valora <\/strong>las diferencias individuales en todos los aspectos, incluyendo raza, g\u00e9nero, edad, orientaci\u00f3n sexual, habilidades y experiencias.<\/td><\/tr><tr><td><strong>Equidad<\/strong><\/td><td>Asegura un <strong>trato justo y acceso igualitario <\/strong>a oportunidades para todos los empleados.<\/td><\/tr><tr><td><strong>Inclusi\u00f3n<\/strong><\/td><td>Fomenta un entorno donde<strong> todos los empleados se sienten bienvenidos<\/strong>, respetados y capaces de contribuir plenamente.<\/td><\/tr><tr><td><strong>Pertenencia<\/strong><\/td><td>Cultiva un sentimiento de conexi\u00f3n y compromiso entre los empleados y la organizaci\u00f3n.<\/td><\/tr><\/tbody><\/table><\/figure>\n\n\n\n<p>La implementaci\u00f3n de estrategias DEIB no solo beneficia a los empleados individualmente, sino que tambi\u00e9n impulsa el \u00e9xito empresarial, ya que<strong> existe un impacto DEIB en el desempe\u00f1o de los empleados.<\/strong> De hecho, seg\u00fan los <a href=\"https:\/\/diversitymatters-latam-2022.mckinsey.com\/\" target=\"_blank\" rel=\"noreferrer noopener\">estudios<\/a>,<strong> los niveles de satisfacci\u00f3n laboral se incrementan hasta cuatro veces <\/strong>en todos los roles y niveles jer\u00e1rquicos cuando el entorno de trabajo cuenta con pol\u00edticas de inclusi\u00f3n.<\/p>\n\n\n\n<h2 class=\"wp-block-heading\"><span class=\"ez-toc-section\" id=\"El_impacto_DEIB_en_el_desempeno_de_los_empleados\"><\/span>El impacto DEIB en el desempe\u00f1o de los empleados<span class=\"ez-toc-section-end\"><\/span><\/h2>\n\n\n\n<p>Las estrategias DEIB tienen un efecto transformador en diversos aspectos del desempe\u00f1o laboral, creando un entorno donde la innovaci\u00f3n florece, las decisiones son m\u00e1s acertadas y los empleados se sienten verdaderamente valorados. A continuaci\u00f3n, exploraremos cinco \u00e1reas clave donde el impacto DEIB en el desempe\u00f1o de los empleados se hace evidente, demostrando <strong>por qu\u00e9 esta cultura es esencial para el crecimiento y la competitividad de las organizaciones modernas.<\/strong><\/p>\n\n\n\n<h3 class=\"wp-block-heading\">Aumento de la innovaci\u00f3n y creatividad<\/h3>\n\n\n\n<p>Al fomentar la diversidad de pensamiento y perspectivas, las empresas con una s\u00f3lida cultura DEIB<strong> estimulan la innovaci\u00f3n y la creatividad. <\/strong>Los equipos diversos aportan una variedad de experiencias y puntos de vista, lo que conduce a soluciones m\u00e1s creativas y efectivas para los desaf\u00edos empresariales.<\/p>\n\n\n\n<h3 class=\"wp-block-heading\">Mejora en la toma de decisiones<\/h3>\n\n\n\n<p>La diversidad en los equipos de trabajo contribuye a una toma de decisiones m\u00e1s equilibrada y objetiva. Al considerar m\u00faltiples perspectivas, <strong>las empresas pueden evitar sesgos y tomar decisiones m\u00e1s informadas <\/strong>y estrat\u00e9gicas.<\/p>\n\n\n\n<blockquote class=\"wp-block-quote has-text-align-center is-layout-flow wp-block-quote-is-layout-flow\">\n<p>&#8220;Todo el mundo puede ser 100% \u00e9l mismo y creemos que podemos aprender los unos de los otros y conseguir grandes cosas cuando todos son diferentes y pueden ser ellos mismos.<\/p>\n\n\n\n<p><a href=\"https:\/\/ifeelonline.com\/entrevistas-ifeel\/entrevista-kalina-pleill-labster\/\"><strong>Kalina Pleil, <\/strong>People Operations Specialist en <strong>Labster<\/strong>,<\/a> empresa partner de ifeel. <\/p>\n<\/blockquote>\n\n\n\n<h3 class=\"wp-block-heading\">Incremento en la productividad<\/h3>\n\n\n\n<p>Cuando los empleados se sienten valorados, respetados y parte integral de la organizaci\u00f3n, su compromiso y motivaci\u00f3n aumentan significativamente. Esto se traduce en una <strong>mayor productividad y eficiencia en el desempe\u00f1o de sus funciones.<\/strong><\/p>\n\n\n\n<h3 class=\"wp-block-heading\">Retenci\u00f3n de talento<\/h3>\n\n\n\n<p>Las empresas que priorizan la cultura DEIB tienen mayor capacidad para<strong> atraer y retener talento diverso.<\/strong> As\u00ed mismo, los empleados que se sienten incluidos y valorados son m\u00e1s propensos a <strong>permanecer en la organizaci\u00f3n a largo plazo,<\/strong> reduciendo los costos asociados con la rotaci\u00f3n de personal.<\/p>\n\n\n\n<h3 class=\"wp-block-heading\">Mejora del clima laboral<\/h3>\n\n\n\n<p>Un ambiente de trabajo inclusivo y equitativo <strong>fomenta relaciones interpersonales m\u00e1s s\u00f3lidas y positivas entre los empleados<\/strong>. Esto contribuye a un mejor clima laboral, reduciendo conflictos y aumentando la colaboraci\u00f3n entre equipos.<\/p>\n\n\n\n<blockquote class=\"wp-block-quote has-text-align-center is-layout-flow wp-block-quote-is-layout-flow\">\n<p>Desde ifeel, hemos dise\u00f1ado un<a href=\"https:\/\/ifeelonline.com\/ebooks\/cultura-positiva\/?partner=ifeel_internLinkPost\"> recurso imprescindible para fomentar una cultura positiva en tu equipo<\/a>. Descubre estrategias efectivas para mejorar el ambiente laboral y potenciar el bienestar de tus trabajadores. \u00a1No te lo pierdas y desc\u00e1rgalo gratis ahora!<\/p>\n<\/blockquote>\n\n\n\n<figure class=\"wp-block-image aligncenter size-large is-resized\"><a href=\"https:\/\/ifeelonline.com\/entrevistas-ifeel-2024\/entrevista-hyatt\/\"><img loading=\"lazy\" decoding=\"async\" width=\"1024\" height=\"1024\" src=\"https:\/\/ifeelonline.com\/wp-content\/uploads\/2025\/03\/ES_-Hyatt-HR-Interview_4-1-1024x1024.jpg\" alt=\"impacto DEIB en el desempe\u00f1o de los empleados\" class=\"wp-image-15198\" style=\"width:492px;height:auto\" srcset=\"https:\/\/ifeelonline.com\/es\/wp-content\/uploads\/2025\/03\/ES_-Hyatt-HR-Interview_4-1-1024x1024.jpg 1024w, https:\/\/ifeelonline.com\/es\/wp-content\/uploads\/2025\/03\/ES_-Hyatt-HR-Interview_4-1-300x300.jpg 300w, https:\/\/ifeelonline.com\/es\/wp-content\/uploads\/2025\/03\/ES_-Hyatt-HR-Interview_4-1-150x150.jpg 150w, https:\/\/ifeelonline.com\/es\/wp-content\/uploads\/2025\/03\/ES_-Hyatt-HR-Interview_4-1-768x768.jpg 768w, https:\/\/ifeelonline.com\/es\/wp-content\/uploads\/2025\/03\/ES_-Hyatt-HR-Interview_4-1-1536x1536.jpg 1536w, https:\/\/ifeelonline.com\/es\/wp-content\/uploads\/2025\/03\/ES_-Hyatt-HR-Interview_4-1.jpg 1620w\" sizes=\"auto, (max-width: 1024px) 100vw, 1024px\" \/><\/a><\/figure>\n\n\n\n<h2 class=\"wp-block-heading\"><span class=\"ez-toc-section\" id=\"Implementando_una_cultura_DEIB_efectiva\"><\/span>Implementando una cultura DEIB efectiva<span class=\"ez-toc-section-end\"><\/span><\/h2>\n\n\n\n<p>Para que exista un impacto DEIB en el desempe\u00f1o de los empleados, es fundamental implementarlas de manera integral y sostenida. Algunas acciones clave incluyen:<\/p>\n\n\n\n<ol class=\"wp-block-list\">\n<li><strong>Liderazgo comprometido:<\/strong> Los l\u00edderes deben ser ejemplo y promotores activos de la cultura DEIB en todos los niveles de la organizaci\u00f3n.<br><br><\/li>\n\n\n\n<li><strong>Formaci\u00f3n continua:<\/strong> Ofrecer programas de capacitaci\u00f3n regulares sobre temas de diversidad, equidad e inclusi\u00f3n para todos los empleados. Si quieres aprender cu\u00e1l es la mejor forma de hacerlo, te invitamos a descargar esta <a href=\"https:\/\/ifeelonline.com\/ebooks\/claves-para-inspirar-el-crecimiento-del-empleado\/?partner=ifeel_internLinkPost\">gu\u00eda para inspirar el crecimiento del empleado.<\/a><br><a href=\"https:\/\/ifeelonline.com\/ebooks\/claves-para-inspirar-el-crecimiento-del-empleado\/?partner=ifeel_internLinkPost\"><br><\/a><\/li>\n\n\n\n<li><strong>Pol\u00edticas y pr\u00e1cticas inclusivas<\/strong>: Revisar y actualizar las pol\u00edticas de la empresa para asegurar que sean equitativas e inclusivas en todos los aspectos, desde la contrataci\u00f3n hasta el desarrollo profesional. Desde ifeel, hemos dise\u00f1ado este <a href=\"https:\/\/ifeelonline.com\/ebooks\/manual-para-hr-managers-sesgos-cognitivos\/?partner=ifeel_internLinkPost\">manual para HR managers,<\/a> para que aprendan c\u00f3mo identificar los sesgos cognitivos y mejoren los procesos de selecci\u00f3n en la empresa. \u00a1Desc\u00e1rgalo gratis!<br><br><\/li>\n\n\n\n<li><strong>Medici\u00f3n y seguimiento:<\/strong> Establecer m\u00e9tricas claras para <strong>evaluar el progreso<\/strong> y el impacto de las iniciativas DEIB en el desempe\u00f1o de los empleados y la organizaci\u00f3n.<br><br><\/li>\n\n\n\n<li><strong>Fomento de la pertenencia:<\/strong> Crear espacios y oportunidades para que los empleados se sientan conectados y valorados como parte integral de la empresa. Desde ifeel, hemos dise\u00f1ado este recurso con consejos pr\u00e1cticos que podr\u00e1s implementar para<a href=\"https:\/\/ifeelonline.com\/ebooks\/salvavidas-all-in-one-para-hr-managers\/?partner=ifeel_internLinkPost\"> fomentar la seguridad psicol\u00f3gica en el trabajo.<\/a><br><\/li>\n<\/ol>\n\n\n\n<div class=\"wp-block-group tu-clase-de-bloque has-background is-layout-constrained wp-block-group-is-layout-constrained\" style=\"background-color:#1b4291\">\n<h2 class=\"wp-block-heading has-text-color has-link-color wp-elements-1dcf58a6b6ce8a9bf09b2e2b930eceef\" style=\"color:#ffa593\"><span class=\"ez-toc-section\" id=\"Nota_para_lideres_%F0%9F%94%8E\"><\/span>Nota para l\u00edderes \ud83d\udd0e<span class=\"ez-toc-section-end\"><\/span><\/h2>\n\n\n\n<p class=\"has-white-color has-text-color has-link-color wp-elements-0af121bf9675e1fd84f0d1de12646893\">El impacto DEIB en el desempe\u00f1o de los empleados es un tema crucial para los l\u00edderes modernos. Al fomentar un entorno donde cada individuo se siente valorado y seguro, <strong>los l\u00edderes pueden impulsar una mayor creatividad y colaboraci\u00f3n<\/strong>. <\/p>\n\n\n\n<p class=\"has-white-color has-text-color has-link-color wp-elements-a8121595765ab83419b7b9131fc3a130\">Por esta raz\u00f3n, los l\u00edderes deben ser<strong> proactivos en la implementaci\u00f3n de estas pol\u00edticas<\/strong>, asegur\u00e1ndose de que todos tengan voz y acceso a oportunidades. Al hacerlo, no solo mejoran el rendimiento individual, sino que tambi\u00e9n fortalecen la cultura organizacional y promueven un crecimiento sostenible.<\/p>\n<\/div>\n\n\n\n<h2 class=\"wp-block-heading\"><span class=\"ez-toc-section\" id=\"Ejercicio_practico_Fomentando_la_empatia_y_la_inclusion\"><\/span>Ejercicio pr\u00e1ctico: Fomentando la empat\u00eda y la inclusi\u00f3n<span class=\"ez-toc-section-end\"><\/span><\/h2>\n\n\n\n<p>Para ayudar a implementar y <strong>fortalecer la cultura DEIB en tu organizaci\u00f3n,<\/strong> te proponemos el siguiente ejercicio pr\u00e1ctico:<\/p>\n\n\n\n<h3 class=\"wp-block-heading\">&#8220;C\u00edrculos de Identidad&#8221;<\/h3>\n\n\n\n<p><strong>Objetivo:<\/strong> Fomentar la inclusi\u00f3n, reducir los prejuicios y aumentar la comprensi\u00f3n de la diversidad dentro de los equipos de trabajo.<\/p>\n\n\n\n<p><strong>Materiales:<\/strong><\/p>\n\n\n\n<ul class=\"wp-block-list\">\n<li>Hojas grandes de papel para cada participante<\/li>\n\n\n\n<li>Marcadores de colores<\/li>\n\n\n\n<li>Espacio para que los participantes se muevan y formen grupos<\/li>\n<\/ul>\n\n\n\n<p><strong>Procedimiento:<\/strong><\/p>\n\n\n\n<ol class=\"wp-block-list\">\n<li>Entrega a cada participante una hoja grande de papel y marcadores.<\/li>\n\n\n\n<li>Pide a los participantes que dibujen un c\u00edrculo grande en el centro de su papel y escriban su nombre dentro.<\/li>\n\n\n\n<li>Alrededor del c\u00edrculo central, solicita que dibujen c\u00edrculos m\u00e1s peque\u00f1os (5-7) y dentro de cada uno <strong>escriban un aspecto de su identidad que consideren importante<\/strong> (por ejemplo, nacionalidad, profesi\u00f3n, rol familiar, pasatiempo, creencia, etc.).<\/li>\n\n\n\n<li>Una vez completados los c\u00edrculos, pide a los participantes que se levanten y caminen por la sala, observando los c\u00edrculos de los dem\u00e1s.<\/li>\n\n\n\n<li>Despu\u00e9s de unos minutos, <strong>anuncia una categor\u00eda <\/strong>(por ejemplo, &#8220;pasatiempos&#8221;) y pide a los participantes que<strong> formen grupos basados en similitudes en esa categor\u00eda.<\/strong><\/li>\n\n\n\n<li>En estos grupos peque\u00f1os, anima a los participantes a compartir <strong>por qu\u00e9 ese aspecto de su identidad es importante para ellos.<\/strong><\/li>\n\n\n\n<li>Repite el proceso con diferentes categor\u00edas, asegur\u00e1ndote de que los participantes <strong>formen nuevos grupos cada vez.<\/strong><\/li>\n\n\n\n<li>Concluye con una discusi\u00f3n grupal, reflexionando sobre:<\/li>\n<\/ol>\n\n\n\n<ul class=\"wp-block-list\">\n<li>Sorpresas al descubrir <strong>similitudes<\/strong> inesperadas<\/li>\n\n\n\n<li>C\u00f3mo se sintieron al <strong>compartir <\/strong>aspectos de su identidad<\/li>\n\n\n\n<li>Qu\u00e9 <strong>aprendieron <\/strong>sobre la diversidad dentro del equipo<\/li>\n\n\n\n<li>C\u00f3mo esta actividad puede <strong>influir <\/strong>en su forma de trabajar juntos<\/li>\n<\/ul>\n\n\n\n<p><\/p>\n\n\n\n<p>Este ejercicio ayuda a los participantes a reconocer la <strong>multidimensionalidad de la identidad,<\/strong> fomenta la empat\u00eda al compartir experiencias personales, y destaca tanto las similitudes como las diferencias entre los miembros del equipo, promoviendo as\u00ed una cultura DEIB m\u00e1s fuerte y efectiva, que, en consecuencia, <strong>permita fortalecer el impacto DEIB en el desempe\u00f1o de los empleados.<\/strong><\/p>\n\n\n\n<h2 class=\"wp-block-heading\"><span class=\"ez-toc-section\" id=\"La_salud_mental_en_el_trabajo_uno_de_los_mayores_retos_de_las_organizaciones_empresariales_en_la_actualidad\"><\/span><strong>La salud mental en el trabajo, uno de los mayores retos de las organizaciones empresariales en la actualidad<\/strong><span class=\"ez-toc-section-end\"><\/span><\/h2>\n\n\n\n<p>Desde&nbsp;<strong>ifeel,&nbsp;<\/strong>sabemos que la implementaci\u00f3n de una cultura DEIB s\u00f3lida no solo es \u00e9ticamente correcta, sino que tambi\u00e9n<strong> tiene un impacto directo y positivo en el desempe\u00f1o de los empleados y el \u00e9xito general de la organizaci\u00f3n<\/strong>. <\/p>\n\n\n\n<blockquote class=\"wp-block-quote has-text-align-center is-layout-flow wp-block-quote-is-layout-flow\">\n<p>Adem\u00e1s, para apoyarte en este proceso, desde ifeel hemos dise\u00f1ado una<a href=\"https:\/\/ifeelonline.com\/guia-para-integrar-la-estrategia-deib-en-tu-cultura-corporativa\/?partner=ifeel_internLinkPost\"> Gu\u00eda para integrar la Estrategia DEIB en tu Cultura Corporativa<\/a>, para que aprendas herramientas clave para fomentar la diversidad, equidad, inclusi\u00f3n y pertenencia en tu empresa. Prioriza una cultura empresarial inclusiva y fortalecida con solo un clic.<\/p>\n<\/blockquote>\n\n\n\n<p>Adicionalmente, <strong>nuestro equipo cl\u00ednico brinda a las compa\u00f1\u00edas l\u00edderes en su sector una&nbsp;<a href=\"https:\/\/ifeelonline.com\/como-funciona-ifeel-bienestar-laboral\/\">soluci\u00f3n din\u00e1mica, escalable y totalmente personalizada,<\/a>&nbsp;potenciada por la IA.<\/strong>&nbsp;Contamos con una estrategia y enfoque basados en datos clave, para ayudar a las organizaciones con presencia global a abordar uno de los mayores desaf\u00edos empresariales de la actualidad: la salud mental en el trabajo.<\/p>\n\n\n\n<p>Esta soluci\u00f3n ofrece a los empleados un<strong>&nbsp;servicio de cuidado de su salud mental estructurado en diferentes niveles<\/strong>&nbsp;en funci\u00f3n de lo que necesiten en cada momento. Descubre nuestra secci\u00f3n de Recursos donde encontrar\u00e1s diferentes materiales, como<a href=\"https:\/\/ifeelonline.com\/webinars-bienestar-laboral-ifeel\/\">&nbsp;Webinars<\/a>,&nbsp;<a href=\"https:\/\/ifeelonline.com\/podcast-salud-laboral\/\">Podcast<\/a>,&nbsp;<a href=\"https:\/\/ifeelonline.com\/ebooks\/\">Gu\u00edas para Recursos Humanos<\/a>&nbsp;con tem\u00e1ticas de actualidad y&nbsp;<a href=\"https:\/\/ifeelonline.com\/entrevistas-ifeel\/\">Entrevistas<\/a>&nbsp;con l\u00edderes de grandes organizaciones.&nbsp;<\/p>\n\n\n\n<h4 class=\"wp-block-heading\"><strong>Metodolog\u00eda basada en datos:<\/strong><\/h4>\n\n\n\n<p>Nuestra soluci\u00f3n de salud mental para empresas emplea&nbsp;<strong>pr\u00e1cticas basadas en la evidencia y m\u00e9todos innovadores,<\/strong>&nbsp;respaldados por la investigaci\u00f3n m\u00e1s reciente y una red de m\u00e1s de 600 profesionales de la salud mental. \u00bfTe gustar\u00eda saber m\u00e1s sobre nuestro&nbsp;<a href=\"https:\/\/ifeelonline.com\/nuestro-departamento-de-investigacion-clinica\/\">Departamento de Investigaci\u00f3n Cl\u00ednica<\/a>?&nbsp; No te olvides de visitar esta secci\u00f3n para mantenerte siempre informado sobre los \u00faltimos estudios e investigaciones en salud mental dentro de los entornos corporativos.<\/p>\n\n\n\n<p>\u200b\u200bEsperamos que este post sobre&nbsp;el <strong>impacto DEIB en el desempe\u00f1o de los empleados&nbsp;<\/strong>te haya resultado interesante.<\/p>\n\n\n\n<p>Si deseas obtener m\u00e1s informaci\u00f3n sobre el&nbsp;<strong>ROI de nuestra soluci\u00f3n personalizada de salud mental para empresas<\/strong>,&nbsp;<a href=\"https:\/\/ifeelonline.com\/solicitar-demo\/\">simplemente solic\u00edtalo aqu\u00ed&nbsp;<\/a>y nuestro equipo realizar\u00e1 un c\u00e1lculo adaptado a las caracter\u00edsticas espec\u00edficas de tu empresa.<\/p>\n\n    <div class=\"xs_social_share_widget xs_share_url after_content \t\tmain_content  wslu-style-1 wslu-share-box-shaped wslu-fill-colored wslu-none wslu-share-horizontal wslu-theme-font-no wslu-main_content\">\n\n\t\t\n        <ul>\n\t\t\t        <\/ul>\n    <\/div> \n","protected":false},"excerpt":{"rendered":"<p>Las organizaciones modernas han demostrado que la verdadera ventaja competitiva se encuentra en la manera en la que gestionan y valoran a su activo m\u00e1s importante: su gente. Por esta raz\u00f3n, la implementaci\u00f3n de una cultura DEIB (Diversidad, Equidad, Inclusi\u00f3n y Pertenencia) en las empresas, se ha posicionado como ese factor crucial que permite el [&hellip;]<\/p>\n","protected":false},"author":62,"featured_media":15639,"comment_status":"closed","ping_status":"open","sticky":false,"template":"","format":"standard","meta":{"content-type":"","postBodyCss":"","postBodyMargin":[],"postBodyPadding":[],"postBodyBackground":{"backgroundType":"classic","gradient":""},"footnotes":""},"categories":[311,472],"tags":[],"class_list":["post-15197","post","type-post","status-publish","format-standard","has-post-thumbnail","hentry","category-salud-laboral","category-motivacion-laboral"],"_links":{"self":[{"href":"https:\/\/ifeelonline.com\/es\/wp-json\/wp\/v2\/posts\/15197","targetHints":{"allow":["GET"]}}],"collection":[{"href":"https:\/\/ifeelonline.com\/es\/wp-json\/wp\/v2\/posts"}],"about":[{"href":"https:\/\/ifeelonline.com\/es\/wp-json\/wp\/v2\/types\/post"}],"author":[{"embeddable":true,"href":"https:\/\/ifeelonline.com\/es\/wp-json\/wp\/v2\/users\/62"}],"replies":[{"embeddable":true,"href":"https:\/\/ifeelonline.com\/es\/wp-json\/wp\/v2\/comments?post=15197"}],"version-history":[{"count":0,"href":"https:\/\/ifeelonline.com\/es\/wp-json\/wp\/v2\/posts\/15197\/revisions"}],"wp:featuredmedia":[{"embeddable":true,"href":"https:\/\/ifeelonline.com\/es\/wp-json\/wp\/v2\/media\/15639"}],"wp:attachment":[{"href":"https:\/\/ifeelonline.com\/es\/wp-json\/wp\/v2\/media?parent=15197"}],"wp:term":[{"taxonomy":"category","embeddable":true,"href":"https:\/\/ifeelonline.com\/es\/wp-json\/wp\/v2\/categories?post=15197"},{"taxonomy":"post_tag","embeddable":true,"href":"https:\/\/ifeelonline.com\/es\/wp-json\/wp\/v2\/tags?post=15197"}],"curies":[{"name":"wp","href":"https:\/\/api.w.org\/{rel}","templated":true}]}}