{"id":14927,"date":"2025-02-25T11:49:49","date_gmt":"2025-02-25T10:49:49","guid":{"rendered":"https:\/\/ifeelonline.com\/?p=14927"},"modified":"2025-02-25T11:49:52","modified_gmt":"2025-02-25T10:49:52","slug":"relacion-entre-inteligencia-emocional-y-retencion-de-talento","status":"publish","type":"post","link":"https:\/\/ifeelonline.com\/es\/salud-laboral\/relacion-entre-inteligencia-emocional-y-retencion-de-talento\/","title":{"rendered":"Relaci\u00f3n entre Inteligencia Emocional y Retenci\u00f3n de Talento: 5 claves para fomentarla"},"content":{"rendered":"<div id=\"ez-toc-container\" class=\"ez-toc-v2_0_81 counter-hierarchy ez-toc-counter ez-toc-custom ez-toc-container-direction\">\n<div class=\"ez-toc-title-container\">\n<p class=\"ez-toc-title\" style=\"cursor:inherit\">Contenidos<\/p>\n<span class=\"ez-toc-title-toggle\"><a href=\"#\" class=\"ez-toc-pull-right ez-toc-btn ez-toc-btn-xs ez-toc-btn-default ez-toc-toggle\" aria-label=\"Toggle Table of Content\"><span class=\"ez-toc-js-icon-con\"><span class=\"\"><span class=\"eztoc-hide\" style=\"display:none;\">Toggle<\/span><span class=\"ez-toc-icon-toggle-span\"><svg style=\"fill: #51607e;color:#51607e\" xmlns=\"http:\/\/www.w3.org\/2000\/svg\" class=\"list-377408\" width=\"20px\" height=\"20px\" viewBox=\"0 0 24 24\" fill=\"none\"><path d=\"M6 6H4v2h2V6zm14 0H8v2h12V6zM4 11h2v2H4v-2zm16 0H8v2h12v-2zM4 16h2v2H4v-2zm16 0H8v2h12v-2z\" fill=\"currentColor\"><\/path><\/svg><svg style=\"fill: #51607e;color:#51607e\" class=\"arrow-unsorted-368013\" xmlns=\"http:\/\/www.w3.org\/2000\/svg\" width=\"10px\" height=\"10px\" viewBox=\"0 0 24 24\" version=\"1.2\" baseProfile=\"tiny\"><path d=\"M18.2 9.3l-6.2-6.3-6.2 6.3c-.2.2-.3.4-.3.7s.1.5.3.7c.2.2.4.3.7.3h11c.3 0 .5-.1.7-.3.2-.2.3-.5.3-.7s-.1-.5-.3-.7zM5.8 14.7l6.2 6.3 6.2-6.3c.2-.2.3-.5.3-.7s-.1-.5-.3-.7c-.2-.2-.4-.3-.7-.3h-11c-.3 0-.5.1-.7.3-.2.2-.3.5-.3.7s.1.5.3.7z\"\/><\/svg><\/span><\/span><\/span><\/a><\/span><\/div>\n<nav><ul class='ez-toc-list ez-toc-list-level-1 eztoc-toggle-hide-by-default' ><li class='ez-toc-page-1 ez-toc-heading-level-2'><a class=\"ez-toc-link ez-toc-heading-1\" href=\"https:\/\/ifeelonline.com\/es\/salud-laboral\/relacion-entre-inteligencia-emocional-y-retencion-de-talento\/#La_Inteligencia_Emocional_como_pilar_del_liderazgo_moderno\" >La Inteligencia Emocional como pilar del liderazgo moderno<\/a><\/li><li class='ez-toc-page-1 ez-toc-heading-level-2'><a class=\"ez-toc-link ez-toc-heading-2\" href=\"https:\/\/ifeelonline.com\/es\/salud-laboral\/relacion-entre-inteligencia-emocional-y-retencion-de-talento\/#Relacion_entre_inteligencia_emocional_y_retencion_de_talento_un_vinculo_estrategico\" >Relaci\u00f3n entre inteligencia emocional y retenci\u00f3n de talento: un v\u00ednculo estrat\u00e9gico<\/a><\/li><li class='ez-toc-page-1 ez-toc-heading-level-2'><a class=\"ez-toc-link ez-toc-heading-3\" href=\"https:\/\/ifeelonline.com\/es\/salud-laboral\/relacion-entre-inteligencia-emocional-y-retencion-de-talento\/#Beneficios_tangibles_de_la_relacion_entre_inteligencia_emocional_y_retencion_de_talento\" >Beneficios tangibles de la relaci\u00f3n entre inteligencia emocional y retenci\u00f3n de talento<\/a><\/li><li class='ez-toc-page-1 ez-toc-heading-level-2'><a class=\"ez-toc-link ez-toc-heading-4\" href=\"https:\/\/ifeelonline.com\/es\/salud-laboral\/relacion-entre-inteligencia-emocional-y-retencion-de-talento\/#Estrategias_para_fortalecer_la_relacion_entre_inteligencia_emocional_y_retencion_de_talento\" >Estrategias para fortalecer la relaci\u00f3n entre inteligencia emocional y retenci\u00f3n de talento<\/a><\/li><li class='ez-toc-page-1 ez-toc-heading-level-2'><a class=\"ez-toc-link ez-toc-heading-5\" href=\"https:\/\/ifeelonline.com\/es\/salud-laboral\/relacion-entre-inteligencia-emocional-y-retencion-de-talento\/#Posibles_desafios_en_la_implementacion\" >Posibles desaf\u00edos en la implementaci\u00f3n<\/a><\/li><li class='ez-toc-page-1 ez-toc-heading-level-2'><a class=\"ez-toc-link ez-toc-heading-6\" href=\"https:\/\/ifeelonline.com\/es\/salud-laboral\/relacion-entre-inteligencia-emocional-y-retencion-de-talento\/#Nota_para_lideres_%F0%9F%94%8E\" >Nota para l\u00edderes \ud83d\udd0e<\/a><\/li><li class='ez-toc-page-1 ez-toc-heading-level-2'><a class=\"ez-toc-link ez-toc-heading-7\" href=\"https:\/\/ifeelonline.com\/es\/salud-laboral\/relacion-entre-inteligencia-emocional-y-retencion-de-talento\/#La_salud_mental_en_el_trabajo_uno_de_los_mayores_retos_de_las_organizaciones_empresariales_en_la_actualidad\" >La salud mental en el trabajo, uno de los mayores retos de las organizaciones empresariales en la actualidad<\/a><\/li><\/ul><\/nav><\/div>\n\n<p>La competencia por el talento en el \u00e1mbito corporativo ha alcanzado niveles sin precedentes, convirtiendo la relaci\u00f3n entre inteligencia emocional y retenci\u00f3n de talento en un <strong>factor determinante para el \u00e9xito organizacional.<\/strong><\/p>\n\n\n\n<p>Hoy en d\u00eda, las grandes empresas internacionales, est\u00e1n descubriendo una verdad fundamental: la habilidad de sus l\u00edderes para gestionar emociones, tanto propias como ajenas,<strong> impacta directamente en la satisfacci\u00f3n, el compromiso y la permanencia de sus trabajadores m\u00e1s valiosos<\/strong>.<\/p>\n\n\n\n<p>Esta realidad emergente est\u00e1 redefiniendo las estrategias de recursos humanos y liderazgo en todo el mundo. La <a href=\"https:\/\/ifeelonline.com\/salud-laboral\/estrategias-de-inteligencia-emocional-para-lideres\/\">inteligencia emocional<\/a>, lejos de ser un concepto abstracto, se ha convertido en una herramienta tangible y poderosa para crear entornos laborales que no solo atraen al mejor talento, <strong>sino que tambi\u00e9n lo cultivan y retienen a largo plazo.\u00a0<\/strong><\/p>\n\n\n\n<blockquote class=\"wp-block-quote has-text-align-center is-layout-flow wp-block-quote-is-layout-flow\">\n<p>Descarga nuestro <a href=\"https:\/\/ifeelonline.com\/ebooks\/inteligencia-emocional-para-lideres\/?partner=ifeel_internLinkPost\"><strong>manual de inteligencia emocional para l\u00edderes<\/strong><\/a> y descubre c\u00f3mo esta valiosa herramienta puede transformar tu liderazgo y beneficiar a toda tu organizaci\u00f3n.<\/p>\n<\/blockquote>\n\n\n\n<h2 class=\"wp-block-heading\"><span class=\"ez-toc-section\" id=\"La_Inteligencia_Emocional_como_pilar_del_liderazgo_moderno\"><\/span>La Inteligencia Emocional como pilar del liderazgo moderno<span class=\"ez-toc-section-end\"><\/span><\/h2>\n\n\n\n<p>La inteligencia emocional, concepto popularizado por Daniel Goleman, se define como la capacidad de <strong>reconocer, comprender y manejar <\/strong>nuestras propias emociones, as\u00ed como reconocer, entender e influir en las emociones de los dem\u00e1s.\u00a0<\/p>\n\n\n\n<p>En el contexto del liderazgo empresarial, esta habilidad se ha vuelto tan importante como la experiencia t\u00e9cnica o la visi\u00f3n estrat\u00e9gica, ya que un l\u00edder emocionalmente inteligente puede:<\/p>\n\n\n\n<ol class=\"wp-block-list\">\n<li>Crear un ambiente de trabajo <strong>positivo y motivador<\/strong><\/li>\n\n\n\n<li><strong>Resolver conflictos<\/strong> de manera efectiva<\/li>\n\n\n\n<li>Inspirar y guiar a sus equipos <strong>hacia el \u00e9xito<\/strong><\/li>\n\n\n\n<li>Adaptarse <strong>r\u00e1pidamente <\/strong>a los cambios y desaf\u00edos<\/li>\n<\/ol>\n\n\n\n<p><\/p>\n\n\n\n<p>Estos atributos son fundamentales para construir una cultura organizacional que no solo atraiga al mejor talento, sino que<strong> tambi\u00e9n lo retenga a largo plazo.<\/strong><\/p>\n\n\n\n<h2 class=\"wp-block-heading\"><span class=\"ez-toc-section\" id=\"Relacion_entre_inteligencia_emocional_y_retencion_de_talento_un_vinculo_estrategico\"><\/span>Relaci\u00f3n entre inteligencia emocional y retenci\u00f3n de talento: un v\u00ednculo estrat\u00e9gico<span class=\"ez-toc-section-end\"><\/span><\/h2>\n\n\n\n<p>La Relaci\u00f3n entre Inteligencia Emocional y retenci\u00f3n de talento se ha convertido en un factor cr\u00edtico para el \u00e9xito organizacional en el competitivo mundo empresarial actual. Esta conexi\u00f3n va m\u00e1s all\u00e1 de una simple correlaci\u00f3n, <strong>representando un v\u00ednculo estrat\u00e9gico que influye directamente en la capacidad de las empresas para mantener a sus empleados m\u00e1s valiosos.<\/strong><\/p>\n\n\n\n<p>B\u00e1sicamente, porque al invertir en el desarrollo de la inteligencia emocional, especialmente en los niveles de liderazgo,<strong> las organizaciones pueden crear un ambiente de trabajo m\u00e1s atractivo, satisfactorio y estable,<\/strong> lo que en \u00faltima instancia conduce a una mayor retenci\u00f3n del talento valioso.&nbsp;<\/p>\n\n\n\n<p>Es por ello que se puede decir que esta relaci\u00f3n no solo beneficia a los empleados individuales, sino que tambi\u00e9n <strong>contribuye significativamente al \u00e9xito y la sostenibilidad a largo plazo de la organizaci\u00f3n<\/strong>.&nbsp;<\/p>\n\n\n\n<h2 class=\"wp-block-heading\"><span class=\"ez-toc-section\" id=\"Beneficios_tangibles_de_la_relacion_entre_inteligencia_emocional_y_retencion_de_talento\"><\/span>Beneficios tangibles de la relaci\u00f3n entre inteligencia emocional y retenci\u00f3n de talento<span class=\"ez-toc-section-end\"><\/span><\/h2>\n\n\n\n<p>Cuando se implementa de manera efectiva, el enfoque en la inteligencia emocional puede tener beneficios significativos para la organizaci\u00f3n, tales como:<\/p>\n\n\n\n<h3 class=\"wp-block-heading\">1. Creaci\u00f3n de un ambiente laboral positivo<\/h3>\n\n\n\n<p>Los l\u00edderes con alta inteligencia emocional son capaces de crear un ambiente de trabajo m\u00e1s positivo y emp\u00e1tico. Ya que, seg\u00fan los <a href=\"https:\/\/www.arcjournals.org\/pdfs\/ijmsr\/v7-i8\/2.pdf\" target=\"_blank\" rel=\"noreferrer noopener\">estudios<\/a>, la inteligencia emocional de los l\u00edderes <strong>tiene un efecto significativamente positivo<\/strong> en la intenci\u00f3n de retenci\u00f3n de sus subordinados directos.<\/p>\n\n\n\n<p>Esto se debe a que estos l\u00edderes son m\u00e1s propensos a:<\/p>\n\n\n\n<ul class=\"wp-block-list\">\n<li>Reconocer y abordar las preocupaciones de los empleados de manera efectiva<\/li>\n\n\n\n<li>Proporcionar retroalimentaci\u00f3n constructiva<\/li>\n\n\n\n<li>Manejar los conflictos de manera m\u00e1s eficaz<\/li>\n<\/ul>\n\n\n\n<blockquote class=\"wp-block-quote has-text-align-center is-layout-flow wp-block-quote-is-layout-flow\">\n<p>Desde ifeel, hemos dise\u00f1ado un<a href=\"https:\/\/ifeelonline.com\/ebooks\/cultura-positiva\/?partner=ifeel_internLinkPost\"> recurso imprescindible para fomentar una cultura positiva en tu organizaci\u00f3n<\/a>. Descubre estrategias efectivas para mejorar el ambiente laboral y potenciar el bienestar de tus trabajadores. \u00a1No te lo pierdas y desc\u00e1rgalo gratis ahora!<\/p>\n<\/blockquote>\n\n\n\n<h3 class=\"wp-block-heading\">2. Mejora de la comunicaci\u00f3n y las relaciones interpersonales<\/h3>\n\n\n\n<p>La inteligencia emocional facilita una comunicaci\u00f3n m\u00e1s efectiva y la construcci\u00f3n de relaciones m\u00e1s s\u00f3lidas dentro de la organizaci\u00f3n. Los empleados que<strong> se sienten escuchados y valorados son m\u00e1s propensos a permanecer en la empresa a largo plazo,<\/strong> evidenciando la relaci\u00f3n entre Inteligencia Emocional y retenci\u00f3n de talento.\u00a0<\/p>\n\n\n\n<blockquote class=\"wp-block-quote is-layout-flow wp-block-quote-is-layout-flow\">\n<blockquote class=\"wp-block-quote has-text-align-center is-layout-flow wp-block-quote-is-layout-flow\">\n<p class=\"has-text-align-center\"><em>&#8220;Nuestro valor &#8216;Confiamos en la confianza&#8217; se basa en varios pilares fundamentales. A nivel descendente, los l\u00edderes hacemos todo lo posible por brindar un ambiente de apoyo, confianza y desarrollo profesional, ofreciendo feedback constructivo y oportunidades de crecimiento.&#8221;<\/em><\/p>\n\n\n\n<p class=\"has-text-align-center\"><a href=\"https:\/\/ifeelonline.com\/ifeel-interview-virginia-grenon-lobato\/\"><strong>Virginia Gren\u00f3n Lobato<\/strong>, Responsable Global de Operaciones de Recursos Humanos de <strong>Cabify<\/strong><\/a>, empresa partner de ifeel.&nbsp;<\/p>\n<\/blockquote>\n<\/blockquote>\n\n\n\n<h3 class=\"wp-block-heading\">3. Aumento del compromiso y la satisfacci\u00f3n laboral<\/h3>\n\n\n\n<p>La inteligencia emocional contribuye significativamente al desempe\u00f1o de los empleados, tanto en las tareas como en el contexto laboral. Esto se traduce en un <strong>mayor <a href=\"https:\/\/ifeelonline.com\/salud-laboral\/compromiso-laboral-con-la-empresa\/\">compromiso <\/a>y <a href=\"https:\/\/ifeelonline.com\/salud-laboral\/por-que-es-importante-la-satisfaccion-laboral\/\">satisfacci\u00f3n laboral<\/a><\/strong>, factores clave para la retenci\u00f3n del talento.\u00a0<\/p>\n\n\n\n<p>La raz\u00f3n es simple: los empleados que se sienten emocionalmente conectados con su trabajo y su equipo <strong>son menos propensos a buscar oportunidades en otro lugar.<\/strong><\/p>\n\n\n\n<h3 class=\"wp-block-heading\">4. Desarrollo de liderazgo efectivo<\/h3>\n\n\n\n<p>Un <a href=\"https:\/\/www.scirp.org\/journal\/paperinformation?paperid=132949\" target=\"_blank\" rel=\"noreferrer noopener\">estudio <\/a>reciente indic\u00f3 que la inteligencia emocional tiene un impacto importante en el desempe\u00f1o de los empleados, afectando tanto las oportunidades individuales <strong>como los resultados corporativos generales,<\/strong> ya que los l\u00edderes emocionalmente inteligentes son m\u00e1s capaces de:<\/p>\n\n\n\n<ul class=\"wp-block-list\">\n<li>Inspirar y motivar a sus equipos<\/li>\n\n\n\n<li>Proporcionar apoyo emocional durante tiempos de cambio o estr\u00e9s<\/li>\n\n\n\n<li>Fomentar el desarrollo profesional y personal de sus subordinados<\/li>\n<\/ul>\n\n\n\n<h3 class=\"wp-block-heading\">5. Mejora de la resiliencia organizacional<\/h3>\n\n\n\n<p>La inteligencia emocional contribuye a la<strong> creaci\u00f3n de una <a href=\"https:\/\/ifeelonline.com\/salud-laboral\/resiliencia-en-el-trabajo\/\">fuerza laboral m\u00e1s resiliente<\/a>. <\/strong>Pues, dentro de un entorno empresarial en constante cambio, la capacidad de adaptarse y manejar el estr\u00e9s es crucial.\u00a0<\/p>\n\n\n\n<p>En este sentido, los empleados y l\u00edderes con alta inteligencia emocional son m<strong>\u00e1s capaces de navegar por los desaf\u00edos y cambios,<\/strong> lo que resulta en una menor rotaci\u00f3n de personal durante tiempos dif\u00edciles; evidenciando la relaci\u00f3n entre Inteligencia Emocional y retenci\u00f3n de talento.<\/p>\n\n\n\n<h3 class=\"wp-block-heading\">6. Promoci\u00f3n de una cultura de aprendizaje continuo<\/h3>\n\n\n\n<p>Las organizaciones que valoran y fomentan la inteligencia emocional crean una cultura de aprendizaje continuo. Esto no solo mejora las habilidades de los empleados, sino que tambi\u00e9n<strong> demuestra el compromiso de la empresa con el crecimiento personal <\/strong>y profesional de su personal, un factor significativo en la retenci\u00f3n de talento.<\/p>\n\n\n\n<figure class=\"wp-block-embed is-type-video is-provider-youtube wp-block-embed-youtube wp-embed-aspect-4-3 wp-has-aspect-ratio\"><div class=\"wp-block-embed__wrapper\">\n<iframe loading=\"lazy\" title=\"Webinar ORH Video 2\" width=\"800\" height=\"600\" src=\"https:\/\/www.youtube.com\/embed\/GdLMPnRnuVk?feature=oembed\" frameborder=\"0\" allow=\"accelerometer; autoplay; clipboard-write; encrypted-media; gyroscope; picture-in-picture; web-share\" referrerpolicy=\"strict-origin-when-cross-origin\" allowfullscreen><\/iframe>\n<\/div><figcaption class=\"wp-element-caption\">Contin\u00faa escuchando <a href=\"https:\/\/ifeelonline.com\/webinars-bienestar-laboral-ifeel\/sindrome-post-vacacional-y-objetivos-q4\/?partner=ifeel_internLinkPost\">nuestro webinar,<\/a> para poder aprender m\u00e1s, de la mano de nuestras psic\u00f3logas expertas en bienestar laboral<\/figcaption><\/figure>\n\n\n\n<h2 class=\"wp-block-heading\"><span class=\"ez-toc-section\" id=\"Estrategias_para_fortalecer_la_relacion_entre_inteligencia_emocional_y_retencion_de_talento\"><\/span>Estrategias para fortalecer la relaci\u00f3n entre inteligencia emocional y retenci\u00f3n de talento<span class=\"ez-toc-section-end\"><\/span><\/h2>\n\n\n\n<p>Para los l\u00edderes y directivos de grandes empresas internacionales que buscan mejorar la retenci\u00f3n de talento a trav\u00e9s de la inteligencia emocional, aqu\u00ed hay algunas estrategias clave:<\/p>\n\n\n\n<h3 class=\"wp-block-heading\">1. Desarrollo de programas de formaci\u00f3n en Inteligencia Emocional<\/h3>\n\n\n\n<p>Implementar programas de capacitaci\u00f3n que ayuden a los l\u00edderes y empleados a desarrollar sus habilidades de inteligencia emocional. Estos programas deben enfocarse en los cinco componentes mencionados anteriormente y <strong>proporcionar herramientas pr\u00e1cticas para aplicar estos conceptos en el d\u00eda a d\u00eda laboral.<\/strong><\/p>\n\n\n\n<h3 class=\"wp-block-heading\">2. Fomentar una cultura de comunicaci\u00f3n abierta y honesta<\/h3>\n\n\n\n<p>Establecer canales de comunicaci\u00f3n claros donde los empleados puedan expresar sus preocupaciones y expectativas. Esto no solo mejora la comprensi\u00f3n mutua, sino que<strong> tambi\u00e9n fortalece la confianza entre l\u00edderes y trabajadores<\/strong>.<\/p>\n\n\n\n<h3 class=\"wp-block-heading\">3. Implementar un sistema de reconocimiento y recompensa<\/h3>\n\n\n\n<p>Desarrollar un sistema que <a href=\"https:\/\/ifeelonline.com\/salud-laboral\/programa-de-incentivos-para-empleados\/\">valore y reconozca<\/a> los comportamientos alineados con la inteligencia emocional. Esto puede incluir r<strong>econocimientos p\u00fablicos, bonificaciones o programas de desarrollo profesional <\/strong>para aquellos que demuestren habilidades excepcionales en este \u00e1mbito.<\/p>\n\n\n\n<h3 class=\"wp-block-heading\">4. Liderazgo ejemplar<\/h3>\n\n\n\n<p>Los l\u00edderes deben modelar el comportamiento que esperan ver en sus equipos. Esto implica <strong>demostrar autoconciencia, empat\u00eda y habilidades de comunicaci\u00f3n<\/strong> efectiva en todas las interacciones.<\/p>\n\n\n\n<h3 class=\"wp-block-heading\">5. Integrar la Inteligencia Emocional en los procesos de selecci\u00f3n y promoci\u00f3n<\/h3>\n\n\n\n<p>Incorporar evaluaciones de inteligencia emocional en los procesos de contrataci\u00f3n y promoci\u00f3n interna. Esto asegura que se seleccionen y promuevan individuos que no solo tengan las habilidades t\u00e9cnicas necesarias, sino t<strong>ambi\u00e9n las competencias emocionales para liderar efectivamente.<\/strong><\/p>\n\n\n\n<p><\/p>\n\n\n\n<h2 class=\"wp-block-heading\"><span class=\"ez-toc-section\" id=\"Posibles_desafios_en_la_implementacion\"><\/span>Posibles desaf\u00edos en la implementaci\u00f3n<span class=\"ez-toc-section-end\"><\/span><\/h2>\n\n\n\n<p>A pesar de los claros beneficios, implementar un enfoque basado en la inteligencia emocional no est\u00e1 exento de desaf\u00edos. Algunos de los obst\u00e1culos comunes incluyen:<\/p>\n\n\n\n<figure class=\"wp-block-table\"><table><tbody><tr><td><strong>Desaf\u00edo<\/strong><\/td><td><strong>Descripci\u00f3n<\/strong><\/td><\/tr><tr><td><strong>Resistencia al cambio<\/strong><\/td><td>Algunos l\u00edderes pueden ser <strong>esc\u00e9pticos<\/strong> sobre la importancia de la inteligencia emocional.<\/td><\/tr><tr><td><strong>Dificultad para medir<\/strong><\/td><td>Los resultados de la inteligencia emocional pueden ser <strong>menos tangibles<\/strong> que otros indicadores de rendimiento.<\/td><\/tr><tr><td><strong>Tiempo y recursos<\/strong><\/td><td>Desarrollar la inteligencia emocional requiere una <strong>inversi\u00f3n significativa de tiemp<\/strong>o y recursos.<\/td><\/tr><tr><td><strong>Consisten<\/strong>cia<\/td><td>Mantener un enfoque coherente en la inteligencia emocional a lo largo del tiempo puede ser desafiante.<\/td><\/tr><\/tbody><\/table><\/figure>\n\n\n\n<p>Para superar estos desaf\u00edos, es crucial contar con el apoyo de la alta direcci\u00f3n y desarrollar un plan a largo plazo con objetivos claros y medibles.<\/p>\n\n\n\n<p>Pues, a medida que el mundo laboral contin\u00faa evolucionando, la Relaci\u00f3n entre Inteligencia Emocional y Retenci\u00f3n de Talento se volver\u00e1 a\u00fan m\u00e1s cr\u00edtica. Las organizaciones que inviertan en desarrollar l\u00edderes emocionalmente inteligentes estar\u00e1n mejor posicionadas para atraer, retener y nutrir al mejor talento.<\/p>\n\n\n\n<div class=\"wp-block-group tu-clase-de-bloque has-background is-layout-constrained wp-block-group-is-layout-constrained\" style=\"background-color:#1b4291\">\n<h2 class=\"wp-block-heading has-text-color has-link-color wp-elements-1dcf58a6b6ce8a9bf09b2e2b930eceef\" style=\"color:#ffa593\"><span class=\"ez-toc-section\" id=\"Nota_para_lideres_%F0%9F%94%8E\"><\/span>Nota para l\u00edderes \ud83d\udd0e<span class=\"ez-toc-section-end\"><\/span><\/h2>\n\n\n\n<p class=\"has-white-color has-text-color has-link-color wp-elements-7c0424c255cfba4f7a09093bb402340a\">Como l\u00edder, dominar la inteligencia emocional es crucial para <strong>fomentar un ambiente laboral que no solo atraiga, sino que tambi\u00e9n retenga al talento.<\/strong> La capacidad de reconocer, comprender y gestionar las emociones propias y ajenas permite a los l\u00edderes construir relaciones m\u00e1s fuertes y un clima organizacional positivo. <\/p>\n\n\n\n<p class=\"has-white-color has-text-color has-link-color wp-elements-d66c29001c85ae7a07bf086c68d6e36a\">Al priorizar el bienestar emocional y crear conexiones genuinas, los l\u00edderes no solo retienen talento clave, sino que tambi\u00e9n <strong>impulsan un rendimiento sostenido y un compromiso aut\u00e9ntico en sus equipos.<\/strong><\/p>\n<\/div>\n\n\n\n<h2 class=\"wp-block-heading\"><span class=\"ez-toc-section\" id=\"La_salud_mental_en_el_trabajo_uno_de_los_mayores_retos_de_las_organizaciones_empresariales_en_la_actualidad\"><\/span><strong>La salud mental en el trabajo, uno de los mayores retos de las organizaciones empresariales en la actualidad<\/strong><span class=\"ez-toc-section-end\"><\/span><\/h2>\n\n\n\n<p>Desde ifeel, sabemos que la relaci\u00f3n entre Inteligencia Emocional y Retenci\u00f3n de Talento es m\u00e1s que una tendencia pasajera; es un factor cr\u00edtico para el \u00e9xito empresarial en el siglo XXI. Los l\u00edderes y directivos de grandes empresas internacionales que reconozcan y act\u00faen sobre esta relaci\u00f3n <strong>estar\u00e1n mejor equipados para construir organizaciones resilientes, innovadoras y exitosas a largo plazo.<\/strong><\/p>\n\n\n\n<blockquote class=\"wp-block-quote is-layout-flow wp-block-quote-is-layout-flow\">\n<p class=\"has-text-align-center\">Para ayudar en este proceso, nuestro equipo de psic\u00f3logos cl\u00ednicos ha desarrollado un <a href=\"https:\/\/ifeelonline.com\/ebooks\/inteligencia-emocional-para-lideres\/?partner=ifeel_internLinkPost\"><strong>manual de inteligencia emocional para l\u00edderes<\/strong><\/a> que te ayudar\u00e1 a descubrr c\u00f3mo transformar tu liderazgo y beneficiar a toda tu organizaci\u00f3n.<\/p>\n<\/blockquote>\n\n\n\n<p>Adem\u00e1s<strong>, nuestro equipo cl\u00ednico brinda a las compa\u00f1\u00edas l\u00edderes en su sector una&nbsp;<a href=\"https:\/\/ifeelonline.com\/como-funciona-ifeel-bienestar-laboral\/\">soluci\u00f3n din\u00e1mica, escalable y totalmente personalizada,<\/a>&nbsp;potenciada por la IA.<\/strong>&nbsp;Contamos con una estrategia y enfoque basados en datos clave, para ayudar a las organizaciones con presencia global a abordar uno de los mayores desaf\u00edos empresariales de la actualidad: la salud mental en el trabajo.<\/p>\n\n\n\n<p>Esta soluci\u00f3n ofrece a los empleados un<strong>&nbsp;servicio de cuidado de su salud mental estructurado en diferentes niveles<\/strong>&nbsp;en funci\u00f3n de lo que necesiten en cada momento. Descubre nuestra secci\u00f3n de Recursos donde encontrar\u00e1s diferentes materiales, como<a href=\"https:\/\/ifeelonline.com\/webinars-bienestar-laboral-ifeel\/\">&nbsp;Webinars<\/a>,&nbsp;<a href=\"https:\/\/ifeelonline.com\/podcast-salud-laboral\/\">Podcast<\/a>,&nbsp;<a href=\"https:\/\/ifeelonline.com\/ebooks\/\">Gu\u00edas para Recursos Humanos<\/a>&nbsp;con tem\u00e1ticas de actualidad y&nbsp;<a href=\"https:\/\/ifeelonline.com\/entrevistas-ifeel\/\">Entrevistas<\/a>&nbsp;con l\u00edderes de grandes organizaciones.&nbsp;<\/p>\n\n\n\n<h4 class=\"wp-block-heading\"><strong>Metodolog\u00eda basada en datos:<\/strong><\/h4>\n\n\n\n<p>Nuestra soluci\u00f3n de salud mental para empresas emplea&nbsp;<strong>pr\u00e1cticas basadas en la evidencia y m\u00e9todos innovadores,<\/strong>&nbsp;respaldados por la investigaci\u00f3n m\u00e1s reciente y una red de m\u00e1s de 600 profesionales de la salud mental. \u00bfTe gustar\u00eda saber m\u00e1s sobre nuestro&nbsp;<a href=\"https:\/\/ifeelonline.com\/nuestro-departamento-de-investigacion-clinica\/\">Departamento de Investigaci\u00f3n Cl\u00ednica<\/a>?&nbsp; No te olvides de visitar esta secci\u00f3n para mantenerte siempre informado sobre los \u00faltimos estudios e investigaciones en salud mental dentro de los entornos corporativos.<\/p>\n\n\n\n<p>Esperamos que este art\u00edculo sobre la <strong>relaci\u00f3n entre inteligencia emocional y retenci\u00f3n de talento<\/strong>, te haya resultado interesante.<\/p>\n\n\n\n<p>Si deseas obtener m\u00e1s informaci\u00f3n sobre el&nbsp;<strong>ROI de nuestra soluci\u00f3n personalizada de salud mental para empresas<\/strong>,&nbsp;<a href=\"https:\/\/ifeelonline.com\/solicitar-demo\/\">simplemente solic\u00edtalo aqu\u00ed&nbsp;<\/a>y nuestro equipo realizar\u00e1 un c\u00e1lculo adaptado a las caracter\u00edsticas espec\u00edficas de tu empresa.<\/p>\n\n    <div class=\"xs_social_share_widget xs_share_url after_content \t\tmain_content  wslu-style-1 wslu-share-box-shaped wslu-fill-colored wslu-none wslu-share-horizontal wslu-theme-font-no wslu-main_content\">\n\n\t\t\n        <ul>\n\t\t\t        <\/ul>\n    <\/div> \n","protected":false},"excerpt":{"rendered":"<p>La competencia por el talento en el \u00e1mbito corporativo ha alcanzado niveles sin precedentes, convirtiendo la relaci\u00f3n entre inteligencia emocional y retenci\u00f3n de talento en un factor determinante para el \u00e9xito organizacional. Hoy en d\u00eda, las grandes empresas internacionales, est\u00e1n descubriendo una verdad fundamental: la habilidad de sus l\u00edderes para gestionar emociones, tanto propias como [&hellip;]<\/p>\n","protected":false},"author":62,"featured_media":14928,"comment_status":"closed","ping_status":"open","sticky":false,"template":"","format":"standard","meta":{"content-type":"","postBodyCss":"","postBodyMargin":[],"postBodyPadding":[],"postBodyBackground":{"backgroundType":"classic","gradient":""},"footnotes":""},"categories":[311,470],"tags":[],"class_list":["post-14927","post","type-post","status-publish","format-standard","has-post-thumbnail","hentry","category-salud-laboral","category-recursos-humanos"],"_links":{"self":[{"href":"https:\/\/ifeelonline.com\/es\/wp-json\/wp\/v2\/posts\/14927","targetHints":{"allow":["GET"]}}],"collection":[{"href":"https:\/\/ifeelonline.com\/es\/wp-json\/wp\/v2\/posts"}],"about":[{"href":"https:\/\/ifeelonline.com\/es\/wp-json\/wp\/v2\/types\/post"}],"author":[{"embeddable":true,"href":"https:\/\/ifeelonline.com\/es\/wp-json\/wp\/v2\/users\/62"}],"replies":[{"embeddable":true,"href":"https:\/\/ifeelonline.com\/es\/wp-json\/wp\/v2\/comments?post=14927"}],"version-history":[{"count":0,"href":"https:\/\/ifeelonline.com\/es\/wp-json\/wp\/v2\/posts\/14927\/revisions"}],"wp:featuredmedia":[{"embeddable":true,"href":"https:\/\/ifeelonline.com\/es\/wp-json\/wp\/v2\/media\/14928"}],"wp:attachment":[{"href":"https:\/\/ifeelonline.com\/es\/wp-json\/wp\/v2\/media?parent=14927"}],"wp:term":[{"taxonomy":"category","embeddable":true,"href":"https:\/\/ifeelonline.com\/es\/wp-json\/wp\/v2\/categories?post=14927"},{"taxonomy":"post_tag","embeddable":true,"href":"https:\/\/ifeelonline.com\/es\/wp-json\/wp\/v2\/tags?post=14927"}],"curies":[{"name":"wp","href":"https:\/\/api.w.org\/{rel}","templated":true}]}}