{"id":13829,"date":"2024-10-04T15:34:09","date_gmt":"2024-10-04T14:34:09","guid":{"rendered":"https:\/\/ifeelonline.com\/?p=13829"},"modified":"2024-10-28T15:02:12","modified_gmt":"2024-10-28T14:02:12","slug":"liderazgo-emocional","status":"publish","type":"post","link":"https:\/\/ifeelonline.com\/es\/salud-laboral\/liderazgo\/liderazgo-emocional\/","title":{"rendered":"Liderazgo emocional: 5 pasos para implementarlo con \u00e9xito"},"content":{"rendered":"<div id=\"ez-toc-container\" class=\"ez-toc-v2_0_81 counter-hierarchy ez-toc-counter ez-toc-custom ez-toc-container-direction\">\n<div class=\"ez-toc-title-container\">\n<p class=\"ez-toc-title\" style=\"cursor:inherit\">Contenidos<\/p>\n<span class=\"ez-toc-title-toggle\"><a href=\"#\" class=\"ez-toc-pull-right ez-toc-btn ez-toc-btn-xs ez-toc-btn-default ez-toc-toggle\" aria-label=\"Toggle Table of Content\"><span class=\"ez-toc-js-icon-con\"><span class=\"\"><span class=\"eztoc-hide\" style=\"display:none;\">Toggle<\/span><span class=\"ez-toc-icon-toggle-span\"><svg style=\"fill: #51607e;color:#51607e\" xmlns=\"http:\/\/www.w3.org\/2000\/svg\" class=\"list-377408\" width=\"20px\" height=\"20px\" viewBox=\"0 0 24 24\" fill=\"none\"><path d=\"M6 6H4v2h2V6zm14 0H8v2h12V6zM4 11h2v2H4v-2zm16 0H8v2h12v-2zM4 16h2v2H4v-2zm16 0H8v2h12v-2z\" fill=\"currentColor\"><\/path><\/svg><svg style=\"fill: #51607e;color:#51607e\" class=\"arrow-unsorted-368013\" xmlns=\"http:\/\/www.w3.org\/2000\/svg\" width=\"10px\" height=\"10px\" viewBox=\"0 0 24 24\" version=\"1.2\" baseProfile=\"tiny\"><path d=\"M18.2 9.3l-6.2-6.3-6.2 6.3c-.2.2-.3.4-.3.7s.1.5.3.7c.2.2.4.3.7.3h11c.3 0 .5-.1.7-.3.2-.2.3-.5.3-.7s-.1-.5-.3-.7zM5.8 14.7l6.2 6.3 6.2-6.3c.2-.2.3-.5.3-.7s-.1-.5-.3-.7c-.2-.2-.4-.3-.7-.3h-11c-.3 0-.5.1-.7.3-.2.2-.3.5-.3.7s.1.5.3.7z\"\/><\/svg><\/span><\/span><\/span><\/a><\/span><\/div>\n<nav><ul class='ez-toc-list ez-toc-list-level-1 eztoc-toggle-hide-by-default' ><li class='ez-toc-page-1 ez-toc-heading-level-2'><a class=\"ez-toc-link ez-toc-heading-1\" href=\"https:\/\/ifeelonline.com\/es\/salud-laboral\/liderazgo\/liderazgo-emocional\/#%C2%BFQue_es_el_liderazgo_emocional\" >\u00bfQu\u00e9 es el liderazgo emocional?<\/a><\/li><li class='ez-toc-page-1 ez-toc-heading-level-2'><a class=\"ez-toc-link ez-toc-heading-2\" href=\"https:\/\/ifeelonline.com\/es\/salud-laboral\/liderazgo\/liderazgo-emocional\/#Ventajas_y_desventajas_del_liderazgo_emocional\" >Ventajas y desventajas del liderazgo emocional<\/a><\/li><li class='ez-toc-page-1 ez-toc-heading-level-2'><a class=\"ez-toc-link ez-toc-heading-3\" href=\"https:\/\/ifeelonline.com\/es\/salud-laboral\/liderazgo\/liderazgo-emocional\/#Liderazgo_emocional_y_psicologia_en_las_empresas_%C2%BFComo_se_relacionan\" >Liderazgo emocional y psicolog\u00eda en las empresas: \u00bfC\u00f3mo se relacionan?&nbsp;<\/a><\/li><li class='ez-toc-page-1 ez-toc-heading-level-2'><a class=\"ez-toc-link ez-toc-heading-4\" href=\"https:\/\/ifeelonline.com\/es\/salud-laboral\/liderazgo\/liderazgo-emocional\/#Pasos_para_implementar_el_liderazgo_emocional\" >Pasos para implementar el liderazgo emocional<\/a><\/li><li class='ez-toc-page-1 ez-toc-heading-level-2'><a class=\"ez-toc-link ez-toc-heading-5\" href=\"https:\/\/ifeelonline.com\/es\/salud-laboral\/liderazgo\/liderazgo-emocional\/#El_futuro_del_liderazgo_empresarial\" >El futuro del liderazgo empresarial<\/a><\/li><li class='ez-toc-page-1 ez-toc-heading-level-2'><a class=\"ez-toc-link ez-toc-heading-6\" href=\"https:\/\/ifeelonline.com\/es\/salud-laboral\/liderazgo\/liderazgo-emocional\/#Desbloqueando_el_potencial_de_los_equipos\" >Desbloqueando el potencial de los equipos<\/a><\/li><\/ul><\/nav><\/div>\n\n<p>En las empresas grandes, donde los equipos son diversos y cada miembro aporta sus cualidades \u00fanicas, existe un factor esencial para el \u00e9xito del liderazgo: la capacidad de comprender y gestionar las emociones humanas. Pues, a pesar de las diferencias culturales o de contexto,<strong> todos los seres humanos compartimos emociones similares y esta comprensi\u00f3n es clave para liderar con eficacia.<\/strong>&nbsp;<\/p>\n\n\n\n<p>En este sentido, el concepto de <strong>liderazgo emocional <\/strong>se ha convertido en un pilar fundamental para quienes desean no solo optimizar el rendimiento operativo, sino tambi\u00e9n cultivar un entorno laboral emp\u00e1tico y cohesivo.&nbsp;<\/p>\n\n\n\n<p>Este enfoque permite a los l\u00edderes <strong>conectar genuinamente con sus equipos, impulsando la innovaci\u00f3n y el compromiso.<\/strong> Es por ello que el liderazgo emocional ha ganado popularidad en los \u00faltimos tiempos, tanto para un directivo de empresa como para los <a href=\"https:\/\/ifeelonline.com\/salud-laboral\/hr-manager-cuales-son-sus-funciones\/\" data-type=\"post\" data-id=\"10419\">managers de RR. HH<\/a>., pues esta habilidad resulta esencial para poder inspirar y guiar a las personas a que alcancen los diversos objetivos. Veamos de qu\u00e9 se trata.<\/p>\n\n\n\n<h2 class=\"wp-block-heading\"><span class=\"ez-toc-section\" id=\"%C2%BFQue_es_el_liderazgo_emocional\"><\/span><strong>\u00bfQu\u00e9 es el liderazgo emocional?<\/strong><span class=\"ez-toc-section-end\"><\/span><\/h2>\n\n\n\n<p>El liderazgo emocional se centra en la <strong>habilidad de un l\u00edder para identificar, comprender y gestionar<\/strong> tanto sus propias emociones como las de los miembros de su equipo. Es un enfoque centrado en las personas, y en las relaciones interpersonales con el objetivo de mejorar los resultados.&nbsp;<\/p>\n\n\n\n<p>Este concepto fue propuesto por <a href=\"https:\/\/danielgolemanemotionalintelligence.com\/ei-overview-the-four-domains-and-twelve-competencies\/\" target=\"_blank\" rel=\"noreferrer noopener\">Daniel Goleman<\/a>, experto en inteligencia emocional, en su libro \u201c<em>Primal Leadership\u201d, <\/em>y explica que este tipo de liderazgo se basa en cuatro competencias clave: a<strong>utoconciencia, autorregulaci\u00f3n, motivaci\u00f3n, empat\u00eda y habilidades sociales;<\/strong> las cuales permiten a los l\u00edderes no solo manejar situaciones emocionales complejas, sino tambi\u00e9n inspirar y motivar a sus equipos de manera efectiva.<\/p>\n\n\n\n<h2 class=\"wp-block-heading\"><span class=\"ez-toc-section\" id=\"Ventajas_y_desventajas_del_liderazgo_emocional\"><\/span><strong>Ventajas y desventajas del liderazgo emocional<\/strong><span class=\"ez-toc-section-end\"><\/span><\/h2>\n\n\n\n<p>El liderazgo emocional no solo equilibra el cumplimiento de objetivos con la creaci\u00f3n de buenas relaciones laborales, sino que tambi\u00e9n puede <strong>transformar <a href=\"https:\/\/ifeelonline.com\/salud-laboral\/cultura-empresarial-positiva\/\" data-type=\"post\" data-id=\"13195\">la cultura organizacional<\/a><\/strong>. Este enfoque promueve un ambiente inclusivo donde cada empleado se siente valorado y respetado, lo cual es esencial en el liderazgo inclusivo y transformacional. Al inspirar cambios positivos y el desarrollo personal, los l\u00edderes emocionales <strong>generan confianza y colaboraci\u00f3n, aumentando la satisfacci\u00f3n y el <\/strong><a href=\"https:\/\/ifeelonline.com\/salud-laboral\/compromiso-laboral-con-la-empresa\/\"><strong>compromiso laboral<\/strong><\/a>.<\/p>\n\n\n\n<p>Entre las ventajas, este estilo de liderazgo potencia las habilidades del equipo, promoviendo un ambiente m\u00e1s motivado y productivo. De hecho, seg\u00fan un <a href=\"https:\/\/www.hbs.edu\/ris\/Publication%20Files\/gh19_ch5_9e171d71-db54-4e08-a2eb-3cf1587daf4a.pdf\" target=\"_blank\" rel=\"noreferrer noopener\">estudio de la Universidad de Harvard<\/a>, <strong>las organizaciones que lo implementan ven un incremento del 25% en la productividad.<\/strong><\/p>\n\n\n\n<p>Sin embargo, tambi\u00e9n tiene desventajas. Un exceso de empat\u00eda puede llevar a decisiones impulsivas, problemas de autocontrol y ralentizaci\u00f3n de resultados. Adem\u00e1s, las fluctuaciones emocionales del l\u00edder pueden afectar su estabilidad, algo crucial para una gesti\u00f3n eficaz. Por ello, es<strong> fundamental evaluar cu\u00e1ndo este enfoque es el m\u00e1s adecuado seg\u00fan las circunstancias.<\/strong><\/p>\n\n\n\n<h2 class=\"wp-block-heading\"><span class=\"ez-toc-section\" id=\"Liderazgo_emocional_y_psicologia_en_las_empresas_%C2%BFComo_se_relacionan\"><\/span><strong>Liderazgo emocional y <a href=\"https:\/\/ifeelonline.com\/salud-laboral\/beneficios-psicologia-para-empresas\/\">psicolog\u00eda en las empresas<\/a>: \u00bfC\u00f3mo se relacionan?&nbsp;<\/strong><span class=\"ez-toc-section-end\"><\/span><\/h2>\n\n\n\n<p>La psicolog\u00eda en las empresas juega un papel crucial en la implementaci\u00f3n del liderazgo emocional. Los psic\u00f3logos organizacionales pueden ayudar a los l\u00edderes a <strong>desarrollar sus habilidades emocionales<\/strong>, facilitando talleres y capacitaciones que mejoren la autoconciencia y la empat\u00eda.&nbsp;<\/p>\n\n\n\n<p>Este enfoque no solo mejora el bienestar de los empleados, sino que tambi\u00e9n permite a los l\u00edderes recibir un asesoramiento especializado. Esto les ayuda a <strong>fortalecer sus <a href=\"https:\/\/ifeelonline.com\/salud-laboral\/liderazgo-inclusivo\/\" data-type=\"post\" data-id=\"12895\">habilidades de liderazgo<\/a>, mejorar su toma de decisiones y agudizar su percepci\u00f3n,<\/strong> permiti\u00e9ndoles reconocer y abordar de manera m\u00e1s efectiva las din\u00e1micas complejas dentro de sus equipos.<\/p>\n\n\n\n<blockquote class=\"wp-block-quote has-text-align-center is-layout-flow wp-block-quote-is-layout-flow\">\n<p>El <strong><a href=\"https:\/\/ifeelonline.com\/ebooks\/kit-managers-de-recursos-humanos\/?partner=ifeel_internLinkPost\">&#8220;Kit de primeros auxilios para managers de RRHH&#8221;<\/a> de ifeel<\/strong> proporciona herramientas clave para enfrentar situaciones cr\u00edticas en el entorno laboral.<\/p>\n<\/blockquote>\n\n\n\n<figure class=\"wp-block-image size-large\"><img loading=\"lazy\" decoding=\"async\" width=\"1024\" height=\"683\" src=\"https:\/\/ifeelonline.com\/wp-content\/uploads\/2024\/10\/image-1024x683.png\" alt=\"liderazgo emocional\" class=\"wp-image-13830\" srcset=\"https:\/\/ifeelonline.com\/es\/wp-content\/uploads\/2024\/10\/image-1024x683.png 1024w, https:\/\/ifeelonline.com\/es\/wp-content\/uploads\/2024\/10\/image-300x200.png 300w, https:\/\/ifeelonline.com\/es\/wp-content\/uploads\/2024\/10\/image-768x512.png 768w, https:\/\/ifeelonline.com\/es\/wp-content\/uploads\/2024\/10\/image-1536x1024.png 1536w, https:\/\/ifeelonline.com\/es\/wp-content\/uploads\/2024\/10\/image-2048x1365.png 2048w\" sizes=\"auto, (max-width: 1024px) 100vw, 1024px\" \/><\/figure>\n\n\n\n<h2 class=\"wp-block-heading\"><span class=\"ez-toc-section\" id=\"Pasos_para_implementar_el_liderazgo_emocional\"><\/span><strong>Pasos para implementar el liderazgo emocional<\/strong><span class=\"ez-toc-section-end\"><\/span><\/h2>\n\n\n\n<p>Adoptar un enfoque de liderazgo emocional puede transformar c\u00f3mo interact\u00faas con los miembros de tu equipo, promoviendo un ambiente laboral m\u00e1s inclusivo y productivo.&nbsp;Para facilitarte este proceso, a continuaci\u00f3n se presentan <strong>pasos pr\u00e1cticos para desarrollar y aplicar <\/strong>estas habilidades efectivamente.<\/p>\n\n\n\n<ol class=\"wp-block-list\">\n<li><strong>Desarrollar la autoconciencia: <\/strong>Reflexiona sobre tus propias emociones y c\u00f3mo afectan tu entorno laboral. Buscar ayuda o asesoramiento con un psic\u00f3logo puede facilitarte y guiarte en este proceso.<br><br><br><\/li>\n\n\n\n<li><strong>Solicitar retroalimentaci\u00f3n o feedback:<\/strong> Busca la opini\u00f3n de tu equipo para identificar \u00e1reas de mejora. Esto puede lograrse mediante encuestas an\u00f3nimas, sesiones de feedback cara a cara o utilizando plataformas digitales de evaluaci\u00f3n.<br><br><br><\/li>\n\n\n\n<li><strong>Practicar la autorregulaci\u00f3n: <\/strong>Mant\u00e9n la calma y el control en situaciones desafiantes. Implementar programas de bienestar en las empresas puede proporcionar herramientas y recursos necesarios para desarrollar estas habilidades en los l\u00edderes.<br><br><br><\/li>\n\n\n\n<li><strong>Fomentar un ambiente de empat\u00eda: <\/strong>Practica la escucha activa, y crea espacios de <a href=\"https:\/\/ifeelonline.com\/salud-laboral\/seguridad-psicologica-en-el-trabajo\/\">seguridad psicol\u00f3gica<\/a>, mostrando inter\u00e9s genuino por las preocupaciones de los empleados.<br><br><br><\/li>\n\n\n\n<li><strong>Mejorar la comunicaci\u00f3n y resoluci\u00f3n de conflictos: <\/strong>Fortalece las relaciones dentro del equipo mediante una comunicaci\u00f3n abierta y efectiva, creando <strong>espacios para la comunicaci\u00f3n<\/strong> y brindando la oportunidad a los miembros de tu equipo, de expresar sus opiniones.&nbsp;<br><br><\/li>\n<\/ol>\n\n\n\n<p><a href=\"https:\/\/ifeelonline.com\/entrevistas-ifeel-2024\/ifeel-interview-virginia-grenon-lobato-2\/\"><strong>Virginia Gren\u00f3n Lobato<\/strong>, Responsable Global de Operaciones de Recursos Humanos de Cabify<\/a>, empresa partner de ifeel, comparte su opini\u00f3n:<\/p>\n\n\n\n<blockquote class=\"wp-block-quote is-layout-flow wp-block-quote-is-layout-flow\">\n<p class=\"has-text-align-center .quote\"><em>\u201cNuestro valor \u2018Confiamos en la confianza\u2019 se basa en varios pilares fundamentales. A nivel descendente, los l\u00edderes hacemos todo lo posible por brindar un ambiente de apoyo, confianza y desarrollo profesional, ofreciendo feedback constructivo y oportunidades de crecimiento.\u201d<\/em><\/p>\n<\/blockquote>\n\n\n\n<h2 class=\"wp-block-heading\"><span class=\"ez-toc-section\" id=\"El_futuro_del_liderazgo_empresarial\"><\/span><strong>El futuro del liderazgo empresarial<\/strong><span class=\"ez-toc-section-end\"><\/span><\/h2>\n\n\n\n<p>A medida que las organizaciones globales contin\u00faan enfrentando desaf\u00edos complejos, el liderazgo emocional se posiciona como una <strong>herramienta indispensable para navegar en estos tiempos de cambio<\/strong>. Este enfoque promueve un <a href=\"https:\/\/ifeelonline.com\/salud-laboral\/liderazgo-inclusivo\/\">liderazgo inclusivo<\/a>, asegurando que todos los empleados se sientan parte de la visi\u00f3n y misi\u00f3n de la empresa.<\/p>\n\n\n\n<p>Adem\u00e1s, el liderazgo emocional respalda el <a href=\"https:\/\/ifeelonline.com\/salud-laboral\/liderazgo-transformacional\/\">liderazgo transformacional<\/a>, impulsando a los l\u00edderes a ser agentes de cambio que inspiran a sus equipos a alcanzar su m\u00e1ximo potencial y <a href=\"https:\/\/ifeelonline.com\/salud-laboral\/bienestar-emocional-de-los-empleados\/\">bienestar emocional<\/a>.\u00a0<\/p>\n\n\n\n<p>En un mundo donde la adaptabilidad y la resiliencia son m\u00e1s importantes que nunca, el liderazgo emocional <strong>ofrece a las organizaciones una ventaja competitiva significativa.<\/strong><\/p>\n\n\n\n<h2 class=\"wp-block-heading\"><span class=\"ez-toc-section\" id=\"Desbloqueando_el_potencial_de_los_equipos\"><\/span><strong>Desbloqueando el potencial de los equipos<\/strong><span class=\"ez-toc-section-end\"><\/span><\/h2>\n\n\n\n<p>En ifeel, sabemos que el liderazgo emocional no es solo una tendencia, sino una necesidad en el entorno empresarial moderno. Al centrarse en la inteligencia emocional, las organizaciones no solo mejoran su rendimiento y <a href=\"https:\/\/ifeelonline.com\/salud-laboral\/por-que-es-importante-la-satisfaccion-laboral\/\">satisfacci\u00f3n laboral,<\/a> sino que tambi\u00e9n construyen un futuro m\u00e1s inclusivo y transformador.&nbsp;<\/p>\n\n\n\n<p>Para ayudar en este proceso, <strong><a href=\"https:\/\/ifeelonline.com\/psicologos-online\/\">nuestro equipo de psic\u00f3logos<\/a> expertos en <a href=\"https:\/\/ifeelonline.com\/bienestar-laboral\/\">bienestar laboral<\/a> <\/strong>ha desarrollado una <a href=\"https:\/\/ifeelonline.com\/mejorar-el-bienestar-emocional-en-el-trabajo\/\">soluci\u00f3n de bienestar mental para empresas<\/a>, con el objetivo de ayudar a las compa\u00f1\u00edas a potenciar el <a href=\"https:\/\/ifeelonline.com\/salud-laboral\/compromiso-laboral-con-la-empresa\/\">compromiso laboral <\/a>de sus trabajadores y potenciar la <a href=\"https:\/\/ifeelonline.com\/salud-laboral\/medir-productividad-en-el-trabajo\/\">productividad.<\/a>&nbsp;&nbsp;<\/p>\n\n\n\n<p>Gracias a esta colaboraci\u00f3n, los responsables de <a href=\"https:\/\/ifeelonline.com\/en-que-consiste-el-trabajo-de-recursos-humanos\/\">Recursos Humanos<\/a> pueden recibir <strong>asesoramiento personalizado y basado en datos <\/strong>sobre cu\u00e1les son las medidas m\u00e1s eficaces para detectar problemas de salud mental en empleados y medir el clima laboral que respiran sus equipos. Es la mejor manera de conocer sus necesidades.&nbsp;<\/p>\n\n\n\n<p>Por otro lado, la <strong>soluci\u00f3n de bienestar mental para empresas de ifeel<\/strong> ofrece a los empleados un servicio de cuidado de su salud mental estructurado en diferentes niveles en funci\u00f3n de lo que necesiten en cada momento.&nbsp;<\/p>\n\n\n\n<p>Esperamos que este art\u00edculo sobre el <strong>liderazgo emocional,<\/strong> te haya resultado interesante, y te invitamos a echarle un vistazo a nuestra nueva secci\u00f3n de <a href=\"https:\/\/ifeelonline.com\/salud-mental-para-aseguradoras\/\">salud mental para aseguradoras<\/a>.&nbsp;<\/p>\n\n\n\n<p>Si quieres m\u00e1s informaci\u00f3n sobre nuestro programa de bienestar mental para empresas, <a href=\"https:\/\/ifeelonline.com\/como-funciona-ifeel-bienestar-laboral\/\">solo tienes que solicitarla<\/a> y en seguida nos pondremos en contacto con tu equipo<\/p>\n\n\n\n<p><\/p>\n\n    <div class=\"xs_social_share_widget xs_share_url after_content \t\tmain_content  wslu-style-1 wslu-share-box-shaped wslu-fill-colored wslu-none wslu-share-horizontal wslu-theme-font-no wslu-main_content\">\n\n\t\t\n        <ul>\n\t\t\t        <\/ul>\n    <\/div> \n","protected":false},"excerpt":{"rendered":"<p>En las empresas grandes, donde los equipos son diversos y cada miembro aporta sus cualidades \u00fanicas, existe un factor esencial para el \u00e9xito del liderazgo: la capacidad de comprender y gestionar las emociones humanas. Pues, a pesar de las diferencias culturales o de contexto, todos los seres humanos compartimos emociones similares y esta comprensi\u00f3n es [&hellip;]<\/p>\n","protected":false},"author":62,"featured_media":13831,"comment_status":"closed","ping_status":"open","sticky":false,"template":"","format":"standard","meta":{"content-type":"","postBodyCss":"","postBodyMargin":[],"postBodyPadding":[],"postBodyBackground":{"backgroundType":"classic","gradient":""},"footnotes":""},"categories":[475,311],"tags":[],"class_list":["post-13829","post","type-post","status-publish","format-standard","has-post-thumbnail","hentry","category-liderazgo","category-salud-laboral"],"_links":{"self":[{"href":"https:\/\/ifeelonline.com\/es\/wp-json\/wp\/v2\/posts\/13829","targetHints":{"allow":["GET"]}}],"collection":[{"href":"https:\/\/ifeelonline.com\/es\/wp-json\/wp\/v2\/posts"}],"about":[{"href":"https:\/\/ifeelonline.com\/es\/wp-json\/wp\/v2\/types\/post"}],"author":[{"embeddable":true,"href":"https:\/\/ifeelonline.com\/es\/wp-json\/wp\/v2\/users\/62"}],"replies":[{"embeddable":true,"href":"https:\/\/ifeelonline.com\/es\/wp-json\/wp\/v2\/comments?post=13829"}],"version-history":[{"count":0,"href":"https:\/\/ifeelonline.com\/es\/wp-json\/wp\/v2\/posts\/13829\/revisions"}],"wp:featuredmedia":[{"embeddable":true,"href":"https:\/\/ifeelonline.com\/es\/wp-json\/wp\/v2\/media\/13831"}],"wp:attachment":[{"href":"https:\/\/ifeelonline.com\/es\/wp-json\/wp\/v2\/media?parent=13829"}],"wp:term":[{"taxonomy":"category","embeddable":true,"href":"https:\/\/ifeelonline.com\/es\/wp-json\/wp\/v2\/categories?post=13829"},{"taxonomy":"post_tag","embeddable":true,"href":"https:\/\/ifeelonline.com\/es\/wp-json\/wp\/v2\/tags?post=13829"}],"curies":[{"name":"wp","href":"https:\/\/api.w.org\/{rel}","templated":true}]}}