{"id":13623,"date":"2024-08-26T15:51:02","date_gmt":"2024-08-26T14:51:02","guid":{"rendered":"https:\/\/ifeelonline.com\/?p=13623"},"modified":"2024-11-20T11:58:19","modified_gmt":"2024-11-20T10:58:19","slug":"gestion-de-crisis-en-el-trabajo","status":"publish","type":"post","link":"https:\/\/ifeelonline.com\/es\/salud-laboral\/gestion-de-crisis-en-el-trabajo\/","title":{"rendered":"Gesti\u00f3n de crisis en el trabajo: 4 estrategias clave para l\u00edderes empresariales"},"content":{"rendered":"<div id=\"ez-toc-container\" class=\"ez-toc-v2_0_81 counter-hierarchy ez-toc-counter ez-toc-custom ez-toc-container-direction\">\n<div class=\"ez-toc-title-container\">\n<p class=\"ez-toc-title\" style=\"cursor:inherit\">Contenidos<\/p>\n<span class=\"ez-toc-title-toggle\"><a href=\"#\" class=\"ez-toc-pull-right ez-toc-btn ez-toc-btn-xs ez-toc-btn-default ez-toc-toggle\" aria-label=\"Toggle Table of Content\"><span class=\"ez-toc-js-icon-con\"><span class=\"\"><span class=\"eztoc-hide\" style=\"display:none;\">Toggle<\/span><span class=\"ez-toc-icon-toggle-span\"><svg style=\"fill: #51607e;color:#51607e\" xmlns=\"http:\/\/www.w3.org\/2000\/svg\" class=\"list-377408\" width=\"20px\" height=\"20px\" viewBox=\"0 0 24 24\" fill=\"none\"><path d=\"M6 6H4v2h2V6zm14 0H8v2h12V6zM4 11h2v2H4v-2zm16 0H8v2h12v-2zM4 16h2v2H4v-2zm16 0H8v2h12v-2z\" fill=\"currentColor\"><\/path><\/svg><svg style=\"fill: #51607e;color:#51607e\" class=\"arrow-unsorted-368013\" xmlns=\"http:\/\/www.w3.org\/2000\/svg\" width=\"10px\" height=\"10px\" viewBox=\"0 0 24 24\" version=\"1.2\" baseProfile=\"tiny\"><path d=\"M18.2 9.3l-6.2-6.3-6.2 6.3c-.2.2-.3.4-.3.7s.1.5.3.7c.2.2.4.3.7.3h11c.3 0 .5-.1.7-.3.2-.2.3-.5.3-.7s-.1-.5-.3-.7zM5.8 14.7l6.2 6.3 6.2-6.3c.2-.2.3-.5.3-.7s-.1-.5-.3-.7c-.2-.2-.4-.3-.7-.3h-11c-.3 0-.5.1-.7.3-.2.2-.3.5-.3.7s.1.5.3.7z\"\/><\/svg><\/span><\/span><\/span><\/a><\/span><\/div>\n<nav><ul class='ez-toc-list ez-toc-list-level-1 eztoc-toggle-hide-by-default' ><li class='ez-toc-page-1 ez-toc-heading-level-2'><a class=\"ez-toc-link ez-toc-heading-1\" href=\"https:\/\/ifeelonline.com\/es\/salud-laboral\/gestion-de-crisis-en-el-trabajo\/#%C2%BFQue_es_la_gestion_de_crisis_en_el_trabajo\" >\u00bfQu\u00e9 es la gesti\u00f3n de crisis en el trabajo?<\/a><\/li><li class='ez-toc-page-1 ez-toc-heading-level-2'><a class=\"ez-toc-link ez-toc-heading-2\" href=\"https:\/\/ifeelonline.com\/es\/salud-laboral\/gestion-de-crisis-en-el-trabajo\/#El_rol_de_los_lideres_en_la_gestion_de_crisis_en_el_trabajo\" >El rol de los l\u00edderes en la gesti\u00f3n de crisis en el trabajo<\/a><\/li><li class='ez-toc-page-1 ez-toc-heading-level-2'><a class=\"ez-toc-link ez-toc-heading-3\" href=\"https:\/\/ifeelonline.com\/es\/salud-laboral\/gestion-de-crisis-en-el-trabajo\/#Fases_en_la_gestion_de_crisis_en_el_trabajo\" >Fases en la gesti\u00f3n de crisis en el trabajo<\/a><\/li><li class='ez-toc-page-1 ez-toc-heading-level-2'><a class=\"ez-toc-link ez-toc-heading-4\" href=\"https:\/\/ifeelonline.com\/es\/salud-laboral\/gestion-de-crisis-en-el-trabajo\/#Estrategias_para_gestionar_una_crisis_efectivamente\" >Estrategias para gestionar una crisis efectivamente<\/a><\/li><li class='ez-toc-page-1 ez-toc-heading-level-2'><a class=\"ez-toc-link ez-toc-heading-5\" href=\"https:\/\/ifeelonline.com\/es\/salud-laboral\/gestion-de-crisis-en-el-trabajo\/#Confia_en_los_expertos\" >Conf\u00eda en los expertos<\/a><\/li><\/ul><\/nav><\/div>\n\n<p>El entorno empresarial actual est\u00e1 caracterizado por una alta volatilidad, donde <strong>la incertidumbre y los cambios r\u00e1pidos son la norma<\/strong>. Este panorama genera constantemente desaf\u00edos y obst\u00e1culos imprevistos, que obligan a las empresas a tomar decisiones r\u00e1pidas y acertadas para asegurar su continuidad y \u00e9xito a largo plazo.<\/p>\n\n\n\n<p>En este contexto, la <strong>capacidad de gesti\u00f3n de crisis en el trabajo se ha convertido en una habilidad esencial<\/strong> para los l\u00edderes de grandes organizaciones. Son ellos quienes deben guiar a sus equipos a trav\u00e9s de las tormentas empresariales, manteniendo la estabilidad y el enfoque en los objetivos estrat\u00e9gicos.&nbsp;<\/p>\n\n\n\n<p><strong>La raz\u00f3n es clara: las crisis son, en muchos casos, inevitables<\/strong>. Por ello, es imprescindible que las organizaciones cuenten con un plan de gesti\u00f3n de crisis en el trabajo, que sea robusto y bien estructurado. A continuaci\u00f3n, te contamos todo al respecto para que seas capaz de liderar a tu equipo durante tiempos de <a href=\"https:\/\/ifeelonline.com\/salud-laboral\/incertidumbre-laboral\/\">incertidumbre laboral.&nbsp;<\/a><\/p>\n\n\n\n<h2 class=\"wp-block-heading\"><span class=\"ez-toc-section\" id=\"%C2%BFQue_es_la_gestion_de_crisis_en_el_trabajo\"><\/span>\u00bfQu\u00e9 es la gesti\u00f3n de crisis en el trabajo?<span class=\"ez-toc-section-end\"><\/span><\/h2>\n\n\n\n<p><strong>En el entorno corporativo<\/strong>, una crisis representa un evento inesperado que puede causar inestabilidad dentro de la organizaci\u00f3n. Las crisis se manifiestan a partir de una <strong>interrupci\u00f3n significativa y sostenida del funcionamiento normal de la compa\u00f1\u00eda<\/strong>, pueden variar en su naturaleza y pueden ser provocadas por factores internos o externos a esta.&nbsp;<\/p>\n\n\n\n<p>Bajo este contexto, la <strong>gesti\u00f3n de crisis en el trabajo <\/strong>se refiere a las estrategias y procedimientos que las empresas implementan para enfrentar eventos inesperados que pueden poner en riesgo la estabilidad y continuidad de sus operaciones.&nbsp;<\/p>\n\n\n\n<figure class=\"wp-block-table\"><table><tbody><tr><td colspan=\"2\"><strong>Ejemplos de tipos de crisis en el trabajo<\/strong><\/td><\/tr><tr><td><strong>Tipo de crisis<\/strong><\/td><td><strong>Descripci\u00f3n<\/strong><\/td><\/tr><tr><td><strong>Cambios econ\u00f3micos<\/strong><\/td><td>Fluctuaciones bruscas en el mercado que afectan la estabilidad financiera.<\/td><\/tr><tr><td><strong>Problemas internos<\/strong><\/td><td>Conflictos laborales, fallos operativos o p\u00e9rdida de liderazgo clave.<\/td><\/tr><tr><td><strong>Desastres naturales<\/strong><\/td><td>Terremotos, inundaciones u otros eventos que interrumpen las operaciones.<\/td><\/tr><tr><td><strong>Crisis sanitarias<\/strong><\/td><td>Pandemias o brotes de enfermedades que impactan la salud y seguridad.<\/td><\/tr><\/tbody><\/table><\/figure>\n\n\n\n<h3 class=\"wp-block-heading\">La importancia de contar con un Plan de Gesti\u00f3n de Crisis<\/h3>\n\n\n\n<p>Un plan de gesti\u00f3n de crisis en el trabajo es un <strong>documento estrat\u00e9gico que define c\u00f3mo una organizaci\u00f3n debe responder ante una crisis<\/strong>. Es esencial porque proporciona un marco de acci\u00f3n claro y coordinado, permitiendo a los l\u00edderes tomar decisiones informadas bajo presi\u00f3n.&nbsp;<\/p>\n\n\n\n<p>Dicho plan no solo debe <strong>prever los posibles escenarios de crisis<\/strong>, sino que tambi\u00e9n debe <strong>abarcar los pasos que las empresas deben implementar<\/strong> para enfrentar los eventos inesperados que puedan poner en riesgo su estabilidad y continuidad.&nbsp;<\/p>\n\n\n\n<p>De esta forma, las empresas estar\u00e1n mejor preparadas para atravesar los desaf\u00edos m\u00e1s complejos, minimizando los da\u00f1os y protegiendo tanto su reputaci\u00f3n como su capital humano. Sin un plan, la respuesta puede ser desorganizada, lo que <strong>aumenta el riesgo de tomar decisiones err\u00f3neas.<\/strong><\/p>\n\n\n\n<p>Desde <strong>ifeel,<\/strong> hemos creado una <a href=\"https:\/\/ifeelonline.com\/ebooks\/gestion-de-crisis-para-directivos\/?partner=ifeel_internLinkPost\"><strong>gu\u00eda esencial para directivos para que desarrollen un plan de gesti\u00f3n de crisis<\/strong>.<\/a> Aprende a manejar situaciones cr\u00edticas con eficacia. \u00a1Desc\u00e1rgala gratis ahora!<\/p>\n\n\n\n<h3 class=\"wp-block-heading\">Componentes clave de un plan de gesti\u00f3n de crisis:<\/h3>\n\n\n\n<p>El plan de acci\u00f3n debe ser personalizado, y debe adaptarse a las necesidades de cada empresa. Sin embargo, todo plan de gesti\u00f3n de crisis en el trabajo debe incluir ciertos componentes clave:&nbsp;<\/p>\n\n\n\n<ul class=\"wp-block-list\">\n<li><strong>Identificaci\u00f3n de riesgos: <\/strong>Antes de que ocurra una crisis, es crucial identificar los riesgos que podr\u00edan impactar a la organizaci\u00f3n. Esto incluye riesgos internos, como fallas en los procesos, y externos, como cambios en la legislaci\u00f3n o eventos naturales.<br><br><\/li>\n\n\n\n<li><strong>Equipo de gesti\u00f3n de crisis: <\/strong>Un equipo designado y capacitado para liderar la respuesta ante una crisis es fundamental. Este equipo debe incluir representantes de todas las \u00e1reas clave de la empresa, como operaciones, comunicaci\u00f3n, recursos humanos y tecnolog\u00eda.<br><br><\/li>\n\n\n\n<li><strong>Protocolo de comunicaci\u00f3n: <\/strong>La comunicaci\u00f3n efectiva es vital durante una crisis. El plan debe especificar c\u00f3mo y cu\u00e1ndo se comunicar\u00e1 la informaci\u00f3n a empleados, clientes, socios y otras partes interesadas. Esto incluye la designaci\u00f3n de portavoces y la preparaci\u00f3n de mensajes clave.<br><br><\/li>\n\n\n\n<li><strong>Procedimientos de respuesta: <\/strong>Estos son los pasos espec\u00edficos que la organizaci\u00f3n debe seguir en diferentes escenarios de crisis. Incluyen desde la evacuaci\u00f3n f\u00edsica de oficinas hasta la gesti\u00f3n de la continuidad del negocio en casos de interrupci\u00f3n significativa.<br><br><\/li>\n\n\n\n<li><strong>Plan de recuperaci\u00f3n: <\/strong>Una vez que la crisis ha sido contenida, es necesario un plan para volver a la normalidad. Este plan debe abordar la restauraci\u00f3n de operaciones, la evaluaci\u00f3n de da\u00f1os y la implementaci\u00f3n de mejoras para prevenir futuras crisis.<\/li>\n<\/ul>\n\n\n\n<figure class=\"wp-block-image size-large\"><img loading=\"lazy\" decoding=\"async\" width=\"1024\" height=\"683\" src=\"https:\/\/ifeelonline.com\/wp-content\/uploads\/2024\/08\/image-3-1024x683.png\" alt=\"gestion de crisis en el trabajo\" class=\"wp-image-13624\" srcset=\"https:\/\/ifeelonline.com\/es\/wp-content\/uploads\/2024\/08\/image-3-1024x683.png 1024w, https:\/\/ifeelonline.com\/es\/wp-content\/uploads\/2024\/08\/image-3-300x200.png 300w, https:\/\/ifeelonline.com\/es\/wp-content\/uploads\/2024\/08\/image-3-768x512.png 768w, https:\/\/ifeelonline.com\/es\/wp-content\/uploads\/2024\/08\/image-3-1536x1024.png 1536w, https:\/\/ifeelonline.com\/es\/wp-content\/uploads\/2024\/08\/image-3-2048x1365.png 2048w\" sizes=\"auto, (max-width: 1024px) 100vw, 1024px\" \/><\/figure>\n\n\n\n<h2 class=\"wp-block-heading\"><span class=\"ez-toc-section\" id=\"El_rol_de_los_lideres_en_la_gestion_de_crisis_en_el_trabajo\"><\/span>El rol de los l\u00edderes en la gesti\u00f3n de crisis en el trabajo<span class=\"ez-toc-section-end\"><\/span><\/h2>\n\n\n\n<p>El rol de los l\u00edderes en la gesti\u00f3n de crisis en el trabajo es crucial para guiar a la organizaci\u00f3n a trav\u00e9s de tiempos dif\u00edciles. En estos momentos, la <strong>capacidad de tomar decisiones r\u00e1pidas y bien informadas bajo presi\u00f3n se vuelve esencial.<\/strong>&nbsp;<\/p>\n\n\n\n<p>Los l\u00edderes deben <strong>evaluar la situaci\u00f3n, sopesar las opciones y actuar con determinaci\u00f3n<\/strong>, utilizando su <a href=\"https:\/\/ifeelonline.com\/salud-laboral\/estrategias-de-inteligencia-emocional-para-lideres\/\">inteligencia emocional<\/a> para mantener la calma y transmitir seguridad a su equipo.<strong>.<\/strong> Adem\u00e1s, la comunicaci\u00f3n clara y efectiva es vital para mantener a todos alineados y <strong>reducir la incertidumbre, <\/strong>proporcionando informaci\u00f3n precisa y respondiendo a las preocupaciones de los empleados.<\/p>\n\n\n\n<p>M\u00e1s all\u00e1 de la toma de decisiones y la comunicaci\u00f3n, los l\u00edderes deben mostrar empat\u00eda y <a href=\"https:\/\/ifeelonline.com\/salud-laboral\/empresa-apoyar-trabajadores-epoca-de-crisis\/\">apoyar a los empleados en tiempos de crisis<\/a>, <strong>reconociendo el impacto emocional que esta puede tener.<\/strong> Esto incluye no solo ofrecer recursos para el bienestar personal y la <a href=\"https:\/\/ifeelonline.com\/salud-laboral\/salud-mental-en-las-empresas\/\">salud mental en la empresa<\/a>, sino tambi\u00e9n estar atentos para <strong><a href=\"https:\/\/ifeelonline.com\/salud-laboral\/detectar-problemas-de-salud-mental-en-empleados\/\">detectar problemas de salud mental en empleados<\/a><\/strong>, permitiendo una respuesta temprana y efectiva a cualquier dificultad que puedan estar enfrentando.&nbsp;<\/p>\n\n\n\n<p>En resumen, los l\u00edderes efectivos son aquellos que no solo administran la crisis, sino que tambi\u00e9n mantienen la cohesi\u00f3n y motivaci\u00f3n del equipo, asegurando que la organizaci\u00f3n pueda superar el desaf\u00edo y salir fortalecida.<\/p>\n\n\n\n<p>Sobre este tema, <strong>Carlos Romero-Camacho Silos, <\/strong>Chief People &amp; Corporate Affairs Officer en Insud Pharma, empresa partner de ifeel, destac\u00f3:<\/p>\n\n\n\n<blockquote class=\"wp-block-quote .quote is-layout-flow wp-block-quote-is-layout-flow\">\n<p class=\"has-text-align-center\"><em>\u201cEl liderazgo se basa (&#8230;) en ser un ejemplo en forma de actuar, liderando de forma abierta y honesta las capacidades de tus equipos en los proyectos de crecimiento. Por \u00faltimo, y lo hemos tenido que vivir durante los \u00faltimos a\u00f1os, tener la capacidad de <strong>dar tranquilidad y visi\u00f3n de futuro en momentos de incertidumbre.\u201d<\/strong><\/em><\/p>\n<\/blockquote>\n\n\n\n<h2 class=\"wp-block-heading\"><span class=\"ez-toc-section\" id=\"Fases_en_la_gestion_de_crisis_en_el_trabajo\"><\/span>Fases en la gesti\u00f3n de crisis en el trabajo<span class=\"ez-toc-section-end\"><\/span><\/h2>\n\n\n\n<p>Una gesti\u00f3n de crisis efectiva se divide en <strong>tres fases principales:<\/strong> preparaci\u00f3n, respuesta y recuperaci\u00f3n.<\/p>\n\n\n\n<h3 class=\"wp-block-heading\">Prevenci\u00f3n de la crisis laboral<\/h3>\n\n\n\n<p>La preparaci\u00f3n es la <strong>fase m\u00e1s cr\u00edtica y a menudo la m\u00e1s subestimada<\/strong> en la gesti\u00f3n de crisis en el trabajo. De hecho, <a href=\"https:\/\/www.pwc.com\/gx\/en\/issues\/crisis-solutions\/global-crisis-survey.html\" target=\"_blank\" rel=\"noreferrer noopener\">solo el 23% de l<\/a>as organizaciones siente que las funciones de gesti\u00f3n de crisis en sus negocios est\u00e1n bien integradas.&nbsp;<\/p>\n\n\n\n<p>La realidad es que saber prevenir una crisis es tan crucial como saber gestionarla, pues los l\u00edderes deben mantener una vigilancia constante sobre los factores internos y externos que podr\u00edan desencadenar problemas.&nbsp;<\/p>\n\n\n\n<p>Para l\u00edderes de grandes empresas, es vital no solo desarrollar un plan de crisis, sino tambi\u00e9n asegurarse de que <strong>todos los niveles de la organizaci\u00f3n est\u00e9n familiarizados con \u00e9l.<\/strong> Esto incluye simulaciones regulares y actualizaciones del plan en funci\u00f3n de nuevas amenazas o cambios en el entorno empresarial.&nbsp;<\/p>\n\n\n\n<p>Adem\u00e1s, la prevenci\u00f3n efectiva <strong>incluye la construcci\u00f3n de un ambiente de trabajo resiliente,<\/strong> donde la incertidumbre laboral se maneje adecuadamente y se priorice la salud mental de los empleados. En este sentido, las encuestas han demostrado que <a href=\"https:\/\/www.pwc.com\/gx\/en\/issues\/crisis-solutions\/global-crisis-survey.html\" target=\"_blank\" rel=\"noreferrer noopener\"><strong>el 70% de las organizaciones<\/strong><\/a> planean aumentar sus inversiones en la construcci\u00f3n de resiliencia, destacando la importancia de estar preparados para gestionar crisis de manera efectiva.&nbsp;<\/p>\n\n\n\n<p><strong>Acciones preventivas:<\/strong><\/p>\n\n\n\n<ul class=\"wp-block-list\">\n<li><strong>Monitoreo constante:<\/strong> Identificaci\u00f3n temprana de se\u00f1ales de alerta que podr\u00edan escalar a una crisis.<br><br><\/li>\n\n\n\n<li><strong>Fortalecimiento de la cultura organizacional:<\/strong> Crear un entorno donde los empleados se sientan seguros y apoyados.<br><br><\/li>\n\n\n\n<li><strong>Capacitaci\u00f3n continua:<\/strong> Preparar a los equipos para manejar situaciones inesperadas.<\/li>\n<\/ul>\n\n\n\n<h3 class=\"wp-block-heading\">Respuesta&nbsp;<\/h3>\n\n\n\n<p>La fase de respuesta se centra en la <strong>acci\u00f3n inmediata que debe tomarse una vez que se ha desencadenado una crisis en el trabajo.<\/strong> Un l\u00edder eficaz debe ser capaz de tomar decisiones r\u00e1pidas y bien informadas.&nbsp;<\/p>\n\n\n\n<p>La comunicaci\u00f3n clara y consistente es esencial durante esta etapa. Los empleados necesitan saber qu\u00e9 est\u00e1 sucediendo, qu\u00e9 se espera de ellos y c\u00f3mo se les apoyar\u00e1. Adem\u00e1s,<strong> los l\u00edderes deben ser transparentes<\/strong> con los stakeholders, incluyendo a los clientes, socios y la comunidad.<\/p>\n\n\n\n<h3 class=\"wp-block-heading\">Recuperaci\u00f3n&nbsp;<\/h3>\n\n\n\n<p>La recuperaci\u00f3n es la fase en la que la organizaci\u00f3n trabaja para volver a la normalidad o establecer una nueva normalidad. Este proceso puede ser prolongado, dependiendo de la magnitud de la crisis.&nbsp;<\/p>\n\n\n\n<p>Durante esta fase, es fundamental que los l\u00edderes contin\u00faen apoyando a los empleados y supervisen la implementaci\u00f3n de cambios que <strong>eviten futuras crisis similares.<\/strong> La salud mental en las empresas debe ser una prioridad durante la recuperaci\u00f3n, ya que las crisis pueden dejar <strong>secuelas emocionales<\/strong> duraderas en los empleados.<\/p>\n\n\n\n<figure class=\"wp-block-image size-large\"><img loading=\"lazy\" decoding=\"async\" width=\"1024\" height=\"683\" src=\"https:\/\/ifeelonline.com\/wp-content\/uploads\/2024\/08\/image-4-1024x683.png\" alt=\"gestion de crisis en el trabajo\" class=\"wp-image-13625\" srcset=\"https:\/\/ifeelonline.com\/es\/wp-content\/uploads\/2024\/08\/image-4-1024x683.png 1024w, https:\/\/ifeelonline.com\/es\/wp-content\/uploads\/2024\/08\/image-4-300x200.png 300w, https:\/\/ifeelonline.com\/es\/wp-content\/uploads\/2024\/08\/image-4-768x512.png 768w, https:\/\/ifeelonline.com\/es\/wp-content\/uploads\/2024\/08\/image-4-1536x1024.png 1536w, https:\/\/ifeelonline.com\/es\/wp-content\/uploads\/2024\/08\/image-4-2048x1365.png 2048w\" sizes=\"auto, (max-width: 1024px) 100vw, 1024px\" \/><\/figure>\n\n\n\n<h2 class=\"wp-block-heading\"><span class=\"ez-toc-section\" id=\"Estrategias_para_gestionar_una_crisis_efectivamente\"><\/span>Estrategias para gestionar una crisis efectivamente<span class=\"ez-toc-section-end\"><\/span><\/h2>\n\n\n\n<p>Aunque no todas las crisis pueden preverse, existen estrategias que pueden ayudar a reducir la probabilidad de que ocurran y mitigar su impacto. A continuaci\u00f3n, se presentan las mejores pr\u00e1cticas para una gesti\u00f3n de crisis exitosa:<\/p>\n\n\n\n<h3 class=\"wp-block-heading\">1. <strong>Comunicaci\u00f3n transparente:<\/strong><\/h3>\n\n\n\n<p>La comunicaci\u00f3n efectiva es clave para prevenir crisis en el lugar de trabajo. Los l\u00edderes deben fomentar un entorno donde los empleados se sientan c\u00f3modos compartiendo inquietudes y reportando problemas antes de que escalen. Esto tambi\u00e9n incluye la transparencia en la toma de decisiones y mantener a todos los miembros de la organizaci\u00f3n informados sobre los cambios que podr\u00edan afectarles.<\/p>\n\n\n\n<h3 class=\"wp-block-heading\">2. <strong>Fortalecimiento de la Cultura Organizacional<\/strong><\/h3>\n\n\n\n<p>Una cultura organizacional fuerte puede servir como un amortiguador contra las crisis. Cuando los empleados est\u00e1n alineados con la misi\u00f3n y los valores de la empresa, son m\u00e1s resilientes en tiempos de crisis.&nbsp;<\/p>\n\n\n\n<p>Por esta raz\u00f3n, los l\u00edderes deben trabajar continuamente para fortalecer la cultura organizacional, asegurando que los valores de la empresa se reflejen en todas las decisiones y acciones corporativas.<\/p>\n\n\n\n<h3 class=\"wp-block-heading\">3. <strong>Inversi\u00f3n en el bienestar mental de los empleados<\/strong><\/h3>\n\n\n\n<p>Las crisis a menudo tienen un impacto significativo en la salud mental de los empleados. Por esta raz\u00f3n, invertir en programas de bienestar mental y apoyo psicol\u00f3gico no solo mejora el bienestar de los empleados, sino que tambi\u00e9n aumenta su capacidad para manejar el estr\u00e9s durante las crisis.&nbsp;<\/p>\n\n\n\n<p>Siguiendo esta l\u00ednea, los l\u00edderes deben asegurarse de brindar recursos para la salud mental, flexibilidad laboral y que estos est\u00e9n disponibles y accesibles para todos los empleados.<\/p>\n\n\n\n<h3 class=\"wp-block-heading\">4. <strong>Aprendizaje y fortalecimiento post-crisis<\/strong><\/h3>\n\n\n\n<p>Cada crisis es una oportunidad para <strong>aprender y mejorar.<\/strong> Despu\u00e9s de superar una crisis, es esencial que los l\u00edderes <strong>eval\u00faen qu\u00e9 funcion\u00f3 y qu\u00e9 no, <\/strong>y que adapten sus planes de gesti\u00f3n de crisis en consecuencia.&nbsp;Esta evaluaci\u00f3n no solo fortalece la capacidad de la empresa para enfrentar futuras crisis, sino que tambi\u00e9n <strong>refuerza la cultura organizacional y la cohesi\u00f3n del equipo.<\/strong><\/p>\n\n\n\n<p><strong>Pasos para fortalecer la organizaci\u00f3n despu\u00e9s de una crisis:<\/strong><\/p>\n\n\n\n<ul class=\"wp-block-list\">\n<li><strong>Revisi\u00f3n de la gesti\u00f3n de crisis en el trabajo:<\/strong> Analizar las decisiones tomadas y su efectividad.<br><br><\/li>\n\n\n\n<li><strong>Actualizaci\u00f3n del plan de crisis:<\/strong> Incorporar lecciones aprendidas y nuevas estrategias.<\/li>\n<\/ul>\n\n\n\n<figure class=\"wp-block-image size-large\"><img loading=\"lazy\" decoding=\"async\" width=\"1024\" height=\"683\" src=\"https:\/\/ifeelonline.com\/wp-content\/uploads\/2024\/08\/image-6-1024x683.png\" alt=\"gestion de crisis en el trabajo\n\" class=\"wp-image-13627\" srcset=\"https:\/\/ifeelonline.com\/es\/wp-content\/uploads\/2024\/08\/image-6-1024x683.png 1024w, https:\/\/ifeelonline.com\/es\/wp-content\/uploads\/2024\/08\/image-6-300x200.png 300w, https:\/\/ifeelonline.com\/es\/wp-content\/uploads\/2024\/08\/image-6-768x512.png 768w, https:\/\/ifeelonline.com\/es\/wp-content\/uploads\/2024\/08\/image-6-1536x1024.png 1536w, https:\/\/ifeelonline.com\/es\/wp-content\/uploads\/2024\/08\/image-6-2048x1365.png 2048w\" sizes=\"auto, (max-width: 1024px) 100vw, 1024px\" \/><\/figure>\n\n\n\n<h2 class=\"wp-block-heading\"><span class=\"ez-toc-section\" id=\"Confia_en_los_expertos\"><\/span>Conf\u00eda en los expertos<span class=\"ez-toc-section-end\"><\/span><\/h2>\n\n\n\n<p>La gesti\u00f3n de crisis en el trabajo es un aspecto fundamental del liderazgo en grandes organizaciones. Un plan de gesti\u00f3n de crisis bien estructurado no solo protege a la empresa, sino que tambi\u00e9n <strong>refuerza su resiliencia y mejora la moral de los empleados<\/strong>. Al apoyar a los empleados y priorizar su salud mental, los l\u00edderes pueden garantizar que su organizaci\u00f3n no solo sobreviva a la crisis, sino que<strong> salga fortalecida.<\/strong><\/p>\n\n\n\n<p>Para ayudar en este proceso, <strong><a href=\"https:\/\/ifeelonline.com\/psicologos-online\/\">nuestro equipo de psic\u00f3logos<\/a> expertos en <a href=\"https:\/\/ifeelonline.com\/bienestar-laboral\/\">bienestar laboral<\/a><\/strong> ha desarrollado una <a href=\"https:\/\/ifeelonline.com\/mejorar-el-bienestar-emocional-en-el-trabajo\/\">soluci\u00f3n de bienestar mental para empresas<\/a>, con el objetivo de ayudar a las compa\u00f1\u00edas a potenciar el <a href=\"https:\/\/ifeelonline.com\/salud-laboral\/compromiso-laboral-con-la-empresa\/\">compromiso laboral <\/a>de sus trabajadores y potenciar la <a href=\"https:\/\/ifeelonline.com\/salud-laboral\/medir-productividad-en-el-trabajo\/\">productividad.<\/a>&nbsp;&nbsp;<\/p>\n\n\n\n<p>Gracias a esta colaboraci\u00f3n, los responsables de <a href=\"https:\/\/ifeelonline.com\/en-que-consiste-el-trabajo-de-recursos-humanos\/\">Recursos Humanos<\/a> pueden <strong>recibir asesoramiento personalizado y basado en datos <\/strong>sobre cu\u00e1les son las medidas m\u00e1s eficaces para detectar problemas de salud mental en empleados y medir el clima laboral que respiran sus equipos. Es la mejor manera de conocer sus necesidades.&nbsp;<\/p>\n\n\n\n<p>Por otro lado, la<strong> soluci\u00f3n de bienestar mental para empresas de ifeel <\/strong>ofrece a los empleados un servicio de cuidado de su salud mental estructurado en diferentes niveles en funci\u00f3n de lo que necesiten en cada momento.&nbsp;<\/p>\n\n\n\n<p>Esperamos que este art\u00edculo sobre <strong>la gesti\u00f3n de crisis en el trabajo, <\/strong>te haya resultado interesante, \u00a0y te invitamos a leer nuestro blog sobre la importancia de contar con\u00a0<a href=\"https:\/\/ifeelonline.com\/salud-laboral\/seguros-medicos-para-empresas\/\">seguros m\u00e9dicos para empresas.<\/a> Si quieres m\u00e1s informaci\u00f3n sobre nuestro programa de bienestar mental para empresas, <a href=\"https:\/\/ifeelonline.com\/como-funciona-ifeel-bienestar-laboral\/\">solo tienes que solicitarla<\/a> y en seguida nos pondremos en contacto con tu equipo<\/p>\n\n    <div class=\"xs_social_share_widget xs_share_url after_content \t\tmain_content  wslu-style-1 wslu-share-box-shaped wslu-fill-colored wslu-none wslu-share-horizontal wslu-theme-font-no wslu-main_content\">\n\n\t\t\n        <ul>\n\t\t\t        <\/ul>\n    <\/div> \n","protected":false},"excerpt":{"rendered":"<p>El entorno empresarial actual est\u00e1 caracterizado por una alta volatilidad, donde la incertidumbre y los cambios r\u00e1pidos son la norma. Este panorama genera constantemente desaf\u00edos y obst\u00e1culos imprevistos, que obligan a las empresas a tomar decisiones r\u00e1pidas y acertadas para asegurar su continuidad y \u00e9xito a largo plazo. En este contexto, la capacidad de gesti\u00f3n [&hellip;]<\/p>\n","protected":false},"author":62,"featured_media":13626,"comment_status":"closed","ping_status":"open","sticky":false,"template":"","format":"standard","meta":{"content-type":"","postBodyCss":"","postBodyMargin":[],"postBodyPadding":[],"postBodyBackground":{"backgroundType":"classic","gradient":""},"footnotes":""},"categories":[311,474],"tags":[],"class_list":["post-13623","post","type-post","status-publish","format-standard","has-post-thumbnail","hentry","category-salud-laboral","category-psicologia-para-empresas"],"_links":{"self":[{"href":"https:\/\/ifeelonline.com\/es\/wp-json\/wp\/v2\/posts\/13623","targetHints":{"allow":["GET"]}}],"collection":[{"href":"https:\/\/ifeelonline.com\/es\/wp-json\/wp\/v2\/posts"}],"about":[{"href":"https:\/\/ifeelonline.com\/es\/wp-json\/wp\/v2\/types\/post"}],"author":[{"embeddable":true,"href":"https:\/\/ifeelonline.com\/es\/wp-json\/wp\/v2\/users\/62"}],"replies":[{"embeddable":true,"href":"https:\/\/ifeelonline.com\/es\/wp-json\/wp\/v2\/comments?post=13623"}],"version-history":[{"count":0,"href":"https:\/\/ifeelonline.com\/es\/wp-json\/wp\/v2\/posts\/13623\/revisions"}],"wp:featuredmedia":[{"embeddable":true,"href":"https:\/\/ifeelonline.com\/es\/wp-json\/wp\/v2\/media\/13626"}],"wp:attachment":[{"href":"https:\/\/ifeelonline.com\/es\/wp-json\/wp\/v2\/media?parent=13623"}],"wp:term":[{"taxonomy":"category","embeddable":true,"href":"https:\/\/ifeelonline.com\/es\/wp-json\/wp\/v2\/categories?post=13623"},{"taxonomy":"post_tag","embeddable":true,"href":"https:\/\/ifeelonline.com\/es\/wp-json\/wp\/v2\/tags?post=13623"}],"curies":[{"name":"wp","href":"https:\/\/api.w.org\/{rel}","templated":true}]}}