{"id":12310,"date":"2024-02-02T13:53:36","date_gmt":"2024-02-02T12:53:36","guid":{"rendered":"https:\/\/ifeelonline.com\/?p=12310"},"modified":"2024-10-18T14:48:02","modified_gmt":"2024-10-18T13:48:02","slug":"gestionar-la-carga-de-trabajo","status":"publish","type":"post","link":"https:\/\/ifeelonline.com\/es\/salud-laboral\/gestionar-la-carga-de-trabajo\/","title":{"rendered":"\u00bfC\u00f3mo gestionar la carga de trabajo adecuadamente? Aprende 5 estrategias clave"},"content":{"rendered":"<div id=\"ez-toc-container\" class=\"ez-toc-v2_0_81 counter-hierarchy ez-toc-counter ez-toc-custom ez-toc-container-direction\">\n<div class=\"ez-toc-title-container\">\n<p class=\"ez-toc-title\" style=\"cursor:inherit\">Contenidos<\/p>\n<span class=\"ez-toc-title-toggle\"><a href=\"#\" class=\"ez-toc-pull-right ez-toc-btn ez-toc-btn-xs ez-toc-btn-default ez-toc-toggle\" aria-label=\"Toggle Table of Content\"><span class=\"ez-toc-js-icon-con\"><span class=\"\"><span class=\"eztoc-hide\" style=\"display:none;\">Toggle<\/span><span class=\"ez-toc-icon-toggle-span\"><svg style=\"fill: #51607e;color:#51607e\" xmlns=\"http:\/\/www.w3.org\/2000\/svg\" class=\"list-377408\" width=\"20px\" height=\"20px\" viewBox=\"0 0 24 24\" fill=\"none\"><path d=\"M6 6H4v2h2V6zm14 0H8v2h12V6zM4 11h2v2H4v-2zm16 0H8v2h12v-2zM4 16h2v2H4v-2zm16 0H8v2h12v-2z\" fill=\"currentColor\"><\/path><\/svg><svg style=\"fill: #51607e;color:#51607e\" class=\"arrow-unsorted-368013\" xmlns=\"http:\/\/www.w3.org\/2000\/svg\" width=\"10px\" height=\"10px\" viewBox=\"0 0 24 24\" version=\"1.2\" baseProfile=\"tiny\"><path d=\"M18.2 9.3l-6.2-6.3-6.2 6.3c-.2.2-.3.4-.3.7s.1.5.3.7c.2.2.4.3.7.3h11c.3 0 .5-.1.7-.3.2-.2.3-.5.3-.7s-.1-.5-.3-.7zM5.8 14.7l6.2 6.3 6.2-6.3c.2-.2.3-.5.3-.7s-.1-.5-.3-.7c-.2-.2-.4-.3-.7-.3h-11c-.3 0-.5.1-.7.3-.2.2-.3.5-.3.7s.1.5.3.7z\"\/><\/svg><\/span><\/span><\/span><\/a><\/span><\/div>\n<nav><ul class='ez-toc-list ez-toc-list-level-1 eztoc-toggle-hide-by-default' ><li class='ez-toc-page-1 ez-toc-heading-level-2'><a class=\"ez-toc-link ez-toc-heading-1\" href=\"https:\/\/ifeelonline.com\/es\/salud-laboral\/gestionar-la-carga-de-trabajo\/#%C2%BFPor_que_es_importante_aprender_a_gestionar_la_carga_de_trabajo\" >\u00bfPor qu\u00e9 es importante aprender a gestionar la carga de trabajo?&nbsp;<\/a><\/li><li class='ez-toc-page-1 ez-toc-heading-level-2'><a class=\"ez-toc-link ez-toc-heading-2\" href=\"https:\/\/ifeelonline.com\/es\/salud-laboral\/gestionar-la-carga-de-trabajo\/#5_consejos_para_gestionar_la_carga_de_trabajo\" >5 consejos para gestionar la carga de trabajo&nbsp;<\/a><\/li><li class='ez-toc-page-1 ez-toc-heading-level-2'><a class=\"ez-toc-link ez-toc-heading-3\" href=\"https:\/\/ifeelonline.com\/es\/salud-laboral\/gestionar-la-carga-de-trabajo\/#Desbloquea_el_potencial_de_tu_equipo\" >Desbloquea el potencial de tu equipo<\/a><\/li><\/ul><\/nav><\/div>\n\n<p>A medida que las empresas crecen y se expanden, aumentan tambi\u00e9n las responsabilidades de cada puesto de trabajo. Ante este escenario, los managers de los equipos enfrentan una gran responsabilidad: <strong>repartir adecuadamente las cargas de trabajo<\/strong> entre los empleados, para evitar casos de <a href=\"https:\/\/ifeelonline.com\/salud-laboral\/burnout-cuando-el-trabajo-te-abrasa\/\">burnout o agotamiento laboral.<\/a>&nbsp;<\/p>\n\n\n\n<p>La realidad es que dentro del din\u00e1mico mundo empresarial actual, <strong>gestionar la carga de trabajo de manera efectiva resulta esencial para garantizar la <a href=\"https:\/\/ifeelonline.com\/salud-laboral\/como-mejorar-la-productividad-laboral\/\" data-type=\"post\" data-id=\"5481\">productividad<\/a> y el<a href=\"https:\/\/ifeelonline.com\/salud-laboral\/bienestar-emocional-de-los-empleados\/\" data-type=\"post\" data-id=\"10602\"> bienestar de los empleados<\/a><\/strong>. De hecho, las empresas que adoptan enfoques proactivos para ayudar a sus equipos a gestionar eficientemente sus responsabilidades no solo mejoran el rendimiento individual, sino que tambi\u00e9n <strong>fomentan un<a href=\"https:\/\/ifeelonline.com\/salud-laboral\/cual-es-el-secreto-de-un-clima-laboral-favorable\/\" data-type=\"post\" data-id=\"5299\"> ambiente de trabajo saludable<\/a>.<\/strong>&nbsp;<\/p>\n\n\n\n<figure class=\"wp-block-image size-large\"><img loading=\"lazy\" decoding=\"async\" width=\"1024\" height=\"683\" src=\"https:\/\/ifeelonline.com\/wp-content\/uploads\/2024\/01\/image-17-1024x683.png\" alt=\"gestionar la carga de trabajo\n\" class=\"wp-image-12311\" srcset=\"https:\/\/ifeelonline.com\/es\/wp-content\/uploads\/2024\/01\/image-17-1024x683.png 1024w, https:\/\/ifeelonline.com\/es\/wp-content\/uploads\/2024\/01\/image-17-300x200.png 300w, https:\/\/ifeelonline.com\/es\/wp-content\/uploads\/2024\/01\/image-17-768x512.png 768w, https:\/\/ifeelonline.com\/es\/wp-content\/uploads\/2024\/01\/image-17-1536x1024.png 1536w, https:\/\/ifeelonline.com\/es\/wp-content\/uploads\/2024\/01\/image-17-2048x1365.png 2048w\" sizes=\"auto, (max-width: 1024px) 100vw, 1024px\" \/><\/figure>\n\n\n\n<h2 class=\"wp-block-heading\"><span class=\"ez-toc-section\" id=\"%C2%BFPor_que_es_importante_aprender_a_gestionar_la_carga_de_trabajo\"><\/span>\u00bfPor qu\u00e9 es importante aprender a gestionar la carga de trabajo?&nbsp;<span class=\"ez-toc-section-end\"><\/span><\/h2>\n\n\n\n<p>Solo en Espa\u00f1a, <strong>el <a href=\"https:\/\/www.legaltoday.com\/wp-content\/uploads\/2022\/01\/GUIA-DEL-MERCADO-LABORAL-2022-HAYS.pdf\" target=\"_blank\" rel=\"noreferrer noopener\">30% de los profesionales<\/a> reconoce haber vivido el burnout en primera persona, y el 38% de las empresas afirman que ha habido casos de dicho agotamiento dentro de su equipo.<\/strong> En muchos casos, esto ocurre debido a una falsa creencia que impulsa a los trabajadores a ir m\u00e1s all\u00e1 de sus l\u00edmites por querer cumplir con los plazos establecidos o por la b\u00fasqueda de la <a href=\"https:\/\/ifeelonline.com\/perfeccionismo-en-el-trabajo\/\">perfecci\u00f3n en el trabajo<\/a>; la cual, lejos de ser productiva, provoca un deterioro en la <a href=\"https:\/\/ifeelonline.com\/salud-laboral\/salud-mental-empleados\/\" data-type=\"post\" data-id=\"10893\">salud mental<\/a> de los mismos.&nbsp;<\/p>\n\n\n\n<p>Estos datos revelan que, independientemente del sector, la cantidad de responsabilidades o tareas pendientes est\u00e1 sobrepasando las capacidades de gesti\u00f3n de los trabajadores, y <strong>en vez de aumentar su productividad, est\u00e1 resultando contraproducente para las empresas.&nbsp;<\/strong><\/p>\n\n\n\n<p>De hecho, <strong>cuidar que se realice una adecuada gesti\u00f3n de la carga de trabajo y contar con <a href=\"https:\/\/ifeelonline.com\/ebooks\/guia-burnout\/?partner=ifeel_internLinkPost\">iniciativas de prevenci\u00f3n del burnout,<\/a> es igual a velar por el bienestar de los trabajadores,<\/strong> as\u00ed como a fomentar la productividad, la optimizaci\u00f3n del talento y del tiempo, para poder conseguir los objetivos marcados sin sufrir los efectos negativos de la presi\u00f3n.&nbsp;<\/p>\n\n\n\n<p>Por esta raz\u00f3n, contar con estrategias para gestionar la carga de trabajo es esencial, no solo por el cuidado del bienestar de los empleados, sino que, a su vez, <strong>esta pr\u00e1ctica trae consigo varios beneficios como:&nbsp;<\/strong><\/p>\n\n\n\n<ol class=\"wp-block-list\">\n<li><strong>Mejora la productividad: <\/strong>La gesti\u00f3n efectiva de la carga de trabajo permite a los empleados concentrarse en tareas importantes y prioritarias, contribuyendo a un <strong>aumento en la productividad general.<\/strong><br><br><\/li>\n<\/ol>\n\n\n\n<ol start=\"2\" class=\"wp-block-list\">\n<li><strong>Reduce el <a href=\"https:\/\/ifeelonline.com\/salud-laboral\/como-afrontar-de-forma-eficiente-el-estres-laboral\/\" data-type=\"post\" data-id=\"11290\">estr\u00e9s<\/a> y el agotamiento: <\/strong>Una carga de trabajo descontrolada o excesiva puede llevar a que el trabajador experimente un exceso de estr\u00e9s y aumenta el <a href=\"https:\/\/ifeelonline.com\/salud-laboral\/como-prevenir-burnout\/\" data-type=\"post\" data-id=\"8701\">riesgo del agotamiento o burnout<\/a>, afectando negativamente su salud mental y f\u00edsica. Por el contrario, una correcta gesti\u00f3n de la carga de trabajo <strong>ayuda a evitar la sobrecarga y a mantener un equilibrio saludable<\/strong>. Desde <strong>ifeel,<\/strong> hemos dise\u00f1ado esta <a href=\"https:\/\/ifeelonline.com\/ebooks\/guia-burnout\/?utm_campaign=blogcampaign&amp;partner=ifeel_internLinkPost\">gu\u00eda de prevenci\u00f3n del burnout<\/a> que podr\u00e1s aprovechar.<br><br><\/li>\n<\/ol>\n\n\n\n<ol start=\"3\" class=\"wp-block-list\">\n<li><strong>Mejora la calidad del trabajo:<\/strong> Cuando los empleados tienen el tiempo y la energ\u00eda necesarios para enfocarse en sus tareas, la calidad del trabajo tiende a mejorar. Esto es as\u00ed debido a que la gesti\u00f3n eficiente <strong>permite una atenci\u00f3n m\u00e1s cuidadosa a los detalles, lo que al final se traduce en la entrega de resultados de mayor calidad.<\/strong><br><br><\/li>\n<\/ol>\n\n\n\n<ol start=\"4\" class=\"wp-block-list\">\n<li><strong>Se optimizan mejor los recursos:<\/strong> Saber gestionar la carga de trabajo implica saber distribuir y asignar los recursos de forma eficiente. Esto evita la sobre-utilizaci\u00f3n o sub-utilizaci\u00f3n de habilidades y del tiempo empleado en las diferentes tareas. A su vez, esto <strong>se traduce en una optimizaci\u00f3n de los recursos disponibles.<\/strong><br><br><\/li>\n<\/ol>\n\n\n\n<ol start=\"5\" class=\"wp-block-list\">\n<li><strong>Facilita el cumplimiento de plazos<\/strong>: Una gesti\u00f3n de la carga de trabajo adecuada, facilita la planificaci\u00f3n y el cumplimiento de los plazos laborales, pues los empleados pueden organizar sus tareas y responsabilidades de acuerdo al nivel de prioridad, para que as\u00ed <strong>se alcancen los objetivos en el tiempo establecido.<\/strong><br><br><\/li>\n<\/ol>\n\n\n\n<ol start=\"6\" class=\"wp-block-list\">\n<li><strong>Fomenta la innovaci\u00f3n: <\/strong>Al liberar a los empleados de una carga excesiva de trabajo, se les brinda espacio para la creatividad y la innovaci\u00f3n. La gesti\u00f3n eficiente no solo se trata de cumplir con las tareas diarias, sino tambi\u00e9n de <strong>fomentar un ambiente propicio para la generaci\u00f3n de nuevas ideas.<\/strong><br><\/li>\n<\/ol>\n\n\n\n<figure class=\"wp-block-image size-large\"><img loading=\"lazy\" decoding=\"async\" width=\"1024\" height=\"683\" src=\"https:\/\/ifeelonline.com\/wp-content\/uploads\/2024\/01\/image-18-1024x683.png\" alt=\"gestionar la carga de trabajo\n\" class=\"wp-image-12312\" srcset=\"https:\/\/ifeelonline.com\/es\/wp-content\/uploads\/2024\/01\/image-18-1024x683.png 1024w, https:\/\/ifeelonline.com\/es\/wp-content\/uploads\/2024\/01\/image-18-300x200.png 300w, https:\/\/ifeelonline.com\/es\/wp-content\/uploads\/2024\/01\/image-18-768x512.png 768w, https:\/\/ifeelonline.com\/es\/wp-content\/uploads\/2024\/01\/image-18-1536x1024.png 1536w, https:\/\/ifeelonline.com\/es\/wp-content\/uploads\/2024\/01\/image-18-2048x1365.png 2048w\" sizes=\"auto, (max-width: 1024px) 100vw, 1024px\" \/><\/figure>\n\n\n\n<ol start=\"7\" class=\"wp-block-list\">\n<li><strong>Mejora la retenci\u00f3n de talento:<\/strong> Los empleados que experimentan una gesti\u00f3n de carga de trabajo efectiva y un equilibrio adecuado entre trabajo y vida personal son m\u00e1s propensos a estar satisfechos en su trabajo. <strong>Esto puede contribuir a la retenci\u00f3n de talento valioso para la empresa.<\/strong><br><br><\/li>\n<\/ol>\n\n\n\n<ol start=\"8\" class=\"wp-block-list\">\n<li><strong>Fomenta un clima laboral positivo: <\/strong>Un ambiente de trabajo en el que los l\u00edderes cuidan y gestionan adecuadamente la carga laboral, tiende a ser m\u00e1s positivo. Los empleados se sienten respaldados, seguros y valorados, lo que a su vez <strong>mejora la moral y la cohesi\u00f3n del equipo.<\/strong><br><br><\/li>\n<\/ol>\n\n\n\n<ol start=\"9\" class=\"wp-block-list\">\n<li><strong>Facilita la adaptabilidad a los cambios:<\/strong> Los equipos que saben gestionar la carga de trabajo de forma efectiva, son m\u00e1s capaces de adaptarse a los cambios en el entorno empresarial, pues cuentan con la <strong>flexibilidad que les permite mantenerse \u00e1giles y responder de manera eficiente<\/strong> a nuevos desaf\u00edos.<br><br><\/li>\n<\/ol>\n\n\n\n<ol start=\"10\" class=\"wp-block-list\">\n<li><strong>Mejora el desempe\u00f1o global de la empresa:<\/strong> Por \u00faltimo, aprender a gestionar la carga de trabajo adecuadamente, contribuye al desempe\u00f1o general de la empresa <strong>al garantizar que los recursos se utilicen de manera efectiva y que los empleados est\u00e9n comprometidos y productivos.<\/strong><br><br><\/li>\n<\/ol>\n\n\n\n<h2 class=\"wp-block-heading\"><span class=\"ez-toc-section\" id=\"5_consejos_para_gestionar_la_carga_de_trabajo\"><\/span>5 consejos para gestionar la carga de trabajo&nbsp;<span class=\"ez-toc-section-end\"><\/span><\/h2>\n\n\n\n<p>Para maximizar la productividad del empleado y obtener beneficios para la empresa al mismo tiempo, es esencial que <strong>la asignaci\u00f3n de tareas se ajuste de manera equitativa al tiempo de trabajo y a las habilidades profesionales del trabajador.&nbsp;<\/strong><\/p>\n\n\n\n<p>En este sentido, los managers y l\u00edderes de los equipos se enfrentan al desaf\u00edo de no solo lograr un equilibrio adecuado en las listas de tareas, sino que tambi\u00e9n se busca que <strong>los integrantes del equipo desarrollen habilidades para trabajar de manera m\u00e1s inteligente<\/strong>, optimizando procesos y gestionando eficazmente la carga de trabajo para el beneficio del negocio.<\/p>\n\n\n\n<p>Para ello, los l\u00edderes deben desarrollar estrategias de<a href=\"https:\/\/ifeelonline.com\/salud-laboral\/estrategias-de-inteligencia-emocional-para-lideres\/\"> inteligencia emocional<\/a> que les permitan <strong>observar el panorama completo, y as\u00ed asignar las tareas de acuerdo a las competencias y habilidades de los miembros del equipo<\/strong>. De hecho, <a href=\"https:\/\/dialnet.unirioja.es\/servlet\/articulo?codigo=2389481\" target=\"_blank\" rel=\"noreferrer noopener\">estudios demuestran<\/a> que cuando el conjunto de competencias de una persona son aplicadas las tareas de forma habitual, esto representa un factor decisivo y positivo en proceso de aprendizaje.&nbsp;<\/p>\n\n\n\n<p>Para facilitar esta tarea y ayudar a los managers a gestionar la carga de trabajo de manera efectiva, <strong>se pueden aplicar las siguientes estrategias<\/strong>:&nbsp;<\/p>\n\n\n\n<h3 class=\"wp-block-heading\"><strong>1. Evaluar la carga de trabajo:<\/strong> <\/h3>\n\n\n\n<p>Antes de implementar cualquier estrategia de gesti\u00f3n de la carga laboral, es fundamental realizar un an\u00e1lisis para <strong>comprender la cantidad y complejidad de las tareas, con el objetivo de adaptar la carga de trabajo a los empleados<\/strong> y al ritmo de trabajo actual.&nbsp;<\/p>\n\n\n\n<p>En este sentido, es fundamental contar con un ambiente de<a href=\"https:\/\/ifeelonline.com\/seguridad-psicologica-en-el-trabajo\/\"> seguridad psicol\u00f3gica<\/a>, en el que los empleados <strong>puedan sentirse c\u00f3modos expresando sus preocupaciones y desaf\u00edos <\/strong>en relaci\u00f3n con la carga de trabajo. Tambi\u00e9n pueden utilizarse herramientas como encuestas an\u00f3nimas, revisiones peri\u00f3dicas o sesiones de retroalimentaci\u00f3n, que le permitan a los l\u00edderes recopilar informaci\u00f3n esencial.<br>Desde <strong>ifeel,<\/strong> hemos dise\u00f1ado<a href=\"https:\/\/ifeelonline.com\/ebooks\/salvavidas-all-in-one-para-hr-managers\/?partner=ifeel_internLinkPost\"> este recurso <\/a>con consejos pr\u00e1cticos que podr\u00e1s implementar para fomentar la seguridad psicol\u00f3gica en el trabajo.<\/p>\n\n\n\n<h3 class=\"wp-block-heading\"><strong>2. Apoyarse en herramientas tecnol\u00f3gicas:<\/strong> <\/h3>\n\n\n\n<p>La tecnolog\u00eda puede ser una aliada poderosa al momento de gestionar la carga de trabajo. La implementaci\u00f3n de herramientas de <a href=\"https:\/\/ifeelonline.com\/metodologias-de-trabajo\/\">gesti\u00f3n de proyectos<\/a>, softwares de colaboraci\u00f3n o sistemas de seguimiento pueden proporcionar una visi\u00f3n clara de las tareas, plazos y recursos disponibles. Adem\u00e1s,<strong> la automatizaci\u00f3n de procesos rutinarios puede liberar tiempo<\/strong> para que los empleados se centren en tareas m\u00e1s prioritarias, estrat\u00e9gicas y creativas.<br><\/p>\n\n\n\n<h3 class=\"wp-block-heading\"><strong>3. Establecer prioridades: <\/strong><\/h3>\n\n\n\n<p>Ayudar a los empleados a <strong>establecer prioridades es esencial.<\/strong> Las empresas pueden colaborar en la creaci\u00f3n de listas de tareas, identificando las actividades cr\u00edticas y aquellas que pueden ser delegadas o pospuestas. Esto debido a que contar con un enfoque estructurado para la gesti\u00f3n del tiempo y la priorizaci\u00f3n, <strong>contribuye significativamente a la eficiencia individual y colectiva.<\/strong><br><\/p>\n\n\n\n<h3 class=\"wp-block-heading\"><strong>4. Apoyar en el desarrollo de habilidades: <\/strong><\/h3>\n\n\n\n<p>Desde los puestos directivos, ofrecer <a href=\"https:\/\/ifeelonline.com\/psicoeducacion-en-el-trabajo\/\">psicoeducaci\u00f3n en el trabajo<\/a>, as\u00ed como capacitaciones en diferentes \u00e1reas, y apoyar a los empleados en el desarrollo de habilidades, puede ayudar a que estos <strong>aprendan estrategias \u00fatiles para gestionar la carga de trabajo.<\/strong> <\/p>\n\n\n\n<p>De esta manera, las empresas pueden proporcionar recursos para que los empleados mejoren sus habilidades en \u00e1reas espec\u00edficas, lo que no solo aumenta la eficiencia en la ejecuci\u00f3n de tareas, sino que tambi\u00e9n <strong>impulsa la confianza y el <a href=\"https:\/\/ifeelonline.com\/salud-laboral\/compromiso-laboral-con-la-empresa\/\">compromiso <\/a>de los trabajadores.<\/strong><\/p>\n\n\n\n<p>La gu\u00eda &#8220;<a href=\"https:\/\/ifeelonline.com\/ebooks\/estrategia-de-bienestar-360-en-tu-empresa\/?partner=ifeel_internLinkPost\">Estrategia de bienestar 360 en tu empresa<\/a>&#8221; de ifeel ofrece un enfoque integral para mejorar el bienestar mental en el entorno laboral.<br><\/p>\n\n\n\n<h3 class=\"wp-block-heading\"><strong>5. Realiza evaluaciones peri\u00f3dicas de la carga de trabajo&nbsp;<\/strong><\/h3>\n\n\n\n<p>Los planes y las estrategias establecidas pueden variar con el tiempo, con base en las necesidades de la empresa. Por lo tanto,<strong> realizar evaluaciones peri\u00f3dicas como parte de la rutina laboral<\/strong> resulta vital para ajustar la metodolog\u00eda de trabajo en caso de ser necesario. De esta manera, adem\u00e1s, se est\u00e1 fomentando una cultura de trabajo positiva, en la que los empleados pueden confiar en que <strong>no se les dejar\u00e1 solos a lo largo de la ejecuci\u00f3n de los proyectos.&nbsp;<\/strong><\/p>\n\n\n\n<figure class=\"wp-block-image size-large\"><img loading=\"lazy\" decoding=\"async\" width=\"1024\" height=\"683\" src=\"https:\/\/ifeelonline.com\/wp-content\/uploads\/2024\/01\/image-19-1024x683.png\" alt=\"gestionar la carga de trabajo\" class=\"wp-image-12313\" srcset=\"https:\/\/ifeelonline.com\/es\/wp-content\/uploads\/2024\/01\/image-19-1024x683.png 1024w, https:\/\/ifeelonline.com\/es\/wp-content\/uploads\/2024\/01\/image-19-300x200.png 300w, https:\/\/ifeelonline.com\/es\/wp-content\/uploads\/2024\/01\/image-19-768x512.png 768w, https:\/\/ifeelonline.com\/es\/wp-content\/uploads\/2024\/01\/image-19-1536x1024.png 1536w, https:\/\/ifeelonline.com\/es\/wp-content\/uploads\/2024\/01\/image-19-2048x1365.png 2048w\" sizes=\"auto, (max-width: 1024px) 100vw, 1024px\" \/><\/figure>\n\n\n\n<h2 class=\"wp-block-heading\"><span class=\"ez-toc-section\" id=\"Desbloquea_el_potencial_de_tu_equipo\"><\/span>Desbloquea el potencial de tu equipo<span class=\"ez-toc-section-end\"><\/span><\/h2>\n\n\n\n<p>En <strong>ifeel<\/strong>, sabemos que gestionar la carga de trabajo de manera efectiva <strong>es una responsabilidad compartida entre empleados y empleadores<\/strong>. Pues, en \u00faltima instancia, una carga de trabajo bien gestionada conduce a equipos m\u00e1s comprometidos, productivos y satisfechos<\/p>\n\n\n\n<p>Para ayudarte en este proceso, nuestro <strong><a href=\"https:\/\/ifeelonline.com\/psicologos-online\/\">equipo de psic\u00f3logos<\/a> expertos en <a href=\"https:\/\/ifeelonline.com\/bienestar-laboral\/\">bienestar laboral<\/a><\/strong> ha creado un <a href=\"https:\/\/ifeelonline.com\/mejorar-el-bienestar-emocional-en-el-trabajo\/\">programa de bienestar mental para empresas<\/a>, que mejora la retenci\u00f3n del talento, reduce el<a href=\"https:\/\/ifeelonline.com\/presentismo-laboral\/\"> presentismo laboral<\/a> y combate el estr\u00e9s de los trabajadores.&nbsp;<\/p>\n\n\n\n<p>Gracias a nuestra soluci\u00f3n de bienestar mental, los responsables de <a href=\"https:\/\/ifeelonline.com\/en-que-consiste-el-trabajo-de-recursos-humanos\/\">Recursos Humanos<\/a> de tu empresa pueden recibir <strong>asesoramiento personalizado y basado en datos<\/strong> sobre c\u00f3mo mejorar la <a href=\"https:\/\/ifeelonline.com\/salud-mental-en-el-trabajo\/\">salud mental en el trabajo<\/a>. Adem\u00e1s, esta <a href=\"https:\/\/ifeelonline.com\/app-programa-de-bienestar-laboral-para-empresas\/\">soluci\u00f3n<\/a> ofrece a los empleados un servicio 360\u00ba de cuidado de su <a href=\"https:\/\/ifeelonline.com\/salud-mental-en-las-empresas\/\">bienestar mental<\/a> estructurado en diferentes niveles en funci\u00f3n de sus necesidades. <a href=\"https:\/\/ifeelonline.com\/solicitar-demo\/\">Prueba ahora nuestra soluci\u00f3n<\/a> para que puedas ver c\u00f3mo podr\u00eda ayudaros.<\/p>\n\n\n\n<p>Esperamos que este art\u00edculo sobre<strong> c\u00f3mo gestionar la carga de trabajo<\/strong> te haya resultado interesante, y te invitamos a descargar de manera gratuita <a href=\"https:\/\/ifeelonline.com\/ebooks\/evaluacion-de-desempeno\/?partner=ifeel_internLinkPost\">esta plantilla de evaluaci\u00f3n de desempe\u00f1o<\/a>, que te ayudar\u00e1 a plantear y estructurar adecuadamente la entrevista para mejorar as\u00ed el rendimiento de todo el equipo. .\u00a0<\/p>\n\n    <div class=\"xs_social_share_widget xs_share_url after_content \t\tmain_content  wslu-style-1 wslu-share-box-shaped wslu-fill-colored wslu-none wslu-share-horizontal wslu-theme-font-no wslu-main_content\">\n\n\t\t\n        <ul>\n\t\t\t        <\/ul>\n    <\/div> \n","protected":false},"excerpt":{"rendered":"<p>A medida que las empresas crecen y se expanden, aumentan tambi\u00e9n las responsabilidades de cada puesto de trabajo. Ante este escenario, los managers de los equipos enfrentan una gran responsabilidad: repartir adecuadamente las cargas de trabajo entre los empleados, para evitar casos de burnout o agotamiento laboral.&nbsp; La realidad es que dentro del din\u00e1mico mundo [&hellip;]<\/p>\n","protected":false},"author":62,"featured_media":12313,"comment_status":"closed","ping_status":"open","sticky":false,"template":"","format":"standard","meta":{"content-type":"","postBodyCss":"","postBodyMargin":[],"postBodyPadding":[],"postBodyBackground":{"backgroundType":"classic","gradient":""},"footnotes":""},"categories":[311,473,471],"tags":[],"class_list":["post-12310","post","type-post","status-publish","format-standard","has-post-thumbnail","hentry","category-salud-laboral","category-desarrollo-profesional","category-estres-laboral"],"_links":{"self":[{"href":"https:\/\/ifeelonline.com\/es\/wp-json\/wp\/v2\/posts\/12310","targetHints":{"allow":["GET"]}}],"collection":[{"href":"https:\/\/ifeelonline.com\/es\/wp-json\/wp\/v2\/posts"}],"about":[{"href":"https:\/\/ifeelonline.com\/es\/wp-json\/wp\/v2\/types\/post"}],"author":[{"embeddable":true,"href":"https:\/\/ifeelonline.com\/es\/wp-json\/wp\/v2\/users\/62"}],"replies":[{"embeddable":true,"href":"https:\/\/ifeelonline.com\/es\/wp-json\/wp\/v2\/comments?post=12310"}],"version-history":[{"count":0,"href":"https:\/\/ifeelonline.com\/es\/wp-json\/wp\/v2\/posts\/12310\/revisions"}],"wp:featuredmedia":[{"embeddable":true,"href":"https:\/\/ifeelonline.com\/es\/wp-json\/wp\/v2\/media\/12313"}],"wp:attachment":[{"href":"https:\/\/ifeelonline.com\/es\/wp-json\/wp\/v2\/media?parent=12310"}],"wp:term":[{"taxonomy":"category","embeddable":true,"href":"https:\/\/ifeelonline.com\/es\/wp-json\/wp\/v2\/categories?post=12310"},{"taxonomy":"post_tag","embeddable":true,"href":"https:\/\/ifeelonline.com\/es\/wp-json\/wp\/v2\/tags?post=12310"}],"curies":[{"name":"wp","href":"https:\/\/api.w.org\/{rel}","templated":true}]}}