{"id":12226,"date":"2024-01-25T12:55:55","date_gmt":"2024-01-25T11:55:55","guid":{"rendered":"https:\/\/ifeelonline.com\/?p=12226"},"modified":"2024-10-18T12:21:16","modified_gmt":"2024-10-18T11:21:16","slug":"iniciativas-de-prevencion-en-empresas","status":"publish","type":"post","link":"https:\/\/ifeelonline.com\/es\/salud-laboral\/iniciativas-de-prevencion-en-empresas\/","title":{"rendered":"\u00bfQu\u00e9 son las iniciativas de prevenci\u00f3n en empresas?"},"content":{"rendered":"\n<p>Las \u00faltimas <a href=\"https:\/\/ifeelonline.com\/ebooks\/tendencias-de-bienestar-mental-en-2023-la-prevencion-como-base\/?partner=ifeel_internLinkPost\">tendencias en bienestar mental<\/a> dentro de las organizaciones, han demostrado que <strong>velar por la salud mental de los trabajadores es un factor clave para lograr el \u00e9xito a largo plazo<\/strong> de una compa\u00f1\u00eda. Por este motivo, cada vez es m\u00e1s frecuente ver la implementaci\u00f3n de estrategias o <a href=\"https:\/\/ifeelonline.com\/salud-laboral\/que-son-los-planes-de-bienestar-en-empresas\/\">planes de bienestar<\/a>, desarrollados por las organizaciones, que buscan \u2014precisamente\u2014 cuidar la salud menta de sus empleados. <\/p>\n\n\n\n<p>A estas medidas se les llama iniciativas de prevenci\u00f3n en empresas, y son aquellas destinadas al abordaje no solo de los desaf\u00edos f\u00edsicos, sino tambi\u00e9n <strong>los aspectos emocionales y mentales, para cuidar as\u00ed el <a href=\"https:\/\/ifeelonline.com\/salud-laboral\/bienestar-laboral\/\" data-type=\"post\" data-id=\"5134\">bienestar de sus empleados<\/a>.\u00a0<\/strong><\/p>\n\n\n\n<figure class=\"wp-block-image size-large\"><img loading=\"lazy\" decoding=\"async\" width=\"1024\" height=\"683\" src=\"https:\/\/ifeelonline.com\/wp-content\/uploads\/2024\/01\/image-8-1024x683.png\" alt=\"iniciativas de prevenci\u00f3n en empresas\" class=\"wp-image-12227\" srcset=\"https:\/\/ifeelonline.com\/es\/wp-content\/uploads\/2024\/01\/image-8-1024x683.png 1024w, https:\/\/ifeelonline.com\/es\/wp-content\/uploads\/2024\/01\/image-8-300x200.png 300w, https:\/\/ifeelonline.com\/es\/wp-content\/uploads\/2024\/01\/image-8-768x512.png 768w, https:\/\/ifeelonline.com\/es\/wp-content\/uploads\/2024\/01\/image-8-1536x1024.png 1536w, https:\/\/ifeelonline.com\/es\/wp-content\/uploads\/2024\/01\/image-8-2048x1365.png 2048w\" sizes=\"auto, (max-width: 1024px) 100vw, 1024px\" \/><\/figure>\n\n\n\n<p>En este sentido, la prevenci\u00f3n resulta ser el t\u00e9rmino clave, pues juega un papel fundamental en la promoci\u00f3n del bienestar laboral dentro de las empresas. Para ello, se debe realizar un diagn\u00f3stico que identifique los principales <a href=\"https:\/\/ifeelonline.com\/riesgos-psicosociales-en-el-trabajo\/\">factores de riesgo psicosociales<\/a> en las empresas, <strong>e implementar estrategias que logren abordar dichas fuentes de riesgo a tiempo.&nbsp;<\/strong><\/p>\n\n\n\n<p>Por otro lado, es importante que estas iniciativas de prevenci\u00f3n <strong>est\u00e9n alineadas con la cultura y valores de la empresa,<\/strong> as\u00ed como con sus objetivos estrat\u00e9gicos a largo plazo. Una de las claves para lograrlo es integrar una <a href=\"https:\/\/ifeelonline.com\/salud-laboral\/estrategia-deib\/\">estrategia DEIB<\/a>, que asegure que todas las medidas preventivas consideren la diversidad de la plantilla y promuevan un entorno inclusivo y equitativo. <strong>Esto no solo mejora el bienestar de los empleados, sino que tambi\u00e9n potencia la cohesi\u00f3n y el rendimiento del equipo.<\/strong><\/p>\n\n\n\n<p>\u00a1Descarga nuestra <a href=\"https:\/\/ifeelonline.com\/guia-para-integrar-la-estrategia-deib-en-tu-cultura-corporativa\/?partner=ifeel_internLinkPost\">Gu\u00eda para integrar la Estrategia DEIB en tu Cultura Corporativa<\/a> y proporciona a tu empresa herramientas clave para fomentar la diversidad, equidad, inclusi\u00f3n y pertenencia!<\/p>\n\n\n\n<p>Es as\u00ed como m\u00faltiples organizaciones comenzaron con la implementaci\u00f3n de diversas iniciativas de prevenci\u00f3n en empresas, dentro de las cuales <strong>resaltan las que tanto ifeel, como sus empresas aliadas, <\/strong>est\u00e1n adoptando para promover <a href=\"https:\/\/ifeelonline.com\/salud-laboral\/empresas-saludables\/\">un entorno de trabajo saludable <\/a>y sostenible.<\/p>\n\n\n\n<blockquote class=\"wp-block-quote has-text-align-center is-layout-flow wp-block-quote-is-layout-flow\">\n<p class=\".quote\"><em>\u00abIfeel es una plataforma no solo para aquellos que puedan necesitar ayuda hoy, <strong>sino tambi\u00e9n como servicio de prevenci\u00f3n.<\/strong> Si se anima a los empleados a utilizar la\u00a0<a href=\"https:\/\/ifeelonline.com\/como-funciona-ifeel-bienestar-laboral\/\">plataforma<\/a>\u00a0con regularidad, no solo en <a href=\"https:\/\/ifeelonline.com\/ebooks\/gestion-de-crisis-para-directivos\/?partner=ifeel_internLinkPost\">momentos de crisis<\/a> o necesidad, se pueden reducir los casos futuros de ayuda inmediata.\u00bb<\/em><\/p>\n<cite>&#8211; <a href=\"https:\/\/ifeelonline.com\/entrevistas-ifeel\/entrevista-judith-palau-mad-collective\/\">Judith Palau, People Director en Mad Collective, empresa partner de ifeel. <\/a><\/cite><\/blockquote>\n\n\n\n<h2 class=\"wp-block-heading\">Algunas de las iniciativas de prevenci\u00f3n en empresas m\u00e1s destacables<\/h2>\n\n\n\n<h3 class=\"wp-block-heading\">1. WAP (<a href=\"https:\/\/ifeelonline.com\/ebooks\/wellness-action-plan\/?partner=ifeel_internLinkPost\">Wellness Action Plan<\/a>): Impulsando el bienestar mental desde ifeel<\/h3>\n\n\n\n<p>En un mundo donde la salud mental es una prioridad, el <a href=\"https:\/\/ifeelonline.com\/salud-laboral\/sabes-lo-que-es-un-wellness-action-plan\/\" data-type=\"post\" data-id=\"9872\">Wellness Action Plan<\/a> (WAP), se ha convertido en una herramienta esencial. M\u00e1s all\u00e1 de las pol\u00edticas tradicionales, el WAP es una de las iniciativas de prevenci\u00f3n para empresas que <strong>le permite a los empleados crear planes personalizados para gestionar el bienestar mental de su plantilla.<\/strong><\/p>\n\n\n\n<p>Este recurso <strong>desarrollado por el equipo de <a href=\"https:\/\/ifeelonline.com\/conoce-a-nuestro-equipo-de-psicologos\/\" data-type=\"link\" data-id=\"https:\/\/ifeelonline.com\/conoce-a-nuestro-equipo-de-psicologos\/\">psic\u00f3logos expertos de ifeel<\/a>,<\/strong> proporciona una gu\u00eda de apoyo para empleados y managers, que tiene como objetivo <strong>mejorar su bienestar psicol\u00f3gico en el trabajo de manera estrat\u00e9gica y no improvisada<\/strong>. Tambi\u00e9n cumple un rol preventivo, en el que se podr\u00e1n atajar a tiempo los desaf\u00edos, contribuyendo as\u00ed, no solo a la salud individual, sino tambi\u00e9n a la creaci\u00f3n de un <strong>ambiente de trabajo comprensivo y solidario en las organizaciones<\/strong>.<\/p>\n\n\n\n<h3 class=\"wp-block-heading\">2. Recharge Day: Cabify ofrece un d\u00eda para recuperar energ\u00edas<\/h3>\n\n\n\n<p><strong>La empresa partner de ifeel, <\/strong><a href=\"https:\/\/ifeelonline.com\/ifeel-interview-virginia-grenon-lobato\/\" data-type=\"link\" data-id=\"https:\/\/ifeelonline.com\/ifeel-interview-virginia-grenon-lobato\/\">Cabify<\/a>, ha implementado el llamado <strong><a href=\"https:\/\/www.rrhhdigital.com\/secciones\/empresa\/145734\/Por-que-el-viernes-no-trabajaron-en-las-oficinas-de-Cabify-Descubre-en-que-consiste-el-Recharge-Day\/\" target=\"_blank\" data-type=\"link\" data-id=\"https:\/\/www.rrhhdigital.com\/secciones\/empresa\/145734\/Por-que-el-viernes-no-trabajaron-en-las-oficinas-de-Cabify-Descubre-en-que-consiste-el-Recharge-Day\/\" rel=\"noreferrer noopener\">\u201cRecharge Day\u201d<\/a><\/strong>, o d\u00eda de recarga, el cual resulta como una medida innovadora <strong>que busca abordar la fatiga y el estr\u00e9s laboral.<\/strong>&nbsp;<\/p>\n\n\n\n<p><strong>El Recharge Day,<\/strong> consiste en a\u00f1adir <strong>un d\u00eda extra libre a los trabajadores, m\u00e1s all\u00e1 de sus d\u00edas de vacaciones anuales, <\/strong>en el que el objetivo es la desconexi\u00f3n laboral. Esta es una de las iniciativas de prevenci\u00f3n en empresas m\u00e1s llamativa, que brinda a los empleados <strong>la oportunidad de desconectar, realizar actividades que disfruten<\/strong> y volver al trabajo con una perspectiva fresca.&nbsp;<\/p>\n\n\n\n<p>En este sentido, esta iniciativa no solo respalda la salud f\u00edsica, sino que tambi\u00e9n fortalece la conexi\u00f3n entre la empresa y sus empleados, <strong>demostrando un <a href=\"https:\/\/ifeelonline.com\/salud-laboral\/compromiso-laboral-con-la-empresa\/\">compromiso<\/a> genuino con su bienestar mental.<\/strong><\/p>\n\n\n\n<figure class=\"wp-block-image size-large\"><img loading=\"lazy\" decoding=\"async\" width=\"1024\" height=\"683\" src=\"https:\/\/ifeelonline.com\/wp-content\/uploads\/2024\/01\/image-9-1024x683.png\" alt=\"iniciativas de prevenci\u00f3n en empresas\" class=\"wp-image-12228\" srcset=\"https:\/\/ifeelonline.com\/es\/wp-content\/uploads\/2024\/01\/image-9-1024x683.png 1024w, https:\/\/ifeelonline.com\/es\/wp-content\/uploads\/2024\/01\/image-9-300x200.png 300w, https:\/\/ifeelonline.com\/es\/wp-content\/uploads\/2024\/01\/image-9-768x512.png 768w, https:\/\/ifeelonline.com\/es\/wp-content\/uploads\/2024\/01\/image-9-1536x1025.png 1536w, https:\/\/ifeelonline.com\/es\/wp-content\/uploads\/2024\/01\/image-9-2048x1366.png 2048w\" sizes=\"auto, (max-width: 1024px) 100vw, 1024px\" \/><\/figure>\n\n\n\n<h3 class=\"wp-block-heading\">3. Annual Week of Rest (Semana Anual de Descanso) de HubSpot<\/h3>\n\n\n\n<p>Siguiendo la l\u00ednea del <strong>Recharge Day<\/strong>, desde hace un par de a\u00f1os, la compa\u00f1\u00eda HubSpot ha dado pasos audaces al introducir d\u00edas extra de descanso a los trabajadores \u2014m\u00e1s all\u00e1 de las vacaciones\u2014, hasta convertirse en la que hoy se llama <strong><a href=\"https:\/\/community.hubspot.com\/t5\/Announcements\/HubSpot-s-Global-Week-of-Rest-July-3-7-2023\/ba-p\/810324#:~:text=Two%20years%20ago%2C%20HubSpot%20introduced,July%203%2D7%2C%202023.\" target=\"_blank\" data-type=\"link\" data-id=\"https:\/\/community.hubspot.com\/t5\/Announcements\/HubSpot-s-Global-Week-of-Rest-July-3-7-2023\/ba-p\/810324#:~:text=Two%20years%20ago%2C%20HubSpot%20introduced,July%203%2D7%2C%202023.\" rel=\"noreferrer noopener\">\u201cThe Annual Week of Rest\u201d<\/a><\/strong>. Esta iniciativa consiste <strong>en una semana completa de d\u00edas libres de trabajo,<\/strong> que buscan que todos los empleados se tomen un tiempo libre y recarguen energ\u00edas.&nbsp;<\/p>\n\n\n\n<p>\u201cAnnual Week of Rest\u201d, es una de esas iniciativas de prevenci\u00f3n en empresas que<strong> reconoce la importancia de desconectar y recargar energ\u00edas, en pro de la salud mental de los empleados.<\/strong> De esta manera, esta iniciativa les permite a los trabajadores tomarse una semana completa de descanso remunerado al a\u00f1o, lo cual no solo fomenta la salud f\u00edsica, sino que tambi\u00e9n promueve la productividad a largo plazo al evitar el agotamiento, pues los empleados regresan al trabajo con energ\u00edas renovadas.<\/p>\n\n\n\n<h3 class=\"wp-block-heading\">4. <a href=\"https:\/\/ifeelonline.com\/ebooks\/estrategia-de-bienestar-360-en-tu-empresa\/\">Estrategia de Bienestar 360 de ifeel:<\/a> Cuidado Integral para empleados<\/h3>\n\n\n\n<p>Entre las iniciativas de prevenci\u00f3n en empresas, una de las m\u00e1s destacadas es la <strong>Estrategia de Bienestar 360 de ifeel<\/strong>, pues esta va m\u00e1s all\u00e1 de abordar aspectos espec\u00edficos y busca<strong> proporcionar un cuidado integral para los empleados.&nbsp;<\/strong><\/p>\n\n\n\n<p>Gracias a este procedimiento ser\u00e1s capaz de <strong>aplicar en tu empresa una estrategia completa de cuidado del bienestar mental de los empleados.<\/strong> Al ser una estrategia 360, encontrar\u00e1s desde el test que te permitir\u00e1 valorar c\u00f3mo es tu estrategia de bienestar actual, las fases a implementar para optimizarla a trav\u00e9s de la <strong>metodolog\u00eda PEC<\/strong>, y el c\u00f3mo enfocar y adaptar esta estrategia de bienestar desde tu <a href=\"https:\/\/ifeelonline.com\/salud-laboral\/5-habilidades-para-ser-manager-que-no-debes-descuidar\/\" data-type=\"post\" data-id=\"10712\">rol de manager<\/a>.<\/p>\n\n\n\n<figure class=\"wp-block-image size-large\"><img loading=\"lazy\" decoding=\"async\" width=\"1024\" height=\"683\" src=\"https:\/\/ifeelonline.com\/wp-content\/uploads\/2024\/01\/image-10-1024x683.png\" alt=\"iniciativas de prevenci\u00f3n en empresas\" class=\"wp-image-12229\" srcset=\"https:\/\/ifeelonline.com\/es\/wp-content\/uploads\/2024\/01\/image-10-1024x683.png 1024w, https:\/\/ifeelonline.com\/es\/wp-content\/uploads\/2024\/01\/image-10-300x200.png 300w, https:\/\/ifeelonline.com\/es\/wp-content\/uploads\/2024\/01\/image-10-768x512.png 768w, https:\/\/ifeelonline.com\/es\/wp-content\/uploads\/2024\/01\/image-10-1536x1024.png 1536w, https:\/\/ifeelonline.com\/es\/wp-content\/uploads\/2024\/01\/image-10-2048x1365.png 2048w\" sizes=\"auto, (max-width: 1024px) 100vw, 1024px\" \/><\/figure>\n\n\n\n<h2 class=\"wp-block-heading\">Apostando por el bienestar mental en las organizaciones<\/h2>\n\n\n\n<p>En <strong>ifeel<\/strong>, sabemos que en un mundo empresarial que evoluciona tan r\u00e1pidamente, las iniciativas de prevenci\u00f3n son clave para <strong>construir entornos laborales sostenibles y exitosos.<\/strong> Al adoptar estas iniciativas de prevenci\u00f3n en empresas, no solo se est\u00e1 cuidando de la salud de sus empleados, sino que tambi\u00e9n se promueven la productividad y el \u00e9xito corporativo de las organizaciones a largo plazo.&nbsp;<\/p>\n\n\n\n<p>De hecho, <a href=\"https:\/\/www.who.int\/es\/news\/item\/13-04-2016-investing-in-treatment-for-depression-and-anxiety-leads-to-fourfold-return\" target=\"_blank\" rel=\"noreferrer noopener\">la OMS<\/a> estima que, <strong>por cada d\u00f3lar invertido en el tratamiento y prevenci\u00f3n de trastornos mentales comunes, como la depresi\u00f3n y la ansiedad, se obtiene un rendimiento equivalente a 4 d\u00f3lares en cuanto a la mejora de la salud y la productividad<\/strong>. Por esta raz\u00f3n, las iniciativas de prevenci\u00f3n en empresas representan el camino hacia un futuro donde el bienestar de los empleados resulta tan importante como el \u00e9xito corporativo.<\/p>\n\n\n\n<p>Para ayudarte en este proceso, nuestro <strong><a href=\"https:\/\/ifeelonline.com\/psicologos-online\/\">equipo de psic\u00f3logos<\/a> expertos en <a href=\"https:\/\/ifeelonline.com\/bienestar-laboral\/\">bienestar laboral<\/a><\/strong> ha creado un <a href=\"https:\/\/ifeelonline.com\/mejorar-el-bienestar-emocional-en-el-trabajo\/\">programa de bienestar mental para empresas<\/a>, que mejora la retenci\u00f3n del talento, reduce el<a href=\"https:\/\/ifeelonline.com\/presentismo-laboral\/\"> presentismo laboral<\/a> y combate el estr\u00e9s de los trabajadores.&nbsp;<\/p>\n\n\n\n<p>Gracias a <strong>nuestro programa de bienestar mental,<\/strong> los responsables de <a href=\"https:\/\/ifeelonline.com\/en-que-consiste-el-trabajo-de-recursos-humanos\/\">Recursos Humanos<\/a> de tu empresa pueden recibir <strong>asesoramiento personalizado y basado en datos<\/strong> sobre c\u00f3mo mejorar la <a href=\"https:\/\/ifeelonline.com\/salud-mental-en-el-trabajo\/\">salud mental en el trabajo<\/a>. Adem\u00e1s, esta <a href=\"https:\/\/ifeelonline.com\/app-programa-de-bienestar-laboral-para-empresas\/\">soluci\u00f3n<\/a> ofrece a los empleados un servicio 360\u00ba de cuidado de su <a href=\"https:\/\/ifeelonline.com\/salud-mental-en-las-empresas\/\">bienestar mental<\/a> estructurado en diferentes niveles en funci\u00f3n de sus necesidades. <a href=\"https:\/\/ifeelonline.com\/solicitar-demo\/\">Prueba ahora nuestra soluci\u00f3n<\/a> para que puedas ver c\u00f3mo podr\u00eda ayudaros.<\/p>\n\n\n\n<p>Esperamos que este art\u00edculo sobre <strong>las iniciativas de prevenci\u00f3n en empresas <\/strong>te haya resultado interesante, y te invitamos a descargar de forma gratuita esta <a href=\"https:\/\/ifeelonline.com\/ebooks\/manual-vuelta-de-vacaciones\/?partner=ifeel_internLinkPost\">gu\u00eda para superar el desaf\u00edo de volver a trabajar despu\u00e9s de las vacaciones.<\/a> Con consejos de expertos en bienestar mental, aprender\u00e1s a retomar tus tareas con confianza y progreso.<strong> \u00a1Desc\u00e1rgala ahora y afronta la vuelta con \u00e9xito!.<\/strong><\/p>\n\n    <div class=\"xs_social_share_widget xs_share_url after_content \t\tmain_content  wslu-style-1 wslu-share-box-shaped wslu-fill-colored wslu-none wslu-share-horizontal wslu-theme-font-no wslu-main_content\">\n\n\t\t\n        <ul>\n\t\t\t        <\/ul>\n    <\/div> \n","protected":false},"excerpt":{"rendered":"<p>Las \u00faltimas tendencias en bienestar mental dentro de las organizaciones, han demostrado que velar por la salud mental de los trabajadores es un factor clave para lograr el \u00e9xito a largo plazo de una compa\u00f1\u00eda. Por este motivo, cada vez es m\u00e1s frecuente ver la implementaci\u00f3n de estrategias o planes de bienestar, desarrollados por las [&hellip;]<\/p>\n","protected":false},"author":62,"featured_media":12227,"comment_status":"closed","ping_status":"open","sticky":false,"template":"","format":"standard","meta":{"content-type":"","postBodyCss":"","postBodyMargin":[],"postBodyPadding":[],"postBodyBackground":{"backgroundType":"classic","gradient":""},"footnotes":""},"categories":[311,476,471,470],"tags":[],"class_list":["post-12226","post","type-post","status-publish","format-standard","has-post-thumbnail","hentry","category-salud-laboral","category-clima-laboral","category-estres-laboral","category-recursos-humanos"],"_links":{"self":[{"href":"https:\/\/ifeelonline.com\/es\/wp-json\/wp\/v2\/posts\/12226","targetHints":{"allow":["GET"]}}],"collection":[{"href":"https:\/\/ifeelonline.com\/es\/wp-json\/wp\/v2\/posts"}],"about":[{"href":"https:\/\/ifeelonline.com\/es\/wp-json\/wp\/v2\/types\/post"}],"author":[{"embeddable":true,"href":"https:\/\/ifeelonline.com\/es\/wp-json\/wp\/v2\/users\/62"}],"replies":[{"embeddable":true,"href":"https:\/\/ifeelonline.com\/es\/wp-json\/wp\/v2\/comments?post=12226"}],"version-history":[{"count":0,"href":"https:\/\/ifeelonline.com\/es\/wp-json\/wp\/v2\/posts\/12226\/revisions"}],"wp:featuredmedia":[{"embeddable":true,"href":"https:\/\/ifeelonline.com\/es\/wp-json\/wp\/v2\/media\/12227"}],"wp:attachment":[{"href":"https:\/\/ifeelonline.com\/es\/wp-json\/wp\/v2\/media?parent=12226"}],"wp:term":[{"taxonomy":"category","embeddable":true,"href":"https:\/\/ifeelonline.com\/es\/wp-json\/wp\/v2\/categories?post=12226"},{"taxonomy":"post_tag","embeddable":true,"href":"https:\/\/ifeelonline.com\/es\/wp-json\/wp\/v2\/tags?post=12226"}],"curies":[{"name":"wp","href":"https:\/\/api.w.org\/{rel}","templated":true}]}}