{"id":12086,"date":"2024-11-15T17:53:45","date_gmt":"2024-11-15T16:53:45","guid":{"rendered":"https:\/\/ifeelonline.com\/?p=12086"},"modified":"2024-12-27T13:40:27","modified_gmt":"2024-12-27T12:40:27","slug":"incertidumbre-laboral","status":"publish","type":"post","link":"https:\/\/ifeelonline.com\/es\/salud-laboral\/incertidumbre-laboral\/","title":{"rendered":"Incertidumbre laboral: 10 claves para afrontarla\u00a0"},"content":{"rendered":"<div id=\"ez-toc-container\" class=\"ez-toc-v2_0_81 counter-hierarchy ez-toc-counter ez-toc-custom ez-toc-container-direction\">\n<div class=\"ez-toc-title-container\">\n<p class=\"ez-toc-title\" style=\"cursor:inherit\">Contenidos<\/p>\n<span class=\"ez-toc-title-toggle\"><a href=\"#\" class=\"ez-toc-pull-right ez-toc-btn ez-toc-btn-xs ez-toc-btn-default ez-toc-toggle\" aria-label=\"Toggle Table of Content\"><span class=\"ez-toc-js-icon-con\"><span class=\"\"><span class=\"eztoc-hide\" style=\"display:none;\">Toggle<\/span><span class=\"ez-toc-icon-toggle-span\"><svg style=\"fill: #51607e;color:#51607e\" xmlns=\"http:\/\/www.w3.org\/2000\/svg\" class=\"list-377408\" width=\"20px\" height=\"20px\" viewBox=\"0 0 24 24\" fill=\"none\"><path d=\"M6 6H4v2h2V6zm14 0H8v2h12V6zM4 11h2v2H4v-2zm16 0H8v2h12v-2zM4 16h2v2H4v-2zm16 0H8v2h12v-2z\" fill=\"currentColor\"><\/path><\/svg><svg style=\"fill: #51607e;color:#51607e\" class=\"arrow-unsorted-368013\" xmlns=\"http:\/\/www.w3.org\/2000\/svg\" width=\"10px\" height=\"10px\" viewBox=\"0 0 24 24\" version=\"1.2\" baseProfile=\"tiny\"><path d=\"M18.2 9.3l-6.2-6.3-6.2 6.3c-.2.2-.3.4-.3.7s.1.5.3.7c.2.2.4.3.7.3h11c.3 0 .5-.1.7-.3.2-.2.3-.5.3-.7s-.1-.5-.3-.7zM5.8 14.7l6.2 6.3 6.2-6.3c.2-.2.3-.5.3-.7s-.1-.5-.3-.7c-.2-.2-.4-.3-.7-.3h-11c-.3 0-.5.1-.7.3-.2.2-.3.5-.3.7s.1.5.3.7z\"\/><\/svg><\/span><\/span><\/span><\/a><\/span><\/div>\n<nav><ul class='ez-toc-list ez-toc-list-level-1 eztoc-toggle-hide-by-default' ><li class='ez-toc-page-1 ez-toc-heading-level-2'><a class=\"ez-toc-link ez-toc-heading-1\" href=\"https:\/\/ifeelonline.com\/es\/salud-laboral\/incertidumbre-laboral\/#Pero_primero_%C2%BFque_es_la_incertidumbre_laboral\" >Pero primero, \u00bfqu\u00e9 es la incertidumbre laboral?&nbsp;<\/a><\/li><li class='ez-toc-page-1 ez-toc-heading-level-2'><a class=\"ez-toc-link ez-toc-heading-2\" href=\"https:\/\/ifeelonline.com\/es\/salud-laboral\/incertidumbre-laboral\/#%C2%BFPor_que_es_importante_saber_gestionar_la_incertidumbre_laboral\" >\u00bfPor qu\u00e9 es importante saber gestionar la incertidumbre laboral?<\/a><\/li><li class='ez-toc-page-1 ez-toc-heading-level-2'><a class=\"ez-toc-link ez-toc-heading-3\" href=\"https:\/\/ifeelonline.com\/es\/salud-laboral\/incertidumbre-laboral\/#%C2%BFComo_gestionar_la_incertidumbre_en_el_trabajo\" >\u00bfC\u00f3mo gestionar la incertidumbre en el trabajo?&nbsp;<\/a><\/li><li class='ez-toc-page-1 ez-toc-heading-level-2'><a class=\"ez-toc-link ez-toc-heading-4\" href=\"https:\/\/ifeelonline.com\/es\/salud-laboral\/incertidumbre-laboral\/#Nota_para_lideres_%F0%9F%94%8E\" >Nota para l\u00edderes \ud83d\udd0e<\/a><\/li><li class='ez-toc-page-1 ez-toc-heading-level-2'><a class=\"ez-toc-link ez-toc-heading-5\" href=\"https:\/\/ifeelonline.com\/es\/salud-laboral\/incertidumbre-laboral\/#Apoyar_a_los_empleados_el_centro_de_la_estrategia_de_RR_HH\" >Apoyar a los empleados: el centro de la estrategia de RR. HH.<\/a><\/li><li class='ez-toc-page-1 ez-toc-heading-level-2'><a class=\"ez-toc-link ez-toc-heading-6\" href=\"https:\/\/ifeelonline.com\/es\/salud-laboral\/incertidumbre-laboral\/#Confia_en_los_expertos\" >Conf\u00eda en los expertos<\/a><\/li><\/ul><\/nav><\/div>\n\n<p>Actualmente, vivimos en un mundo que est\u00e1 constantemente evolucionando, y esto se refleja especialmente en el \u00e1mbito empresarial. Por esta raz\u00f3n, no resulta raro que l<strong>a incertidumbre laboral haya pasado de ser una preocupaci\u00f3n ocasional, a convertirse en una constante<\/strong> dentro del mundo organizacional, afectando a los trabajadores de diversos sectores o niveles.&nbsp;<\/p>\n\n\n\n<p>De hecho, seg\u00fan las <a href=\"https:\/\/www.pwc.com\/cl\/es\/Publicaciones\/Encuesta-Global-de-Esperanzas-y-Temores-de-la-Fuerza-Laboral-2024-de-PwC.html\" target=\"_blank\" rel=\"noreferrer noopener\">encuestas<\/a>,<strong> m\u00e1s de la mitad<\/strong> de los trabajadores sienten que hay demasiados cambios ocurriendo simult\u00e1neamente en el trabajo, y el <strong>44% no comprende<\/strong> la necesidad de estos cambios.<\/p>\n\n\n\n<p>La realidad es que la incertidumbre laboral <strong>puede estar desencadenada por m\u00faltiples factores<\/strong>, tales como los cambios en la demanda del mercado, los avances tecnol\u00f3gicos o eventos globales imprevistos que pueden desencadenar cambios radicales en las din\u00e1micas laborales.&nbsp;&nbsp;<\/p>\n\n\n\n<p>Junto a ella, m\u00faltiples preguntas del tipo \u00bfQu\u00e9 voy a hacer si quedo desempleado?, \u00bflos cambios en la empresa afectar\u00e1n mi puesto de trabajo?, \u00bfC\u00f3mo sabr\u00e9 cu\u00e1l es la decisi\u00f3n correcta?, estar\u00e1n presentes, haciendo que cuestionemos nuestras habilidades. Por ende, <strong>resulta fundamental saber gestionar la incertidumbre, especialmente en el entorno empresarial, para poder hacerle frente a las \u00e9pocas de cambios, <a href=\"https:\/\/ifeelonline.com\/ebooks\/gestion-de-crisis-para-directivos\/?partner=ifeel_internLinkPost\">crisis <\/a>o inestabilidad y superarla de manera exitosa<\/strong>.&nbsp;<\/p>\n\n\n\n<h2 class=\"wp-block-heading\"><span class=\"ez-toc-section\" id=\"Pero_primero_%C2%BFque_es_la_incertidumbre_laboral\"><\/span>Pero primero, \u00bfqu\u00e9 es la incertidumbre laboral?&nbsp;<span class=\"ez-toc-section-end\"><\/span><\/h2>\n\n\n\n<p>Llamamos incertidumbre, a la <strong>falta de certeza o conocimiento acerca de alg\u00fan tema determinado que ocasiona duda o indecisi\u00f3n.<\/strong> B\u00e1sicamente, es la incapacidad para predecir el futuro, que puede generar angustia, tensi\u00f3n o miedo, pues se suele asociar a los cambios, a la fragilidad o al peligro.&nbsp;<\/p>\n\n\n\n<p>En el \u00e1mbito organizacional, la incertidumbre laboral es aquella que se relaciona con nuestra situaci\u00f3n actual en el trabajo, <strong>y todos aquellos escenarios inciertos que puedan hacer que var\u00ede nuestra situaci\u00f3n o estatus en el trabajo.&nbsp;<\/strong><\/p>\n\n\n\n<p>Por s\u00ed misma, la incertidumbre no es mala. Pues, en realidad, <strong>parte de la experiencia humana se encuentra en el no poder predecir el futuro con certeza, y por ende, debemos aprender a tolerar ciertos niveles de incertidumbre<\/strong> que, incluso, pueden servir como <a href=\"https:\/\/ifeelonline.com\/motivacion-laboral\/\">motivaci\u00f3n<\/a> para tomar acci\u00f3n.<\/p>\n\n\n\n<p>Sin embargo, la incertidumbre laboral puede ser <strong>una fuente significativa de estr\u00e9s<\/strong> para los empleados y puede afectar su <a href=\"https:\/\/ifeelonline.com\/salud-laboral\/bienestar-laboral\/\">bienestar laboral <\/a>y su rendimiento general. Es crucial que las empresas implementen estrategias para gestionar esta incertidumbre de manera efectiva. Una de las claves para lograrlo es fomentar el <a href=\"https:\/\/ifeelonline.com\/salud-laboral\/entornos-vuca\/\">empoderamiento en el trabajo<\/a>, permitiendo a los empleados tener m\u00e1s control sobre sus tareas y decisiones. Esto no solo mejora su bienestar psicol\u00f3gico, sino que tambi\u00e9n aumenta su resiliencia y<strong> capacidad para adaptarse a cambios inesperados<\/strong> en el entorno laboral.<\/p>\n\n\n\n<h2 class=\"wp-block-heading\"><span class=\"ez-toc-section\" id=\"%C2%BFPor_que_es_importante_saber_gestionar_la_incertidumbre_laboral\"><\/span>\u00bfPor qu\u00e9 es importante saber gestionar la incertidumbre laboral?<span class=\"ez-toc-section-end\"><\/span><\/h2>\n\n\n\n<p>Todos hemos experimentado incertidumbre en alg\u00fan momento. El temor a lo desconocido, a lo impredecible, y el deseo de querer controlar nuestro contexto para que todo resulte a nuestro favor. Sin embargo, a todos los que hemos intentado controlar m\u00e1s variables de las posibles, <strong>nos ha tocado darnos cuenta de que m\u00e1s que controlarla, hay que aprender a tolerar y convivir con ciertos niveles de incertidumbre en nuestra vida cotidiana.&nbsp;<\/strong><\/p>\n\n\n\n<p>El problema est\u00e1, en que <strong>la incertidumbre laboral trae consigo la posibilidad de cambios impredecibles en \u00e1reas de gran impacto en la vida, como lo es el trabajo. <\/strong>Esto a su vez representa un riesgo en la situaci\u00f3n econ\u00f3mica, la estabilidad, el desarrollo profesional, etc., y por esta raz\u00f3n, es entendible que especialmente la incertidumbre en el \u00e1mbito laboral<strong> implique emociones desagradables, que si no se gestionan adecuadamente, pueden ser contraproducentes.&nbsp;<\/strong><\/p>\n\n\n\n<p>De hecho, la incertidumbre laboral puede abarcar diferentes temas, desde la b\u00fasqueda de un nuevo empleo, hasta el temor al despido, por lo que son m\u00faltiples los motivos que pueden hacer que experimentemos ese temor o angustia. Tambi\u00e9n es necesario mencionar, que a pesar de que estos son escenarios a los que cualquier persona podr\u00eda enfrentarse a lo largo de su carrera profesional, <strong>no todos tenemos los mismos niveles de tolerancia a la incertidumbre, ya que cada contexto personal es diferente<\/strong>.&nbsp;<\/p>\n\n\n\n<figure class=\"wp-block-image aligncenter size-full\"><img loading=\"lazy\" decoding=\"async\" width=\"632\" height=\"614\" src=\"https:\/\/ifeelonline.com\/wp-content\/uploads\/2024\/07\/ES_\u00bfPor-que-es-importante-saber-gestionar-la-incertidumbre-laboral_.jpg\" alt=\"incertidumbre laboral\n\" class=\"wp-image-13514\" srcset=\"https:\/\/ifeelonline.com\/es\/wp-content\/uploads\/2024\/07\/ES_\u00bfPor-que-es-importante-saber-gestionar-la-incertidumbre-laboral_.jpg 632w, https:\/\/ifeelonline.com\/es\/wp-content\/uploads\/2024\/07\/ES_\u00bfPor-que-es-importante-saber-gestionar-la-incertidumbre-laboral_-300x291.jpg 300w\" sizes=\"auto, (max-width: 632px) 100vw, 632px\" \/><\/figure>\n\n\n\n<p>Lo que suele ocurrir es que <strong>una preocupaci\u00f3n inicial frente a un escenario incierto, hace que reconozcamos el cambio o la inestabilidad como una posibilidad<\/strong>, pero sin la certeza de si el resultado de ese cambio ser\u00e1 positivo o no. Esta falta de conocimiento sobre cu\u00e1l ser\u00e1 el desenlace del cambio, <strong>motiva el deseo de querer controlar el resultado y que este no nos pille desprevenidos.<\/strong> Pero como esto no es posible, <strong>la sensaci\u00f3n de temor aumenta frente a la falta de certezas, a la que se le a\u00f1ade la falta de control frente a las posibles amenazas<\/strong>.<\/p>\n\n\n\n<p>Por esto, resulta importante adquirir herramientas que nos permitan gestionar la incertidumbre laboral, <strong>para evitar que el miedo entorpezca nuestra toma de decisiones,<\/strong> o la toma de acci\u00f3n, y as\u00ed cuidar nuestra <a href=\"https:\/\/ifeelonline.com\/salud-mental-en-el-trabajo\/\">salud mental en el trabajo<\/a>.&nbsp;<\/p>\n\n\n\n<h2 class=\"wp-block-heading\"><span class=\"ez-toc-section\" id=\"%C2%BFComo_gestionar_la_incertidumbre_en_el_trabajo\"><\/span>\u00bfC\u00f3mo gestionar la incertidumbre en el trabajo?&nbsp;<span class=\"ez-toc-section-end\"><\/span><\/h2>\n\n\n\n<p>Aprender a gestionar la incertidumbre laboral, como cualquier habilidad,<strong> requiere pr\u00e1ctica y autoconocimiento,<\/strong> pues es importante saber que lo que nos causa incertidumbre puede variar de una persona a otra. A continuaci\u00f3n, compartiremos algunas estrategias que puedes implementar para ayudarte a gestionar la incertidumbre laboral.&nbsp;<\/p>\n\n\n\n<h3 class=\"wp-block-heading\"><strong>1. Practica la autoevaluaci\u00f3n:<\/strong><\/h3>\n\n\n\n<p>El primer paso para gestionar la incertidumbre laboral es mirar hacia adentro, para identificar <strong>qu\u00e9 es lo que est\u00e1 desencadenando el temor a la incertidumbre. <\/strong>De esta forma, realizar una autoevaluaci\u00f3n honesta de nuestras habilidades, fortalezas y \u00e1reas de mejora nos permitir\u00e1 <a href=\"https:\/\/ifeelonline.com\/resiliencia-en-el-trabajo\/\">cultivar la resiliencia<\/a> para aprender a <strong>adaptarnos a las situaciones nuevas y a las experiencias dif\u00edciles.<\/strong><\/p>\n\n\n\n<p>Adem\u00e1s de evaluar tus habilidades t\u00e9cnicas, considera tus habilidades blandas, tambi\u00e9n llamadas <a href=\"https:\/\/ifeelonline.com\/salud-laboral\/cuales-son-las-principales-soft-skills-en-el-trabajo\/\"><em>soft skills<\/em><\/a>, como la comunicaci\u00f3n, la empat\u00eda y la adaptabilidad, las cuales son <strong>esenciales en un entorno laboral incierto.<\/strong> Y es que a medida que las organizaciones enfrentan cambios constantes, estas habilidades se convierten en un diferenciador clave para el \u00e9xito, <strong>mejorando la interacci\u00f3n y colaboraci\u00f3n entre equipos y potenciando la resiliencia e innovaci\u00f3n.<\/strong> De esta manera, las empresas que invierten en el desarrollo de soft skills logran: <\/p>\n\n\n\n<figure class=\"wp-block-table\"><table><thead><tr><th>Beneficio de las soft skills en el trabajo<\/th><th>Descripci\u00f3n<\/th><\/tr><\/thead><tbody><tr><td><strong>Mejora de la comunicaci\u00f3n<\/strong><\/td><td>Facilita un di\u00e1logo abierto, reduciendo malentendidos.<\/td><\/tr><tr><td><strong>Aumento de la Empat\u00eda<\/strong><\/td><td>Fomenta un ambiente inclusivo, mejorando relaciones.<\/td><\/tr><tr><td><strong>Adaptabilidad<\/strong><\/td><td>Permite ajustarse r\u00e1pidamente a cambios.<\/td><\/tr><tr><td><strong><a href=\"https:\/\/ifeelonline.com\/salud-laboral\/resolucion-de-conflictos-laborales\/\">Resoluci\u00f3n de conflictos laborales<\/a><\/strong><\/td><td>Maneja disputas eficazmente, promoviendo la colaboraci\u00f3n.<\/td><\/tr><\/tbody><\/table><\/figure>\n\n\n\n<h3 class=\"wp-block-heading\"><strong>2. Trabaja en tu desarrollo continuo:<\/strong><\/h3>\n\n\n\n<p>En l\u00ednea con el punto anterior, la autoevaluaci\u00f3n y el autoconocimiento te permitir\u00e1n identificar<strong> qu\u00e9 factores dependen de ti, <\/strong>para as\u00ed comenzar a trabajar en ellos lo antes posible. Para hacerlo, invierte en tu desarrollo profesional, actualiza tus habilidades, participa en cursos de formaci\u00f3n y mantente al tanto de las <a href=\"https:\/\/ifeelonline.com\/tendencias-recursos-humanos-2024\/\">tendencias<\/a> de tu industria. Cuanto m\u00e1s preparado est\u00e9s, m\u00e1s capaz ser\u00e1s de adaptarte a cambios repentinos y enfrentar la incertidumbre con confianza.<\/p>\n\n\n\n<p>Tambi\u00e9n resulta necesario invertir en nuestro desarrollo personal: cuidarse a todos los niveles, f\u00edsico y mental, es clave para gestionar momentos dif\u00edciles.<strong> Resulta necesario aceptar la incertidumbre en s\u00ed misma, haciendo las paces con el hecho de que siempre existir\u00e1n elementos que se escapen de nuestro control, y eso est\u00e1 bien<\/strong>. Para ello, herramientas como la psicolog\u00eda, ejercicios de atenci\u00f3n plena, entre otros; te pueden ser de utilidad y facilitarte ese proceso de aceptaci\u00f3n, y para ver las situaciones desde nuevas perspectivas.&nbsp;<\/p>\n\n\n\n<h3 class=\"wp-block-heading\"><strong>3. Construye una red de apoyo:<\/strong><\/h3>\n\n\n\n<p>Construir y mantener una red de apoyo s\u00f3lida puede facilitarnos el proceso de hacerle frente a las situaciones dif\u00edciles.&nbsp;<strong> Compartir nuestras inquietudes con amigos, familiares o colegas de confianza puede ayudar a fortalecer las relaciones y, en muchas ocasiones, las diferentes perspectivas pueden aportar consejos valiosos<\/strong>. <\/p>\n\n\n\n<p>Sin embargo, lo m\u00e1s importante, es que el contar con una red de apoyo s\u00f3lida nos puede proporcionar ese <a href=\"https:\/\/ifeelonline.com\/como-beneficia-la-terapia-a-tus-empleados\/\">apoyo psicol\u00f3gico<\/a>, tan necesario durante momentos dif\u00edciles o de incertidumbre laboral. <\/p>\n\n\n\n<h3 class=\"wp-block-heading\"><strong>4. Trabaja tu flexibilidad y tu capacidad de adaptaci\u00f3n:<\/strong><\/h3>\n\n\n\n<p>La flexibilidad es una habilidad crucial dentro de un mundo laboral incierto. Entender que siempre existir\u00e1n variables que se escapar\u00e1n de nuestro control, nos permitir\u00e1 <strong>estar m\u00e1s abiertos a nuevas oportunidades, roles y responsabilidades y a no aferrarnos a un solo escenario posible.<\/strong> As\u00ed mismo, la capacidad de ser flexibles, nos har\u00e1 m\u00e1s capaces de adaptarnos a diferentes circunstancias y as\u00ed aprovechar las oportunidades que surgen en medio de la incertidumbre.<\/p>\n\n\n\n<h3 class=\"wp-block-heading\"><strong>5. Planifica tu vida financiera:<\/strong><\/h3>\n\n\n\n<p>Dentro del contexto de la incertidumbre laboral, el tema monetario es generalmente el que produce mayor preocupaci\u00f3n. En estos casos, la prevenci\u00f3n es la clave. <strong>Mant\u00e9n un enfoque proactivo en tu situaci\u00f3n financiera.<\/strong> Acciones como la construcci\u00f3n de un fondo de emergencia, diversificar tus fuentes de ingreso, revisar y ajustar constantemente nuestro presupuesto seg\u00fan sea necesario, etc., te brindar\u00e1n tranquilidad y te permitir\u00e1n tomar decisiones m\u00e1s informadas en momentos de dificultades o de incertidumbre.<\/p>\n\n\n\n<figure class=\"wp-block-image size-large\"><img loading=\"lazy\" decoding=\"async\" width=\"1024\" height=\"683\" src=\"https:\/\/ifeelonline.com\/wp-content\/uploads\/2023\/12\/image-1-1024x683.png\" alt=\"incertidumbre laboral\" class=\"wp-image-12088\" srcset=\"https:\/\/ifeelonline.com\/es\/wp-content\/uploads\/2023\/12\/image-1-1024x683.png 1024w, https:\/\/ifeelonline.com\/es\/wp-content\/uploads\/2023\/12\/image-1-300x200.png 300w, https:\/\/ifeelonline.com\/es\/wp-content\/uploads\/2023\/12\/image-1-768x512.png 768w, https:\/\/ifeelonline.com\/es\/wp-content\/uploads\/2023\/12\/image-1-1536x1024.png 1536w, https:\/\/ifeelonline.com\/es\/wp-content\/uploads\/2023\/12\/image-1-2048x1365.png 2048w\" sizes=\"auto, (max-width: 1024px) 100vw, 1024px\" \/><\/figure>\n\n\n\n<h3 class=\"wp-block-heading\"><strong>6. Aprende herramientas de gesti\u00f3n del estr\u00e9s:&nbsp;<\/strong><\/h3>\n\n\n\n<p>La incertidumbre laboral puede generar estr\u00e9s. Y, aunque es una emoci\u00f3n normal y esperada, puedes aplicar t\u00e9cnicas, como la meditaci\u00f3n, el ejercicio regular y la planificaci\u00f3n del tiempo, <strong>que te ayuden a navegar esas emociones de la mejor manera posible<\/strong>. La terapia <a href=\"https:\/\/ifeelonline.com\/salud-laboral\/psicologia-en-el-trabajo\/\">psicol\u00f3gica<\/a> suele ser la mejor manera de aprender dichas herramientas,<strong> representando adem\u00e1s un espacio en el que puedes sentirte apoyado, entendido, capaz de ayudarte a encontrar soluciones.<\/strong><\/p>\n\n\n\n<p>As\u00ed mismo, lograr mantener un equilibrio entre trabajo y vida personal es esencial: dedica tiempo a actividades que te traigan alegr\u00eda y relajaci\u00f3n, y recuerda que <a href=\"https:\/\/ifeelonline.com\/como-potenciar-el-autocuidado-en-el-trabajo\/\">el autocuidado<\/a> es fundamental para fomentar nuestro bienestar mental en el trabajo<strong>, contribuyendo a mantener una mente clara y enfocada, incluso en situaciones inciertas.<\/strong><\/p>\n\n\n\n<h3 class=\"wp-block-heading\"><strong>7. Aprende a redefinir tus metas y a organizar tus prioridades:<\/strong><\/h3>\n\n\n\n<p>Dentro de contextos de incertidumbre laboral, a veces es necesario reevaluar nuestras metas y prioridades. Para ello<strong>, el trabajo reflexivo sobre nuestros objetivos, tanto profesionales como personales, puede ayudar a evaluar si estos se alinean con la realidad actual, o no, y as\u00ed ajustarlos seg\u00fan sea necesario<\/strong>. Estar abiertos a redefinir las metas nos ayudar\u00e1 a enfrentar el cambio con una perspectiva positiva, interpret\u00e1ndolo como una nueva oportunidad para establecer objetivos que se adapten al nuevo contexto.&nbsp;<\/p>\n\n\n\n<h3 class=\"wp-block-heading\"><strong>8. Comun\u00edcate con tu equipo:<\/strong><\/h3>\n\n\n\n<p>Es probable que las personas con las que trabajas sean las que m\u00e1s puedan entender c\u00f3mo te sientes frente a la incertidumbre laboral, y a los factores relacionados con tu empresa. Por esta raz\u00f3n,<strong> tener una comunicaci\u00f3n abierta con tu equipo, superiores y colegas te permitir\u00e1 aclarar expectativas, compartir informaci\u00f3n relevante, <a href=\"https:\/\/ifeelonline.com\/salud-laboral\/resolucion-de-conflictos-laborales\/\">resolver conflictos laborales<\/a>, y conocer la direcci\u00f3n de la empresa para tomar decisiones informadas<\/strong>. A la vez, la transparencia fomenta la confianza y contribuye a un ambiente de trabajo m\u00e1s colaborativo.<\/p>\n\n\n\n<h3 class=\"wp-block-heading\"><strong>9. Mantente al tanto:<\/strong><\/h3>\n\n\n\n<p>El cambio constante del contexto laboral no tiene por qu\u00e9 significar necesariamente algo malo. En muchas ocasiones, los cambios generan nuevas oportunidades que podemos aprovechar. Para ello, <strong>mantenerse informado de la actualidad, el mercado laboral, las tendencias de la industria y las posibles oportunidades profesionales <\/strong>pueden ayudarte a explorar y descubrir oportunidades capaces de impulsar tu carrera en direcciones inesperadas, pero beneficiosas.<\/p>\n\n\n\n<h3 class=\"wp-block-heading\"><strong>10. Aprende de los errores:<\/strong><\/h3>\n\n\n\n<p>Cada experiencia, incluso las desafiantes, puede ser una oportunidad de aprendizaje. Por ende, <strong>reflexionar sobre tus experiencias laborales, identificar lo que has aprendido y c\u00f3mo puedes aplicarlo en el futuro <\/strong>puede ser una excelente forma de afrontar la incertidumbre laboral. As\u00ed mismo, reconocer el fracaso como parte del proceso, te facilitar\u00e1 la adaptaci\u00f3n a nuevos contextos o retos laborales, pues disminuir\u00e1 el temor a equivocarte o tomar la decisi\u00f3n err\u00f3nea.&nbsp;&nbsp;<\/p>\n\n\n\n<div class=\"wp-block-group tu-clase-de-bloque has-background is-layout-constrained wp-block-group-is-layout-constrained\" style=\"background-color:#1b4291\">\n<h2 class=\"wp-block-heading has-text-color has-link-color wp-elements-1dcf58a6b6ce8a9bf09b2e2b930eceef\" style=\"color:#ffa593\"><span class=\"ez-toc-section\" id=\"Nota_para_lideres_%F0%9F%94%8E\"><\/span>Nota para l\u00edderes \ud83d\udd0e<span class=\"ez-toc-section-end\"><\/span><\/h2>\n\n\n\n<p class=\"has-white-color has-text-color has-link-color wp-elements-95d35e11a962565dd9aead9c1e6cde16\">En un entorno de <strong>incertidumbre laboral<\/strong>, los l\u00edderes tienen la misi\u00f3n de convertirse en anclas de estabilidad y confianza. Es crucial que fomenten una <strong>cultura de comunicaci\u00f3n abierta y seguridad psicol\u00f3gica<\/strong>, donde los empleados se sientan libres para expresar sus inquietudes. <\/p>\n\n\n\n<p class=\"has-white-color has-text-color has-link-color wp-elements-2b85b46d02505082d44b40d4d37919c7\">Al anticiparse a las tendencias del mercado y comunicar de manera efectiva, los l\u00edderes pueden mitigar el impacto del cambio y fortalecer la resiliencia del equipo. Adem\u00e1s, al promover el e<strong>mpoderamiento y el desarrollo continuo<\/strong>, los l\u00edderes no solo inspiran confianza, sino que tambi\u00e9n preparan a sus equipos para adaptarse proactivamente a los retos futuros. <\/p>\n<\/div>\n\n\n\n<h2 class=\"wp-block-heading\"><span class=\"ez-toc-section\" id=\"Apoyar_a_los_empleados_el_centro_de_la_estrategia_de_RR_HH\"><\/span>Apoyar a los empleados: el centro de la estrategia de RR. HH.<span class=\"ez-toc-section-end\"><\/span><\/h2>\n\n\n\n<p>Desde las empresas, <strong>los departamentos de RR. HH. juegan un rol clave en la gesti\u00f3n de la incertidumbre labora<\/strong>l. Por esta raz\u00f3n, es importante que los l\u00edderes y managers se apoyen en los <a href=\"https:\/\/ifeelonline.com\/salud-laboral\/psicologia-organizacional\/\">psic\u00f3logos organizacionales<\/a>, para as\u00ed conocer todas las herramientas capaces de apoyar a sus equipos a gestionar los cambios, disminuyendo as\u00ed los <a href=\"https:\/\/ifeelonline.com\/riesgos-psicosociales-en-el-trabajo\/\">riesgos psicosociales en el trabajo<\/a> (Para ayudarte en este proceso, nuestro equipo de psic\u00f3logos expertos de ifeel ha dise\u00f1ado una <a href=\"https:\/\/ifeelonline.com\/ebooks\/plantilla-riesgos-psicosociales-en-el-trabajo\/?partner=ifeel_internLinkPost\">plantilla de Factores de Riesgo Psicosocial<\/a> para prevenir problemas de salud mental en el trabajo. <strong>\u00a1Desc\u00e1rgala ahora y mejora tu ambiente laboral!<\/strong>).<\/p>\n\n\n\n<p>La incertidumbre laboral engloba m\u00faltiples factores, tanto ajenos a la compa\u00f1\u00eda (volatilidad del mercado, fusiones y adquisiciones); como internos (cambios en la direcci\u00f3n estrat\u00e9gica, etc.) que pueden desencadenar inseguridad en el empleado. Por ende, parte de las <a href=\"https:\/\/ifeelonline.com\/5-habilidades-para-ser-manager-que-no-debes-descuidar\/\">habilidades para ser un buen manager<\/a> incluyen el <strong>poder anticipar estos cambios y el impacto que generar\u00e1n en los trabajadores es el primer paso para gestionarlos de manera efectiva<\/strong>. A continuaci\u00f3n, compartiremos algunas estrategias que puedes llevar a cabo para apoyar a tu equipo en momentos de incertidumbre laboral, para evitar una <a href=\"https:\/\/ifeelonline.com\/salud-laboral\/baja-laboral-por-depresion\/\">baja laboral<\/a>.\u00a0<\/p>\n\n\n\n<h3 class=\"wp-block-heading\"><strong>1. Anticipar y monitorear las tendencias del mercado:<\/strong><\/h3>\n\n\n\n<p><strong>Mantener la vista constante en las tendencias del mercado y en factores econ\u00f3micos que podr\u00edan afectar tu industria, <\/strong>ser\u00e1 clave al momento de desarrollar estrategias preventivas. Para ello, puedes apoyarte en el uso de herramientas de an\u00e1lisis de datos para prever posibles cambios en la demanda del mercado y en las condiciones econ\u00f3micas.<\/p>\n\n\n\n<blockquote class=\"wp-block-quote is-layout-flow wp-block-quote-is-layout-flow\">\n<p class=\"has-text-align-center .quote\"><em>&#8220;Es fundamental trabajar en el bienestar global, siendo la salud emocional pieza clave en nuestra estrategia, cuidarnos para saber enfrentar las incertidumbres que nos pueda plantear la vida&#8221;<\/em><\/p>\n\n\n\n<p class=\"has-text-align-right\"><a href=\"https:\/\/ifeelonline.com\/entrevistas-ifeel-2024\/isabel-ruiz-maldonado\/\"><strong>Isabel Ruiz Maldonado,<\/strong> Responsable de Sistemas de Gesti\u00f3n Integrados en <strong>Emasagra<\/strong>,<\/a> empresa partner de ifeel. <\/p>\n<\/blockquote>\n\n\n\n<h3 class=\"wp-block-heading\"><strong>2. Fomenta una cultura de<\/strong><a href=\"https:\/\/ifeelonline.com\/seguridad-psicologica-en-el-trabajo\/\"><strong> seguridad psicol\u00f3gica<\/strong><\/a><strong> y mant\u00e9n una comunicaci\u00f3n abierta:<\/strong><\/h3>\n\n\n\n<p>Si tus empleados se sienten c\u00f3modos para expresar sus inquietudes, la empresa tendr\u00e1 mayor informaci\u00f3n y capacidad para atacar los problemas a tiempo. <strong>Ampliar la informaci\u00f3n reduce la incertidumbre,<\/strong> por ende, establece canales de comunicaci\u00f3n transparentes entre la <a href=\"https:\/\/ifeelonline.com\/salud-laboral\/salud-mental-en-puestos-de-alta-direccion\/\">alta direcci\u00f3n<\/a> y los empleados, y brinda informaci\u00f3n actualizada sobre el estado de la empresa y sus perspectivas futuras para que los miembros del equipo puedan tomar decisiones informadas. As\u00ed mismo, anima a los empleados a expresar sus preocupaciones y sugerencias.<\/p>\n\n\n\n<blockquote class=\"wp-block-quote has-text-align-center is-layout-flow wp-block-quote-is-layout-flow\">\n<p>Desde <strong>ifeel<\/strong>, hemos dise\u00f1ado <a href=\"https:\/\/ifeelonline.com\/ebooks\/salvavidas-all-in-one-para-hr-managers\/?partner=ifeel_internLinkPost\"><strong>este recurso<\/strong><\/a> con consejos pr\u00e1cticos que podr\u00e1s implementar para fomentar la seguridad psicol\u00f3gica en el trabajo.<\/p>\n<\/blockquote>\n\n\n\n<h3 class=\"wp-block-heading\"><strong>3. Cultivar una cultura de adaptabilidad:<\/strong><\/h3>\n\n\n\n<p>De la mano con el punto anterior, busca siempre promover una mentalidad de adaptabilidad y aprendizaje continuo dentro del equipo a trav\u00e9s de la formaci\u00f3n constante y el desarrollo de habilidades relevantes para adaptarse a los cambios. En consecuencia, <strong>reconoce y recompensa (refuerza) la resiliencia y la creatividad en situaciones de<a href=\"https:\/\/ifeelonline.com\/10-caracteristicas-que-te-ayudaran-durante-la-crisis\/\" data-type=\"link\" data-id=\"https:\/\/ifeelonline.com\/10-caracteristicas-que-te-ayudaran-durante-la-crisis\/\"> incertidumbre laboral<\/a>.<\/strong><\/p>\n\n\n\n<h3 class=\"wp-block-heading\"><strong>4. Implementar estrategias de gesti\u00f3n en los departamentos de RRHH<\/strong><\/h3>\n\n\n\n<p>Los departamentos de Recursos Humanos tienen en sus manos la capacidad de llevar a cabo estrategias que le permitan a la plantilla<strong> adaptarse m\u00e1s f\u00e1cilmente a los cambios. <\/strong>Entre ellas, podemos mencionar el desarrollo de planes de sucesi\u00f3n para asegurar la continuidad en roles clave, modelos de contrataci\u00f3n flexibles, como el trabajo a distancia o la contrataci\u00f3n temporal, para adaptarte a las fluctuaciones en la demanda; o invertir en <strong>programas de desarrollo profesional<\/strong>,<strong> soluciones de <a href=\"https:\/\/ifeelonline.com\/bienestar-corporativo\/\" data-type=\"link\" data-id=\"https:\/\/ifeelonline.com\/bienestar-corporativo\/\">bienestar mental<\/a><\/strong> y en estrategias de <a href=\"https:\/\/ifeelonline.com\/aprender-a-retener-el-talento-evita-la-fuga-de-talento\/\" data-type=\"post\" data-id=\"5303\">retenci\u00f3n de talento<\/a> que ayuden a garantizar que la empresa est\u00e9 preparada para cualquier cambio inesperado.<\/p>\n\n\n\n<h3 class=\"wp-block-heading\"><strong>5. Utilizar herramientas tecnol\u00f3gicas:<\/strong><\/h3>\n\n\n\n<p><strong>Los avances tecnol\u00f3gicos pueden ser grandes aliados al momento de agilizar proceso<\/strong>. Por ejemplo, la implementaci\u00f3n de plataformas de gesti\u00f3n del talento que permitan realizar un seguimiento de las habilidades y el rendimiento de los empleados, as\u00ed como predecir o anticipar cambios en la fuerza laboral, pueden colaborar a la hora de <strong>tomar decisiones informadas.<\/strong><\/p>\n\n\n\n<figure class=\"wp-block-image size-large\"><img loading=\"lazy\" decoding=\"async\" width=\"1024\" height=\"683\" src=\"https:\/\/ifeelonline.com\/wp-content\/uploads\/2023\/12\/image-2-1024x683.png\" alt=\"incertidumbre laboral\" class=\"wp-image-12089\" srcset=\"https:\/\/ifeelonline.com\/es\/wp-content\/uploads\/2023\/12\/image-2-1024x683.png 1024w, https:\/\/ifeelonline.com\/es\/wp-content\/uploads\/2023\/12\/image-2-300x200.png 300w, https:\/\/ifeelonline.com\/es\/wp-content\/uploads\/2023\/12\/image-2-768x512.png 768w, https:\/\/ifeelonline.com\/es\/wp-content\/uploads\/2023\/12\/image-2-1536x1024.png 1536w, https:\/\/ifeelonline.com\/es\/wp-content\/uploads\/2023\/12\/image-2-2048x1365.png 2048w\" sizes=\"auto, (max-width: 1024px) 100vw, 1024px\" \/><\/figure>\n\n\n\n<h3 class=\"wp-block-heading\"><strong>6. Mantener una reserva financiera:<\/strong><\/h3>\n\n\n\n<p>Construye y mant\u00e9n una <a href=\"https:\/\/ifeelonline.com\/salud-financiera-de-los-empleados\/\" data-type=\"post\" data-id=\"10451\">reserva financiera<\/a> para afrontar tiempos de incertidumbre econ\u00f3mica dentro de la organizaci\u00f3n. Para ello, diversifica las fuentes de ingresos para reducir la dependencia de un solo mercado o cliente y analiza diferentes escenarios financieros para evaluar el impacto de posibles cambios en el entorno econ\u00f3mico.<\/p>\n\n\n\n<h3 class=\"wp-block-heading\"><strong>7. <a href=\"https:\/\/ifeelonline.com\/flexibilidad-laboral\/\" data-type=\"post\" data-id=\"9753\">Flexibilidad<\/a> en la estructura de la organizaci\u00f3n<\/strong>:<\/h3>\n\n\n\n<p>Las estructuras de la organizaci\u00f3n deben ser lo suficientemente r\u00edgidas como para mantener el orden, pero lo suficientemente flexibles como para adaptarse r\u00e1pidamente a los cambios. De esta manera, busca siempre <a href=\"https:\/\/ifeelonline.com\/para-que-sirve-la-movilidad-interna-en-el-trabajo\/\" data-type=\"post\" data-id=\"10663\">fomentar la movilidad interna <\/a>y la capacitaci\u00f3n cruzada para que los empleados puedan asumir diferentes roles seg\u00fan sea necesario.<\/p>\n\n\n\n<h3 class=\"wp-block-heading\"><strong>8. Colaboraci\u00f3n interdepartamental:<\/strong><\/h3>\n\n\n\n<p>Para hacer que la empresa avance en tiempos de incertidumbre laboral, todos los equipos deben estar alineados para perseguir una misma meta. Por ende, <strong>promover la colaboraci\u00f3n estrecha entre departamentos puede motivar a los empleados, y fomentar el trabajo en equipo<\/strong> para compartir informaci\u00f3n y encontrar soluciones colaborativas. Para ello, establece equipos multifuncionales que puedan abordar de manera efectiva los desaf\u00edos emergentes.<\/p>\n\n\n\n<h3 class=\"wp-block-heading\"><strong>9. Evaluar y aprender de la experiencia:<\/strong><\/h3>\n\n\n\n<p>Conduce<a href=\"https:\/\/ifeelonline.com\/que-es-la-evaluacion-de-desempeno\/\"> evaluaciones<\/a> peri\u00f3dicas para <strong>analizar la efectividad de las estrategias implementadas, y aprende de las situaciones pasadas de incertidumbre laboral, para as\u00ed ajustar las estrategias en consecuencia.<\/strong> Utiliza esta <a href=\"https:\/\/ifeelonline.com\/ebooks\/evaluacion-de-desempeno\/?partner=ifeel_internLinkPost\">plantilla de evaluaci\u00f3n de desempe\u00f1o<\/a>, y ad\u00e1ptala a tus empelados, para conocer su perspectiva con respecto a las pol\u00edticas implementadas. Adem\u00e1s, puedes establecer un ciclo de retroalimentaci\u00f3n continua, y as\u00ed mejorar la capacidad de la organizaci\u00f3n para <strong>gestionar la incertidumbre laboral.<\/strong><\/p>\n\n\n\n<h3 class=\"wp-block-heading\"><strong>10. Mantener un enfoque positivo:<\/strong><\/h3>\n\n\n\n<p>La resiliencia empresarial comienza con una buena cultura organizacional. Por ende, busca siempre <strong>fomentar una mentalidad positiva y proactiva entre los empleados, celebrando los \u00e9xitos y aprendizajes, incluso en tiempos de incertidumbre,<\/strong> para construir confianza y motivaci\u00f3n.<\/p>\n\n\n\n<p>Gestionar la incertidumbre laboral no es solo sobre reaccionar a eventos imprevistos, sino tambi\u00e9n sobre prepararse de manera proactiva para los cambios inevitables en el entorno empresarial. Esto se logra al combinar anticipaci\u00f3n, comunicaci\u00f3n efectiva, un estilo de<a href=\"https:\/\/ifeelonline.com\/salud-laboral\/liderazgo-transformacional\/\"> liderazgo transformacional<\/a> y emp\u00e1tico; as\u00ed como brindando oportunidades para el desarrollo continuo, para enfrentar la incertidumbre con mayor confianza.<\/p>\n\n\n\n<h2 class=\"wp-block-heading\"><span class=\"ez-toc-section\" id=\"Confia_en_los_expertos\"><\/span>Conf\u00eda en los expertos<span class=\"ez-toc-section-end\"><\/span><\/h2>\n\n\n\n<p>Desde <a href=\"https:\/\/ifeelonline.com\/\"><strong>ifeel<\/strong><\/a>, sabemos que fomentar un ambiente donde los empleados se sientan <a href=\"https:\/\/ifeelonline.com\/salud-laboral\/seguros-medicos-para-empresas\/\">seguros <\/a>para expresar sus pensamientos y ser ellos mismos no solo mejora el bienestar mental de los trabajadores, sino que ayuda <strong>en la gesti\u00f3n de las emociones en momentos de incertidumbre laboral, para atravesar los <a href=\"https:\/\/ifeelonline.com\/salud-laboral\/entornos-vuca\/\">entornos VUCA<\/a>.&nbsp;<\/strong><\/p>\n\n\n\n<p>Por esta raz\u00f3n, ifeel cuenta con una<a href=\"https:\/\/ifeelonline.com\/programas-de-salud-mental-para-empresas\/\"> soluci\u00f3n de salud mental para empresas<\/a>, dise\u00f1ado por su equipo de psic\u00f3logos expertos con el objetivo de<strong> ayudar a las compa\u00f1\u00edas a colocar el cuidado de la salud psicol\u00f3gica de sus empleados en el centro de su <a href=\"https:\/\/ifeelonline.com\/tenemos-una-cultura-empresarial-en-nuestra-empresa\/#:~:text=La%20cultura%20empresarial%20es%20una,y%20tambi%C3%A9n%20con%20los%20clientes.\">cultura empresarial<\/a>.&nbsp;<\/strong><\/p>\n\n\n\n<p>Gracias a esta colaboraci\u00f3n, las personas que est\u00e1n al frente de los departamentos de <a href=\"https:\/\/ifeelonline.com\/en-que-consiste-el-trabajo-de-recursos-humanos\/\">recursos humanos <\/a>pueden recibir <strong>asesoramiento personalizado y basado en datos<\/strong> para sacar el m\u00e1ximo partido de sus equipos y cuidar mejor del bienestar psicol\u00f3gico de las personas que los integran. <a href=\"https:\/\/ifeelonline.com\/solicitar-demo\/\">Prueba ahora nuestra soluci\u00f3n <\/a>para que puedas ver c\u00f3mo podr\u00eda ayudaros.<\/p>\n\n\n\n<p>Esperamos que este post sobre c\u00f3mo <strong>gestionar la incertidumbre laboral <\/strong>te haya resultado interesante, y te invitamos a leer nuestro blog acerca de los&nbsp;<a href=\"https:\/\/ifeelonline.com\/kpis-recursos-humanos\/\">KPIS en Recursos Humanos m\u00e1s importantes<\/a>.&nbsp;Si quieres m\u00e1s informaci\u00f3n sobre nuestra<strong> soluci\u00f3n de bienestar mental para empresas<\/strong>, solo tienes que solicitarla y nos pondremos en contacto con tu equipo lo antes posible.<\/p>\n\n\n\n<p><\/p>\n\n    <div class=\"xs_social_share_widget xs_share_url after_content \t\tmain_content  wslu-style-1 wslu-share-box-shaped wslu-fill-colored wslu-none wslu-share-horizontal wslu-theme-font-no wslu-main_content\">\n\n\t\t\n        <ul>\n\t\t\t        <\/ul>\n    <\/div> \n","protected":false},"excerpt":{"rendered":"<p>Actualmente, vivimos en un mundo que est\u00e1 constantemente evolucionando, y esto se refleja especialmente en el \u00e1mbito empresarial. Por esta raz\u00f3n, no resulta raro que la incertidumbre laboral haya pasado de ser una preocupaci\u00f3n ocasional, a convertirse en una constante dentro del mundo organizacional, afectando a los trabajadores de diversos sectores o niveles.&nbsp; De hecho, [&hellip;]<\/p>\n","protected":false},"author":62,"featured_media":14251,"comment_status":"closed","ping_status":"open","sticky":false,"template":"","format":"standard","meta":{"content-type":"","postBodyCss":"","postBodyMargin":[],"postBodyPadding":[],"postBodyBackground":{"backgroundType":"classic","gradient":""},"footnotes":""},"categories":[311,476,472],"tags":[],"class_list":["post-12086","post","type-post","status-publish","format-standard","has-post-thumbnail","hentry","category-salud-laboral","category-clima-laboral","category-motivacion-laboral"],"_links":{"self":[{"href":"https:\/\/ifeelonline.com\/es\/wp-json\/wp\/v2\/posts\/12086","targetHints":{"allow":["GET"]}}],"collection":[{"href":"https:\/\/ifeelonline.com\/es\/wp-json\/wp\/v2\/posts"}],"about":[{"href":"https:\/\/ifeelonline.com\/es\/wp-json\/wp\/v2\/types\/post"}],"author":[{"embeddable":true,"href":"https:\/\/ifeelonline.com\/es\/wp-json\/wp\/v2\/users\/62"}],"replies":[{"embeddable":true,"href":"https:\/\/ifeelonline.com\/es\/wp-json\/wp\/v2\/comments?post=12086"}],"version-history":[{"count":0,"href":"https:\/\/ifeelonline.com\/es\/wp-json\/wp\/v2\/posts\/12086\/revisions"}],"wp:featuredmedia":[{"embeddable":true,"href":"https:\/\/ifeelonline.com\/es\/wp-json\/wp\/v2\/media\/14251"}],"wp:attachment":[{"href":"https:\/\/ifeelonline.com\/es\/wp-json\/wp\/v2\/media?parent=12086"}],"wp:term":[{"taxonomy":"category","embeddable":true,"href":"https:\/\/ifeelonline.com\/es\/wp-json\/wp\/v2\/categories?post=12086"},{"taxonomy":"post_tag","embeddable":true,"href":"https:\/\/ifeelonline.com\/es\/wp-json\/wp\/v2\/tags?post=12086"}],"curies":[{"name":"wp","href":"https:\/\/api.w.org\/{rel}","templated":true}]}}