{"id":11772,"date":"2023-10-19T10:01:46","date_gmt":"2023-10-19T09:01:46","guid":{"rendered":"https:\/\/ifeelonline.com\/?p=11772"},"modified":"2024-06-03T15:09:18","modified_gmt":"2024-06-03T14:09:18","slug":"nuevo-permiso-laboral-para-prevencion-del-suicidio","status":"publish","type":"post","link":"https:\/\/ifeelonline.com\/es\/salud-laboral\/nuevo-permiso-laboral-para-prevencion-del-suicidio\/","title":{"rendered":"Nuevo permiso laboral para prevenci\u00f3n del suicidio en Espa\u00f1a: lo que debes saber al respecto"},"content":{"rendered":"<div id=\"ez-toc-container\" class=\"ez-toc-v2_0_81 counter-hierarchy ez-toc-counter ez-toc-custom ez-toc-container-direction\">\n<div class=\"ez-toc-title-container\">\n<p class=\"ez-toc-title\" style=\"cursor:inherit\">Contenidos<\/p>\n<span class=\"ez-toc-title-toggle\"><a href=\"#\" class=\"ez-toc-pull-right ez-toc-btn ez-toc-btn-xs ez-toc-btn-default ez-toc-toggle\" aria-label=\"Toggle Table of Content\"><span class=\"ez-toc-js-icon-con\"><span class=\"\"><span class=\"eztoc-hide\" style=\"display:none;\">Toggle<\/span><span class=\"ez-toc-icon-toggle-span\"><svg style=\"fill: #51607e;color:#51607e\" xmlns=\"http:\/\/www.w3.org\/2000\/svg\" class=\"list-377408\" width=\"20px\" height=\"20px\" viewBox=\"0 0 24 24\" fill=\"none\"><path d=\"M6 6H4v2h2V6zm14 0H8v2h12V6zM4 11h2v2H4v-2zm16 0H8v2h12v-2zM4 16h2v2H4v-2zm16 0H8v2h12v-2z\" fill=\"currentColor\"><\/path><\/svg><svg style=\"fill: #51607e;color:#51607e\" class=\"arrow-unsorted-368013\" xmlns=\"http:\/\/www.w3.org\/2000\/svg\" width=\"10px\" height=\"10px\" viewBox=\"0 0 24 24\" version=\"1.2\" baseProfile=\"tiny\"><path d=\"M18.2 9.3l-6.2-6.3-6.2 6.3c-.2.2-.3.4-.3.7s.1.5.3.7c.2.2.4.3.7.3h11c.3 0 .5-.1.7-.3.2-.2.3-.5.3-.7s-.1-.5-.3-.7zM5.8 14.7l6.2 6.3 6.2-6.3c.2-.2.3-.5.3-.7s-.1-.5-.3-.7c-.2-.2-.4-.3-.7-.3h-11c-.3 0-.5.1-.7.3-.2.2-.3.5-.3.7s.1.5.3.7z\"\/><\/svg><\/span><\/span><\/span><\/a><\/span><\/div>\n<nav><ul class='ez-toc-list ez-toc-list-level-1 eztoc-toggle-hide-by-default' ><li class='ez-toc-page-1 ez-toc-heading-level-2'><a class=\"ez-toc-link ez-toc-heading-1\" href=\"https:\/\/ifeelonline.com\/es\/salud-laboral\/nuevo-permiso-laboral-para-prevencion-del-suicidio\/#La_dura_realidad_espanola\" >La dura realidad espa\u00f1ola<\/a><\/li><li class='ez-toc-page-1 ez-toc-heading-level-2'><a class=\"ez-toc-link ez-toc-heading-2\" href=\"https:\/\/ifeelonline.com\/es\/salud-laboral\/nuevo-permiso-laboral-para-prevencion-del-suicidio\/#Detalles_sobre_el_nuevo_permiso_laboral_para_prevencion_del_suicidio\" >Detalles sobre el nuevo permiso laboral para prevenci\u00f3n del suicidio<\/a><\/li><li class='ez-toc-page-1 ez-toc-heading-level-2'><a class=\"ez-toc-link ez-toc-heading-3\" href=\"https:\/\/ifeelonline.com\/es\/salud-laboral\/nuevo-permiso-laboral-para-prevencion-del-suicidio\/#La_importancia_de_estas_medidas\" >La importancia de estas medidas<\/a><\/li><li class='ez-toc-page-1 ez-toc-heading-level-2'><a class=\"ez-toc-link ez-toc-heading-4\" href=\"https:\/\/ifeelonline.com\/es\/salud-laboral\/nuevo-permiso-laboral-para-prevencion-del-suicidio\/#Apostar_por_el_bienestar_mental_en_las_organizaciones\" >Apostar por el bienestar mental en las organizaciones<\/a><\/li><\/ul><\/nav><\/div>\n\n<p>Actualmente, estamos presenciando un avance significativo en la conversaci\u00f3n sobre <strong>la importancia de la salud mental,<\/strong> lo cual es un progreso que merece ser celebrado. Esto se puede observar en la creaci\u00f3n de pol\u00edticas p\u00fablicas que ofrecen apoyo a las diferentes problem\u00e1ticas, el aumento del tiempo de las <a href=\"https:\/\/ifeelonline.com\/por-que-es-importante-la-baja-por-maternidad\/\">bajas por maternidad<\/a>, y; dentro de este contexto, resalta el <strong>nuevo permiso laboral para prevenci\u00f3n del suicidio <\/strong>en Espa\u00f1a.&nbsp;<\/p>\n\n\n\n<p>Sin embargo, es crucial reconocer que, a pesar de estos avances, <strong>todav\u00eda existe un largo camino por recorrer.<\/strong> Las <a href=\"https:\/\/ifeelonline.com\/aumentan-las-bajas-por-salud-mental\">bajas por salud mental<\/a> siguen en aumento, y la realidad es que muchos temas relacionados con el bienestar mental siguen siendo tab\u00fa en la sociedad. Entre ellos, uno de los m\u00e1s delicados y complejos es el suicidio.<\/p>\n\n\n\n<p>Ahora bien, comprender por qu\u00e9 el suicidio es un tema tab\u00fa es el primer paso para poder <strong>tomar acci\u00f3n y desarrollar estrategias o <a href=\"https:\/\/ifeelonline.com\/salud-laboral\/iniciativas-de-prevencion-en-empresas\/\">iniciativas de prevenci\u00f3n<\/a>. <\/strong>Este tema est\u00e1 cargado de dolor y complejidad, lo que lo hace dif\u00edcil de abordar tanto a nivel personal como p\u00fablico. Adicionalmente, la estigmatizaci\u00f3n que rodea al suicidio a menudo impide que las personas hablen abierta y sinceramente sobre ello, lo que a su vez dificulta la prevenci\u00f3n y el apoyo a quienes lo necesitan.<\/p>\n\n\n\n<figure class=\"wp-block-image size-large\"><img loading=\"lazy\" decoding=\"async\" width=\"1024\" height=\"648\" src=\"https:\/\/ifeelonline.com\/wp-content\/uploads\/2023\/10\/image-5-1024x648.png\" alt=\"nuevo permiso laboral para prevencion del suicidio\n\" class=\"wp-image-11773\" srcset=\"https:\/\/ifeelonline.com\/es\/wp-content\/uploads\/2023\/10\/image-5-1024x648.png 1024w, https:\/\/ifeelonline.com\/es\/wp-content\/uploads\/2023\/10\/image-5-300x190.png 300w, https:\/\/ifeelonline.com\/es\/wp-content\/uploads\/2023\/10\/image-5-768x486.png 768w, https:\/\/ifeelonline.com\/es\/wp-content\/uploads\/2023\/10\/image-5-1536x972.png 1536w, https:\/\/ifeelonline.com\/es\/wp-content\/uploads\/2023\/10\/image-5-2048x1296.png 2048w\" sizes=\"auto, (max-width: 1024px) 100vw, 1024px\" \/><\/figure>\n\n\n\n<h2 class=\"wp-block-heading\"><span class=\"ez-toc-section\" id=\"La_dura_realidad_espanola\"><\/span>La dura realidad espa\u00f1ola<span class=\"ez-toc-section-end\"><\/span><\/h2>\n\n\n\n<p>En Espa\u00f1a, el suicidio sigue siendo una triste realidad que a menudo se disfraza de silencio. Seg\u00fan estad\u00edsticas del Instituto Nacional de Estad\u00edstica (INE), Espa\u00f1a registra en promedio <strong>11 suicidios diarios, cifra que ha experimentado un aumento en los \u00faltimos a\u00f1os<\/strong>. Y es que, a pesar del creciente enfoque en la importancia de la <a href=\"https:\/\/ifeelonline.com\/salud-mental-empleados\/\" data-type=\"post\" data-id=\"10893\">salud mental<\/a>, el suicidio contin\u00faa siendo la causa n\u00famero uno de muerte no natural en el pa\u00eds, lo que subraya la <strong>urgente necesidad de abordar este problema.<\/strong><\/p>\n\n\n\n<p>De esta forma, entre las estrategias de acci\u00f3n que se implementar\u00e1n para dar respuesta a esta problem\u00e1tica,<strong> se ha desarrollado un nuevo permiso laboral para prevenci\u00f3n de suicidio<\/strong>, que tiene como objetivo proporcionar apoyo en situaciones extremas o cr\u00edticas, donde el riesgo es inminente y la persona necesita un respiro.<\/p>\n\n\n\n<h2 class=\"wp-block-heading\"><span class=\"ez-toc-section\" id=\"Detalles_sobre_el_nuevo_permiso_laboral_para_prevencion_del_suicidio\"><\/span>Detalles sobre el nuevo permiso laboral para prevenci\u00f3n del suicidio<span class=\"ez-toc-section-end\"><\/span><\/h2>\n\n\n\n<p>Frente a esta situaci\u00f3n, el Congreso de los Diputados de Espa\u00f1a ha tomado <strong>un paso importante <\/strong>mediante la implementaci\u00f3n de una nueva legislaci\u00f3n. Este nuevo permiso laboral para prevenci\u00f3n del suicidio se ha dise\u00f1ado espec\u00edficamente para situaciones de alto riesgo. La legislaci\u00f3n permite a los empleados ausentarse del trabajo para cuidar de familiares en riesgo, <strong>reconociendo la importancia de la salud mental <\/strong>en la sociedad espa\u00f1ola.<\/p>\n\n\n\n<p>Este nuevo permiso laboral para prevenci\u00f3n del suicidio, marca un avance significativo en la mejora de las condiciones laborales y el respaldo a la salud mental. Esta medida es parte integral de la reci\u00e9n promulgada Ley de Familias, que tiene como objetivo <strong>reforzar los derechos sociales de los empleados y promover un <a href=\"https:\/\/ifeelonline.com\/encontrar-equilibrio-trabajo-la-vida\/\" data-type=\"post\" data-id=\"2639\">equilibrio entre la vida laboral y familiar.<\/a><\/strong> Su enfoque principal es proporcionar apoyo a las personas que se encuentran en situaciones de riesgo de suicidio, una preocupaci\u00f3n en constante crecimiento en el pa\u00eds.<\/p>\n\n\n\n<p>Entre las caracter\u00edsticas de este nuevo permiso laboral para prevenci\u00f3n del suicidio, se encuentra que tendr\u00e1 <strong>una duraci\u00f3n de 15 d\u00edas remunerados<\/strong>, representando un importante logro en el reconocimiento de la relevancia de la <a href=\"https:\/\/ifeelonline.com\/salud-mental-en-el-trabajo\/\">salud mental en el trabajo<\/a>. La autorizaci\u00f3n para otorgar dichos permisos estar\u00e1 bajo la responsabilidad de expertos m\u00e9dicos, quienes evaluar\u00e1n la situaci\u00f3n del individuo en riesgo.<\/p>\n\n\n\n<p>Adicionalmente, el Ministerio de la Seguridad Social est\u00e1 actualmente trabajando en la definici\u00f3n de los pormenores de esta nueva regulaci\u00f3n, con el <strong>prop\u00f3sito de implementarla antes de que concluya el a\u00f1o 2023.<\/strong><\/p>\n\n\n\n<h2 class=\"wp-block-heading\"><span class=\"ez-toc-section\" id=\"La_importancia_de_estas_medidas\"><\/span>La importancia de estas medidas<span class=\"ez-toc-section-end\"><\/span><\/h2>\n\n\n\n<p>La relevancia de esta nueva legislaci\u00f3n va m\u00e1s all\u00e1 de su impacto legal. Estas medidas representan un paso significativo <strong>hacia la conversaci\u00f3n abierta sobre temas complejos y delicados <\/strong>relacionados con la salud mental. Esta ley tambi\u00e9n act\u00faa como un llamado a la acci\u00f3n, instando a la sociedad a priorizar la prevenci\u00f3n del suicidio y brindar apoyo a quienes lo necesitan.<\/p>\n\n\n\n<figure class=\"wp-block-image\"><img decoding=\"async\" src=\"https:\/\/ifeelonline.com\/wp-content\/uploads\/2023\/10\/image-6-1024x683.png\" alt=\"nuevo permiso laboral para prevencion del suicidio\" \/><\/figure>\n\n\n\n<p>Y es que, al igual que las <a href=\"https:\/\/ifeelonline.com\/baja-por-depresion\/\">bajas por depresi\u00f3n<\/a>, este nuevo permiso para la prevenci\u00f3n del suicidio tienen como objetivo<strong> aliviar la carga mental de las personas afectadas<\/strong>, para que puedan seguir adecuadamente el tratamiento y reponerse en la medida de lo posible.&nbsp;<\/p>\n\n\n\n<p>De esta forma, a pesar de que el suicidio sigue siendo un tema tab\u00fa en muchas partes del mundo, la nueva legislaci\u00f3n en Espa\u00f1a muestra que estamos dando pasos importantes hacia <strong>una sociedad m\u00e1s compasiva y consciente de la salud mental<\/strong>. A trav\u00e9s de la conversaci\u00f3n abierta y las acciones concretas, podemos avanzar en la prevenci\u00f3n del suicidio y el apoyo a quienes luchan contra esta dolorosa realidad.<\/p>\n\n\n\n<h2 class=\"wp-block-heading\"><span class=\"ez-toc-section\" id=\"Apostar_por_el_bienestar_mental_en_las_organizaciones\"><\/span>Apostar por el bienestar mental en las organizaciones<span class=\"ez-toc-section-end\"><\/span><\/h2>\n\n\n\n<p>En <a href=\"https:\/\/ifeelonline.com\/como-funciona-ifeel-bienestar-laboral\/\"><strong>ifeel<\/strong><\/a> creemos que cuidar la relaci\u00f3n entre los empleados y la empresa implica <strong>apoyar a los trabajadores en todo momento<\/strong>, ofreciendo servicios que permitan facilitarles los momentos dif\u00edciles y fomentar as\u00ed una productividad sostenible y saludable.&nbsp;&nbsp;<\/p>\n\n\n\n<p>Para transmitir esta idea, <a href=\"https:\/\/ifeelonline.com\/psicologos-online\/\">nuestro equipo de psic\u00f3logos expertos<\/a> en <a href=\"https:\/\/ifeelonline.com\/bienestar-laboral\/\">bienestar laboral<\/a> ha creado un <a href=\"https:\/\/ifeelonline.com\/bienestar-emocional-en-la-empresa\/\">programa de bienestar mental para empresas<\/a> que aporta beneficios realmente relevantes a todo el equipo, incluyendo a los responsables de Recursos Humanos.<\/p>\n\n\n\n<p>Por eso, a trav\u00e9s de nuestra soluci\u00f3n de bienestar mental, los responsables de <a href=\"https:\/\/ifeelonline.com\/en-que-consiste-el-trabajo-de-recursos-humanos\/\">Recursos Humanos<\/a> pueden recibir <strong>asesoramiento personalizado y basado en datos<\/strong> sobre c\u00f3mo mejorar el bienestar mental de los equipos que tienen a su cargo. \u00bfFormas parte del departamento de Recursos Humanos de tu organizaci\u00f3n? <a href=\"https:\/\/ifeelonline.com\/solicitar-demo\/\"><strong>Prueba ahora nuestro programa<\/strong><\/a> para que veas c\u00f3mo podr\u00eda ayudaros.<\/p>\n\n\n\n<p>Adem\u00e1s, este <a href=\"https:\/\/ifeelonline.com\/programa-de-bienestar-laboral-para-empresas\/\">programa<\/a> ofrece a todos los empleados un servicio completo de cuidado de su s<a href=\"https:\/\/ifeelonline.com\/salud-mental-en-el-trabajo\/\">alud mental<\/a> al que pueden acceder por diferentes v\u00edas en<strong> funci\u00f3n de sus necesidades:<\/strong> quienes lo deseen, tienen acceso a un servicio de terapia online con uno de nuestros psic\u00f3logos, especializado en casos como el suyo, o bien interactuar con uno de nuestros profesionales para recibir soporte emocional en alguna circunstancia m\u00e1s espec\u00edfica que les preocupe.<\/p>\n\n\n\n<p>Esperamos que este post sobre el nuevo permiso laboral para prevenci\u00f3n del suicidio en Espa\u00f1a te haya resultado interesante. Si quieres m\u00e1s informaci\u00f3n sobre nuestra soluci\u00f3n de bienestar mental para empresas, <strong><a href=\"https:\/\/ifeelonline.com\/como-funciona-ifeel-bienestar-laboral\/\">solo tienes que solicitarla <\/a><\/strong>y en seguida nos pondremos en contacto con tu equipo.<\/p>\n\n    <div class=\"xs_social_share_widget xs_share_url after_content \t\tmain_content  wslu-style-1 wslu-share-box-shaped wslu-fill-colored wslu-none wslu-share-horizontal wslu-theme-font-no wslu-main_content\">\n\n\t\t\n        <ul>\n\t\t\t        <\/ul>\n    <\/div> \n","protected":false},"excerpt":{"rendered":"<p>Actualmente, estamos presenciando un avance significativo en la conversaci\u00f3n sobre la importancia de la salud mental, lo cual es un progreso que merece ser celebrado. Esto se puede observar en la creaci\u00f3n de pol\u00edticas p\u00fablicas que ofrecen apoyo a las diferentes problem\u00e1ticas, el aumento del tiempo de las bajas por maternidad, y; dentro de este [&hellip;]<\/p>\n","protected":false},"author":62,"featured_media":11775,"comment_status":"closed","ping_status":"open","sticky":false,"template":"","format":"standard","meta":{"content-type":"","postBodyCss":"","postBodyMargin":[],"postBodyPadding":[],"postBodyBackground":{"backgroundType":"classic","gradient":""},"footnotes":""},"categories":[311,471,470],"tags":[],"class_list":["post-11772","post","type-post","status-publish","format-standard","has-post-thumbnail","hentry","category-salud-laboral","category-estres-laboral","category-recursos-humanos"],"_links":{"self":[{"href":"https:\/\/ifeelonline.com\/es\/wp-json\/wp\/v2\/posts\/11772","targetHints":{"allow":["GET"]}}],"collection":[{"href":"https:\/\/ifeelonline.com\/es\/wp-json\/wp\/v2\/posts"}],"about":[{"href":"https:\/\/ifeelonline.com\/es\/wp-json\/wp\/v2\/types\/post"}],"author":[{"embeddable":true,"href":"https:\/\/ifeelonline.com\/es\/wp-json\/wp\/v2\/users\/62"}],"replies":[{"embeddable":true,"href":"https:\/\/ifeelonline.com\/es\/wp-json\/wp\/v2\/comments?post=11772"}],"version-history":[{"count":0,"href":"https:\/\/ifeelonline.com\/es\/wp-json\/wp\/v2\/posts\/11772\/revisions"}],"wp:featuredmedia":[{"embeddable":true,"href":"https:\/\/ifeelonline.com\/es\/wp-json\/wp\/v2\/media\/11775"}],"wp:attachment":[{"href":"https:\/\/ifeelonline.com\/es\/wp-json\/wp\/v2\/media?parent=11772"}],"wp:term":[{"taxonomy":"category","embeddable":true,"href":"https:\/\/ifeelonline.com\/es\/wp-json\/wp\/v2\/categories?post=11772"},{"taxonomy":"post_tag","embeddable":true,"href":"https:\/\/ifeelonline.com\/es\/wp-json\/wp\/v2\/tags?post=11772"}],"curies":[{"name":"wp","href":"https:\/\/api.w.org\/{rel}","templated":true}]}}