{"id":10964,"date":"2023-03-27T11:44:33","date_gmt":"2023-03-27T10:44:33","guid":{"rendered":"https:\/\/ifeelonline.com\/?p=10964"},"modified":"2024-02-14T16:40:05","modified_gmt":"2024-02-14T15:40:05","slug":"entrevista-jaime-nardiz","status":"publish","type":"post","link":"https:\/\/ifeelonline.com\/es\/entrevistas-ifeel\/entrevista-jaime-nardiz\/","title":{"rendered":"Estamos muy contentos de trabajar con ifeel, estos a\u00f1os hemos observado que sois un observatorio del mercado muy relevante"},"content":{"rendered":"\n<h2 class=\"wp-block-heading\"><a href=\"https:\/\/www.linkedin.com\/in\/jaimenardiz\/\" data-type=\"URL\" data-id=\"https:\/\/www.linkedin.com\/in\/jaimenardiz\/\" target=\"_blank\" rel=\"noopener\">Jaime de Nardiz, Director de Transformaci\u00f3n Cultural en Great Place to work <\/a><\/h2>\n\n\n\n<div style=\"height:26px\" aria-hidden=\"true\" class=\"wp-block-spacer\"><\/div>\n\n\n\n<hr class=\"wp-block-separator has-css-opacity\"\/>\n\n\n\n<div style=\"height:0px\" aria-hidden=\"true\" class=\"wp-block-spacer\"><\/div>\n\n\n\n<div style=\"height:16px\" aria-hidden=\"true\" class=\"wp-block-spacer\"><\/div>\n\n\n\n<p>Llevo en <strong>Great Place to Work<\/strong> 8 a\u00f1os maravillosos, durante estos a\u00f1os hemos pasado por muchas etapas y sin duda alguna esta es una de las mejores. <strong>La gesti\u00f3n de personas ha cambiado mucho en estos a\u00f1os<\/strong>, los a\u00f1os 2017-18 las compa\u00f1\u00edas t\u00edmidamente (en porcentaje) buscaban el <strong><a href=\"https:\/\/ifeelonline.com\/bienestar-emocional-de-los-empleados\/\" data-type=\"post\" data-id=\"10602\">bienestar integral de sus empleados<\/a><\/strong>. Justo antes de la Covid-19 notamos un crecimiento del inter\u00e9s en ser un <strong>Great Place to Work<\/strong>, sin embargo no fue hasta despu\u00e9s donde la generaci\u00f3n de un <strong>Excelente Lugar para Trabajar<\/strong> y el <strong>cuidado\/bienestar del empleado<\/strong> pas\u00f3 <strong>de ser una ventaja competitiva<\/strong> a ser <strong>una necesidad<\/strong> para poder competir.&nbsp;<\/p>\n\n\n\n<p>Respecto a m\u00ed, vida sencilla y cada d\u00eda apreciando m\u00e1s los momentos que tengo con mis hijos, mi mujer y familia\/amigos. Por contar algo m\u00e1s personal, soy un apasionado de aprender a producir nuevas cosas.<\/p>\n\n\n\n<div style=\"height:16px\" aria-hidden=\"true\" class=\"wp-block-spacer\"><\/div>\n\n\n\n<p>&nbsp;<\/p>\n\n\n\n<hr class=\"wp-block-separator has-css-opacity\"\/>\n\n\n\n<h3 class=\"wp-block-heading\"><strong>\u00bfQu\u00e9 es <\/strong>GPTW <strong>y cu\u00e1l es su <\/strong>principal misi\u00f3n<strong>?<\/strong><\/h3>\n\n\n\n<div style=\"height:30px\" aria-hidden=\"true\" class=\"wp-block-spacer\"><\/div>\n\n\n\n<p>Es una consultora estrat\u00e9gica, centrada en la <strong>gesti\u00f3n de la cultura<\/strong> como <strong>principal activo de la compa\u00f1\u00eda.<\/strong> Nuestra misi\u00f3n es reconocer a los excelentes lugares para trabajar para que inspiren a otros a tener <strong>culturas m\u00e1s participativas, saludables<\/strong> y que <strong>generen corresponsabilidad<\/strong> en sus empleados.&nbsp;<\/p>\n\n\n\n<p>Es curioso porque mucha gente habla de <strong>culturas de transformaci\u00f3n<\/strong>, de <strong>bienestar<\/strong>, pero principalmente la convicci\u00f3n es racional, no emocional. Es decir, mucha gente lo comprende, est\u00e1 de acuerdo en que cuidar a los empleados, a las empleadas, es cr\u00edtico, pero pocos son los embajadores que cambian su agenda radicalmente y se ponen a ello.<\/p>\n\n\n\n<div style=\"height:30px\" aria-hidden=\"true\" class=\"wp-block-spacer\"><\/div>\n\n\n\n<h3 class=\"wp-block-heading\"><br><strong>\u00bfEn base a qu\u00e9 factores y\/o m\u00e9tricas eleg\u00eds a los \u201cBest Workplaces\u201d de cada a\u00f1o?<\/strong><\/h3>\n\n\n\n<div style=\"height:30px\" aria-hidden=\"true\" class=\"wp-block-spacer\"><\/div>\n\n\n\n<p>Se basa principalmente en el grado de <strong><a href=\"https:\/\/ifeelonline.com\/por-que-es-importante-la-satisfaccion-laboral\/\" data-type=\"post\" data-id=\"8882\">satisfacci\u00f3n de los empleados<\/a>.<\/strong> Nuestro diagn\u00f3stico contempla 2 fuentes de informaci\u00f3n, por un lado <strong>recogemos la opini\u00f3n de los empleados<\/strong> (Cuestionario Trust Index) y por otra parte <strong>analizamos las pol\u00edticas y pr\u00e1cticas de la empresa. <\/strong>Con ambas informaciones se obtiene una puntuaci\u00f3n, <strong>seleccionamos a las mejores<\/strong> entre todas las que <strong>han pasado la nota de corte<\/strong> (70% de Trust Index).<\/p>\n\n\n\n<div style=\"height:30px\" aria-hidden=\"true\" class=\"wp-block-spacer\"><\/div>\n\n\n\n<h3 class=\"wp-block-heading\"><strong>Como<em> Innovation and Cultural Transformation Director<\/em>, \u00bfqu\u00e9 tres tendencias consideras que van a marcar el 2023 a la hora de construir una s\u00f3lida cultura corporativa?&nbsp;<\/strong><br><\/h3>\n\n\n\n<div style=\"height:30px\" aria-hidden=\"true\" class=\"wp-block-spacer\"><\/div>\n\n\n\n<p>Estuve estudiando durante noviembre\/diciembre\/enero la <strong>estrategia de nuestros clientes y las tendencias <\/strong>que identifiqu\u00e9 fueron 7: <strong><a href=\"https:\/\/ifeelonline.com\/ebooks\/okr-recursos-humanos\/\" data-type=\"page\" data-id=\"10573\">OKR<\/a><\/strong>, el nuevo mantra de la<strong> gesti\u00f3n por objetivos<\/strong>; <a href=\"https:\/\/ifeelonline.com\/inteligencia-artificial-y-recursos-humanos\/\" data-type=\"post\" data-id=\"10762\">IA<\/a>, tenemos que prepararnos ahora y evitar desvinculaciones futuras; la <strong><a href=\"https:\/\/ifeelonline.com\/aumento-rotacion-laboral\/\" data-type=\"post\" data-id=\"10553\">rotaci\u00f3n<\/a><\/strong>, que se va a ver complicada con la inflaci\u00f3n; es la \u00e9poca de oro para el <a href=\"https:\/\/ifeelonline.com\/compromiso-laboral-con-la-empresa\/\" data-type=\"URL\" data-id=\"https:\/\/ifeelonline.com\/compromiso-laboral-con-la-empresa\/\">engagement<\/a>, es clave tener el objetivo: <strong>Ser un Great Place to Work\u00ae<\/strong><\/p>\n\n\n\n<p>Mirando m\u00e1s a la persona: <strong>Bienestar<\/strong> &amp; <a href=\"https:\/\/ifeelonline.com\/beneficios-sociales-para-empleados\/\" data-type=\"post\" data-id=\"8262\">Beneficios<\/a>, se necesita una inversi\u00f3n constante; <strong>DE&amp;I<\/strong>, abrazar la <a href=\"https:\/\/ifeelonline.com\/diversidad-en-las-empresas\/\" data-type=\"post\" data-id=\"8671\">diversidad<\/a> es el camino de la expresi\u00f3n del <a href=\"https:\/\/ifeelonline.com\/laboral-gestion-del-talento-empresas\/\" data-type=\"post\" data-id=\"3029\">talento<\/a> y por \u00faltimo <a href=\"https:\/\/ifeelonline.com\/conciliacion-familiar\/\" data-type=\"post\" data-id=\"7856\">conciliaci\u00f3n<\/a>, hay que ir m\u00e1s all\u00e1 del teletrabajo.<br><a href=\"https:\/\/hubspot-cta-redirect-eu1-prod.s3.amazonaws.com\/cta\/redirect\/24884594\/24ad36e8-17ea-4d3f-a2f3-029a721ce55e\" target=\"_blank\" rel=\"noopener\"><\/a><\/p>\n\n\n\n<h3 class=\"wp-block-heading\"><strong>Por primera vez vamos a trabajar mano a mano, ifeel y GPTW, en el premio especial <em>Better for People<\/em>, \u00bfen qu\u00e9 consiste este galard\u00f3n y qu\u00e9 relaci\u00f3n guarda con el bienestar del empleado?<\/strong><br><\/h3>\n\n\n\n<div style=\"height:30px\" aria-hidden=\"true\" class=\"wp-block-spacer\"><\/div>\n\n\n\n<p><strong>Estamos muy contentos de trabajar con ifeel<\/strong>, estos a\u00f1os hemos observado que sois un observatorio del mercado muy relevante, todo tiene que ver con el <a href=\"https:\/\/ifeelonline.com\/como-potenciar-el-bienestar-del-empleado\/\" data-type=\"post\" data-id=\"9256\">bienestar del empleado<\/a>. <strong>De la mano de ifeel y nuestra experiencia<\/strong> estamos dise\u00f1ando los criterios para <strong>seleccionar a las 3 mejores empresas.&nbsp;<\/strong><\/p>\n\n\n\n<div style=\"height:30px\" aria-hidden=\"true\" class=\"wp-block-spacer\"><\/div>\n\n\n\n<h3 class=\"wp-block-heading\"><strong>\u00bfQu\u00e9 ha supuesto para vosotros contar con ifeel como partner l\u00edder en bienestar emocional para empleados y organizaciones por segundo a\u00f1o consecutivo?<\/strong><br><\/h3>\n\n\n\n<div style=\"height:30px\" aria-hidden=\"true\" class=\"wp-block-spacer\"><\/div>\n\n\n\n<p><strong>Aprendizaje y evoluci\u00f3n.<\/strong> Nosotros somos <strong>expertos en la <a href=\"https:\/\/ifeelonline.com\/tenemos-una-cultura-empresarial-en-nuestra-empresa\/\" data-type=\"post\" data-id=\"5099\">cultura<\/a><\/strong>, principalmente en su dise\u00f1o, en las iniciativas a implementar y en el <strong>estilo de <a href=\"https:\/\/ifeelonline.com\/como-ser-un-buen-jefe-5-consejos-sobre-liderazgo\/\" data-type=\"post\" data-id=\"5049\">liderazgo<\/a><\/strong>. Ahora, <strong>con ifeel <\/strong>contamos con vosotros como especialistas en la <strong>mirada m\u00e1s personal del empleado.&nbsp;<\/strong><br><\/p>\n\n\n\n<div style=\"height:30px\" aria-hidden=\"true\" class=\"wp-block-spacer\"><\/div>\n\n\n\n<div style=\"height:0px\" aria-hidden=\"true\" class=\"wp-block-spacer\"><\/div>\n\n    <div class=\"xs_social_share_widget xs_share_url after_content \t\tmain_content  wslu-style-1 wslu-share-box-shaped wslu-fill-colored wslu-none wslu-share-horizontal wslu-theme-font-no wslu-main_content\">\n\n\t\t\n        <ul>\n\t\t\t        <\/ul>\n    <\/div> \n","protected":false},"excerpt":{"rendered":"<p>Jaime de Nardiz, Director de Transformaci\u00f3n Cultural en Great Place to work Llevo en Great Place to Work 8 a\u00f1os maravillosos, durante estos a\u00f1os hemos pasado por muchas etapas y sin duda alguna esta es una de las mejores. La gesti\u00f3n de personas ha cambiado mucho en estos a\u00f1os, los a\u00f1os 2017-18 las compa\u00f1\u00edas t\u00edmidamente [&hellip;]<\/p>\n","protected":false},"author":48,"featured_media":10990,"comment_status":"closed","ping_status":"open","sticky":false,"template":"","format":"standard","meta":{"content-type":"","postBodyCss":"","postBodyMargin":[],"postBodyPadding":[],"postBodyBackground":{"backgroundType":"classic","gradient":""},"footnotes":""},"categories":[494],"tags":[],"class_list":["post-10964","post","type-post","status-publish","format-standard","has-post-thumbnail","hentry","category-entrevistas-ifeel"],"_links":{"self":[{"href":"https:\/\/ifeelonline.com\/es\/wp-json\/wp\/v2\/posts\/10964","targetHints":{"allow":["GET"]}}],"collection":[{"href":"https:\/\/ifeelonline.com\/es\/wp-json\/wp\/v2\/posts"}],"about":[{"href":"https:\/\/ifeelonline.com\/es\/wp-json\/wp\/v2\/types\/post"}],"author":[{"embeddable":true,"href":"https:\/\/ifeelonline.com\/es\/wp-json\/wp\/v2\/users\/48"}],"replies":[{"embeddable":true,"href":"https:\/\/ifeelonline.com\/es\/wp-json\/wp\/v2\/comments?post=10964"}],"version-history":[{"count":0,"href":"https:\/\/ifeelonline.com\/es\/wp-json\/wp\/v2\/posts\/10964\/revisions"}],"wp:featuredmedia":[{"embeddable":true,"href":"https:\/\/ifeelonline.com\/es\/wp-json\/wp\/v2\/media\/10990"}],"wp:attachment":[{"href":"https:\/\/ifeelonline.com\/es\/wp-json\/wp\/v2\/media?parent=10964"}],"wp:term":[{"taxonomy":"category","embeddable":true,"href":"https:\/\/ifeelonline.com\/es\/wp-json\/wp\/v2\/categories?post=10964"},{"taxonomy":"post_tag","embeddable":true,"href":"https:\/\/ifeelonline.com\/es\/wp-json\/wp\/v2\/tags?post=10964"}],"curies":[{"name":"wp","href":"https:\/\/api.w.org\/{rel}","templated":true}]}}