{"id":10113,"date":"2025-06-27T11:13:10","date_gmt":"2025-06-27T10:13:10","guid":{"rendered":"https:\/\/ifeelonline.com\/?p=10113"},"modified":"2025-10-20T08:22:51","modified_gmt":"2025-10-20T07:22:51","slug":"presentismo-laboral","status":"publish","type":"post","link":"https:\/\/ifeelonline.com\/es\/salud-laboral\/presentismo-laboral\/","title":{"rendered":"\u00bfC\u00f3mo prevenir el presentismo laboral? 6 estrategias para empresas"},"content":{"rendered":"<div id=\"ez-toc-container\" class=\"ez-toc-v2_0_81 counter-hierarchy ez-toc-counter ez-toc-custom ez-toc-container-direction\">\n<div class=\"ez-toc-title-container\">\n<p class=\"ez-toc-title\" style=\"cursor:inherit\">Contenidos<\/p>\n<span class=\"ez-toc-title-toggle\"><a href=\"#\" class=\"ez-toc-pull-right ez-toc-btn ez-toc-btn-xs ez-toc-btn-default ez-toc-toggle\" aria-label=\"Toggle Table of Content\"><span class=\"ez-toc-js-icon-con\"><span class=\"\"><span class=\"eztoc-hide\" style=\"display:none;\">Toggle<\/span><span class=\"ez-toc-icon-toggle-span\"><svg style=\"fill: #51607e;color:#51607e\" xmlns=\"http:\/\/www.w3.org\/2000\/svg\" class=\"list-377408\" width=\"20px\" height=\"20px\" viewBox=\"0 0 24 24\" fill=\"none\"><path d=\"M6 6H4v2h2V6zm14 0H8v2h12V6zM4 11h2v2H4v-2zm16 0H8v2h12v-2zM4 16h2v2H4v-2zm16 0H8v2h12v-2z\" fill=\"currentColor\"><\/path><\/svg><svg style=\"fill: #51607e;color:#51607e\" class=\"arrow-unsorted-368013\" xmlns=\"http:\/\/www.w3.org\/2000\/svg\" width=\"10px\" height=\"10px\" viewBox=\"0 0 24 24\" version=\"1.2\" baseProfile=\"tiny\"><path d=\"M18.2 9.3l-6.2-6.3-6.2 6.3c-.2.2-.3.4-.3.7s.1.5.3.7c.2.2.4.3.7.3h11c.3 0 .5-.1.7-.3.2-.2.3-.5.3-.7s-.1-.5-.3-.7zM5.8 14.7l6.2 6.3 6.2-6.3c.2-.2.3-.5.3-.7s-.1-.5-.3-.7c-.2-.2-.4-.3-.7-.3h-11c-.3 0-.5.1-.7.3-.2.2-.3.5-.3.7s.1.5.3.7z\"\/><\/svg><\/span><\/span><\/span><\/a><\/span><\/div>\n<nav><ul class='ez-toc-list ez-toc-list-level-1 eztoc-toggle-hide-by-default' ><li class='ez-toc-page-1 ez-toc-heading-level-2'><a class=\"ez-toc-link ez-toc-heading-1\" href=\"https:\/\/ifeelonline.com\/es\/salud-laboral\/presentismo-laboral\/#%C2%BFQue_es_el_presentismo_laboral\" >\u00bfQu\u00e9 es el presentismo laboral?<\/a><\/li><li class='ez-toc-page-1 ez-toc-heading-level-2'><a class=\"ez-toc-link ez-toc-heading-2\" href=\"https:\/\/ifeelonline.com\/es\/salud-laboral\/presentismo-laboral\/#Analisis_del_presentismo_laboral_en_entornos_empresariales\" >An\u00e1lisis del presentismo laboral en entornos empresariales<\/a><\/li><li class='ez-toc-page-1 ez-toc-heading-level-2'><a class=\"ez-toc-link ez-toc-heading-3\" href=\"https:\/\/ifeelonline.com\/es\/salud-laboral\/presentismo-laboral\/#Nota_para_lideres_%F0%9F%94%8E\" >Nota para l\u00edderes \ud83d\udd0e<\/a><\/li><li class='ez-toc-page-1 ez-toc-heading-level-2'><a class=\"ez-toc-link ez-toc-heading-4\" href=\"https:\/\/ifeelonline.com\/es\/salud-laboral\/presentismo-laboral\/#El_coste_oculto_del_presentismo_laboral_en_la_empresa\" >El coste oculto del presentismo laboral en la empresa<\/a><\/li><li class='ez-toc-page-1 ez-toc-heading-level-2'><a class=\"ez-toc-link ez-toc-heading-5\" href=\"https:\/\/ifeelonline.com\/es\/salud-laboral\/presentismo-laboral\/#%C2%BFComo_prevenir_el_presentismo_laboral\" >\u00bfC\u00f3mo prevenir el presentismo laboral?<\/a><\/li><li class='ez-toc-page-1 ez-toc-heading-level-2'><a class=\"ez-toc-link ez-toc-heading-6\" href=\"https:\/\/ifeelonline.com\/es\/salud-laboral\/presentismo-laboral\/#Explora_el_impacto_real_de_ifeel_a_traves_de_nuestros_casos_de_estudio\" >Explora el impacto real de ifeel a trav\u00e9s de nuestros casos de estudio<\/a><\/li><li class='ez-toc-page-1 ez-toc-heading-level-2'><a class=\"ez-toc-link ez-toc-heading-7\" href=\"https:\/\/ifeelonline.com\/es\/salud-laboral\/presentismo-laboral\/#La_salud_mental_en_el_trabajo_uno_de_los_mayores_retos_de_las_organizaciones_empresariales_en_la_actualidad\" >La salud mental en el trabajo, uno de los mayores retos de las organizaciones empresariales en la actualidad<\/a><\/li><\/ul><\/nav><\/div>\n\n<p>\u00bfSab\u00edas que el <strong>presentismo laboral<\/strong> cuesta casi el doble que el absentismo a las empresas? Esto es real.&nbsp;<\/p>\n\n\n\n<p>En la era de la hiperconectividad y la cultura del<em> &#8220;siempre disponible&#8221;<\/em>, un fantasma silencioso acecha las oficinas de las grandes corporaciones: el presentismo laboral. Este fen\u00f3meno, que va m\u00e1s all\u00e1 de la simple presencia f\u00edsica en el trabajo, est\u00e1 <strong>erosionando la productividad y el bienestar de los empleados a un ritmo alarmante.<\/strong>&nbsp;<\/p>\n\n\n\n<p>Imagina a un profesional sentado frente a su computadora, aparentemente ocupado, pero en realidad luchando contra un dolor de cabeza persistente o la ansiedad provocada por problemas personales. Este escenario, multiplicado por miles de empleados en empresas con plantillas superiores a 1000 personas, se traduce en<strong> p\u00e9rdidas millonarias anuales que superan con creces el coste del absentismo tradicional.<\/strong><\/p>\n\n\n\n<h2 class=\"wp-block-heading\"><span class=\"ez-toc-section\" id=\"%C2%BFQue_es_el_presentismo_laboral\"><\/span>\u00bfQu\u00e9 es el presentismo laboral?<span class=\"ez-toc-section-end\"><\/span><\/h2>\n\n\n\n<p id=\"message\">El <strong>presentismo laboral<\/strong> se refiere a la pr\u00e1ctica de los empleados de acudir al trabajo, pero sin ser completamente productivos debido a problemas de salud f\u00edsica, mental o emocional. Este fen\u00f3meno va m\u00e1s all\u00e1 de la mera presencia f\u00edsica; implica una disminuci\u00f3n en la calidad y cantidad del trabajo realizado. Y, a diferencia del <a href=\"https:\/\/ifeelonline.com\/como-disminuir-el-absentismo-laboral\/\">absentismo laboral<\/a>, donde la ausencia es evidente, el presentismo es m\u00e1s dif\u00edcil de detectar porque los empleados est\u00e1n f\u00edsicamente presentes, pero su rendimiento est\u00e1 comprometido.<\/p>\n\n\n\n<p id=\"message\">Por ejemplo, un empleado que asiste al trabajo mientras lidia con ansiedad o agotamiento emocional puede parecer ocupado, pero su capacidad para tomar decisiones, innovar o colaborar se ve gravemente afectada. Este problema es especialmente preocupante en empresas con grandes plantillas, donde el impacto acumulativo del presentismo puede ser enorme.<\/p>\n\n\n\n<p>Seg\u00fan <a href=\"https:\/\/link.springer.com\/article\/10.1007\/s10198-008-0135-0\" target=\"_blank\" rel=\"noreferrer noopener\">investigaciones <\/a>recientes, <strong>el 62% de los trabajadores espa\u00f1oles admite ir a trabajar incluso cuando su rendimiento est\u00e1 afectado negativamente <\/strong>por problemas de salud relacionados con el trabajo. Esta estad\u00edstica alarmante subraya la magnitud del problema y la urgente necesidad de que <strong>las organizaciones tomen medidas inmediatas.<\/strong><\/p>\n\n\n\n<h3 class=\"wp-block-heading\">Consecuencias del presentismo laboral<\/h3>\n\n\n\n<p>El presentismo laboral no es un fen\u00f3meno que solo afecta a los empleados, sino tambi\u00e9n a la rentabilidad y sostenibilidad de las empresas. A continuaci\u00f3n, se presentan algunas de sus principales consecuencias:<\/p>\n\n\n\n<figure class=\"wp-block-table\"><table><thead><tr><th>Consecuencia<\/th><th>Descripci\u00f3n<\/th><\/tr><\/thead><tbody><tr><td><strong>Disminuci\u00f3n de productividad<\/strong><\/td><td>La presencia f\u00edsica sin un enfoque en resultados puede <strong>reducir la eficiencia.<\/strong><\/td><\/tr><tr><td><strong>P\u00e9rdida de creatividad<\/strong><\/td><td>La rigidez en horarios y tareas<strong> limita la innovaci\u00f3n<\/strong> y el pensamiento creativo.<\/td><\/tr><tr><td><strong>Accidentes laborales<\/strong><\/td><td>El estr\u00e9s y la falta de atenci\u00f3n pueden <strong>aumentar el riesgo de accidentes.<\/strong><\/td><\/tr><tr><td><strong>Problemas legales<\/strong><\/td><td>Conflictos interpersonales pueden derivar en acoso o violencia laboral.<\/td><\/tr><tr><td><strong>Coste econ\u00f3mico elevado<\/strong><\/td><td>El <strong>coste <\/strong>del presentismo <strong>puede ser superior <\/strong>al de bajas por problemas de salud.<\/td><\/tr><tr><td><strong>Impacto en el bienestar<\/strong><\/td><td>El enfoque en la presencia f\u00edsica afecta negativamente la salud mental de los empleados.<\/td><\/tr><\/tbody><\/table><\/figure>\n\n\n\n<h2 class=\"wp-block-heading\"><span class=\"ez-toc-section\" id=\"Analisis_del_presentismo_laboral_en_entornos_empresariales\"><\/span>An\u00e1lisis del presentismo laboral en entornos empresariales<span class=\"ez-toc-section-end\"><\/span><\/h2>\n\n\n\n<p>El presentismo laboral debe evaluarse bajo criterios de eficiencia que beneficien tanto a los empleados como a las organizaciones. La presencia f\u00edsica de los trabajadores, ya sea en la oficina o en un entorno remoto, deber\u00eda ser considerada como un medio estrat\u00e9gico para alcanzar objetivos empresariales. Este enfoque <strong>debe estar orientado a mejorar el rendimiento<\/strong> de los empleados sin comprometer su bienestar ni causar un desgaste excesivo.<\/p>\n\n\n\n<p>Cuando se distorsionan estos criterios de eficiencia, la presencia f\u00edsica del trabajador se transforma en un fin en s\u00ed mismo, en lugar de como un medio para alcanzar objetivos. Es entonces cuando se produce un desgaste tanto en la productividad como en el bienestar psicol\u00f3gico de los equipos. <\/p>\n\n\n\n<p>Esto se traduce en una <strong>exigencia de estar presente constantemente, sin importar el impacto real <\/strong>en la productividad de la empresa ni en el bienestar psicol\u00f3gico del empleado. Tal enfoque puede perjudicar la <a href=\"https:\/\/ifeelonline.com\/motivacion-laboral\/\">motivaci\u00f3n<\/a> y dificultar la <a href=\"https:\/\/ifeelonline.com\/conciliacion-familiar\/\">conciliaci\u00f3n <\/a>entre el trabajo y otras \u00e1reas de la vida personal.<\/p>\n\n\n\n<p>Por lo tanto, es esencial que las empresas adopten un <strong>enfoque equilibrado<\/strong>, donde la presencia f\u00edsica se alinee con la mejora del rendimiento <a href=\"https:\/\/ifeelonline.com\/mejor-plataforma-de-bienestar-para-empresas\/\" data-type=\"post\" data-id=\"9138\">(<strong>bienestar de la empresa<\/strong><\/a>) y la salud integral del trabajador, <strong>garantizando as\u00ed un entorno laboral sostenible y productivo.<\/strong><\/p>\n\n\n\n<h3 class=\"wp-block-heading\">Causas del presentismo laboral <\/h3>\n\n\n\n<p id=\"message\">El <strong>presentismo laboral<\/strong> es un fen\u00f3meno complejo que surge de una combinaci\u00f3n de factores culturales, organizativos y personales. A menudo, est\u00e1 impulsado por creencias y pr\u00e1cticas profundamente arraigadas en las empresas, que priorizan la presencia f\u00edsica sobre la productividad real. Estas son las principales causas detr\u00e1s de este problema:<\/p>\n\n\n\n<ol class=\"wp-block-list\">\n<li><strong>La cultura del &#8220;siempre disponible&#8221;<\/strong>: Muchas organizaciones fomentan una mentalidad donde estar f\u00edsicamente presente en el lugar de trabajo se percibe como sin\u00f3nimo de compromiso y rendimiento. Esto lleva a los empleados a permanecer en sus puestos incluso cuando su salud f\u00edsica o mental est\u00e1 comprometida, perpetuando jornadas extensas y horarios r\u00edgidos que no siempre reflejan una carga de trabajo real.<br><br><\/li>\n\n\n\n<li><strong>La falsa relaci\u00f3n entre horas trabajadas y productividad<\/strong>: Existe una creencia err\u00f3nea de que trabajar m\u00e1s horas garantiza mejores resultados. Sin embargo, estudios han demostrado que la productividad disminuye cuando los empleados est\u00e1n agotados o desmotivados. En lugar de centrarse en los resultados, muchas empresas caen en la trampa de medir el rendimiento por el tiempo que los empleados pasan en sus escritorios.<br><br><\/li>\n\n\n\n<li><strong>Falta de pol\u00edticas de bienestar<\/strong>: La ausencia de programas que prioricen la salud mental y f\u00edsica de los empleados agrava el problema. Sin acceso a herramientas de apoyo, como las que ofrece <strong>ifeel<\/strong>, los trabajadores no cuentan con los recursos necesarios para gestionar el estr\u00e9s, la ansiedad o el agotamiento, lo que los lleva a presentarse al trabajo en condiciones sub\u00f3ptimas.<br><br><\/li>\n\n\n\n<li><strong>Estructuras organizativas r\u00edgidas<\/strong>: Las empresas que exigen el cumplimiento estricto de horarios fijos, independientemente de la carga de trabajo, generan un entorno inflexible que dificulta la adaptaci\u00f3n a las necesidades cambiantes de los empleados y de la organizaci\u00f3n. Esto no solo afecta la moral del equipo, sino que tambi\u00e9n limita la capacidad de innovar y optimizar recursos.<br><br><\/li>\n\n\n\n<li><strong>Miedo a represalias o estigmatizaci\u00f3n<\/strong>: En muchas culturas corporativas, los empleados temen que ausentarse, incluso por razones leg\u00edtimas de salud, sea percibido como una falta de compromiso. Este miedo a represalias o a ser etiquetados como &#8220;poco profesionales&#8221; los empuja a acudir al trabajo, aunque no est\u00e9n en condiciones de rendir al m\u00e1ximo. <br><br><\/li>\n<\/ol>\n\n\n\n<div class=\"wp-block-group tu-clase-de-bloque has-background is-layout-constrained wp-block-group-is-layout-constrained\" style=\"background-color:#1b4291\">\n<h2 class=\"wp-block-heading has-text-color has-link-color wp-elements-1dcf58a6b6ce8a9bf09b2e2b930eceef\" style=\"color:#ffa593\"><span class=\"ez-toc-section\" id=\"Nota_para_lideres_%F0%9F%94%8E\"><\/span>Nota para l\u00edderes \ud83d\udd0e<span class=\"ez-toc-section-end\"><\/span><\/h2>\n\n\n\n<p class=\"has-white-color has-text-color has-link-color wp-elements-164ea28e0dfe47c5bdbab46bb3e2387e\">El presentismo se ha convertido en un desaf\u00edo silencioso que afecta la productividad y la moral de los equipos. Como l\u00edder, es esencial reconocer que<strong> estar presente f\u00edsicamente no siempre equivale a estar productivo. <\/strong>Fomentar un ambiente de trabajo donde la salud mental y f\u00edsica sea una prioridad puede reducir el presentismo.<\/p>\n\n\n\n<p class=\"has-white-color has-text-color has-link-color wp-elements-112df30146ac633dc5d260a358854719\">Esto implica promover pol\u00edticas de trabajo flexible y bienestar que permitan a los empleados recuperarse y rendir al m\u00e1ximo. Al abordar el presentismo, no solo se mejora la eficiencia, sino<strong> que tambi\u00e9n se construye una cultura de confianza y compromiso, impulsando el \u00e9xito organizacional.<\/strong><\/p>\n<\/div>\n\n\n\n<h2 class=\"wp-block-heading\"><span class=\"ez-toc-section\" id=\"El_coste_oculto_del_presentismo_laboral_en_la_empresa\"><\/span>El coste oculto del presentismo laboral en la empresa<span class=\"ez-toc-section-end\"><\/span><\/h2>\n\n\n\n<p>El presentismo laboral, aunque a menudo pasado por alto, representa un desaf\u00edo econ\u00f3mico m\u00e1s significativo que el absentismo. Este hecho ha sido demostrado por las investigaciones, que indican que <strong>el coste anual del presentismo en Espa\u00f1a es 1,5 veces mayor que el del absentismo laboral<\/strong>, lo que plantea una pregunta crucial: \u00bfEs el presentismo el nuevo absentismo laboral?<\/p>\n\n\n\n<p>Y es que, a diferencia del absentismo, que es f\u00e1cilmente detectable y cuantificable, el presentismo se oculta bajo <strong>una apariencia de normalidad en la oficina<\/strong>. Los empleados est\u00e1n f\u00edsicamente presentes, pero su productividad se ve mermada por factores como problemas de salud o estr\u00e9s, <strong>que pasan desapercibidos.<\/strong> Esta invisibilidad permite que el presentismo erosione silenciosamente la eficiencia y el rendimiento empresarial, convirti\u00e9ndose en un desaf\u00edo m\u00e1s complejo y potencialmente m\u00e1s da\u00f1ino que el absentismo.<\/p>\n\n\n\n<p>Se <a href=\"https:\/\/www2.deloitte.com\/uk\/en\/pages\/consulting\/articles\/mental-health-and-employers-refreshing-the-case-for-investment.html\" target=\"_blank\" rel=\"noreferrer noopener\">estima<\/a> que el coste econ\u00f3mico del presentismo laboral es <strong>cuatro veces superior al de las bajas relacionadas con problemas de salud mental y tres veces m\u00e1s que el coste de reemplazar a estos empleados. <\/strong>Estas consecuencias subrayan la importancia de prevenir el presentismo para mejorar el bienestar de los empleados y el rendimiento organizacional. <\/p>\n\n\n\n<p>Por esta raz\u00f3n, las empresas que deseen <strong>optimizar su eficiencia <\/strong>deben prestar atenci\u00f3n a este patr\u00f3n organizacional y buscar estrategias para mitigarlo.&nbsp;<\/p>\n\n\n\n<figure class=\"wp-block-image aligncenter size-large is-resized\"><a href=\"https:\/\/ifeelonline.com\/entrevistas-ifeel-2024\/entrevista-hyatt\/\"><img loading=\"lazy\" decoding=\"async\" width=\"1024\" height=\"1024\" src=\"https:\/\/ifeelonline.com\/wp-content\/uploads\/2023\/02\/ES_-Hyatt-HR-Interview_4-1024x1024.jpg\" alt=\"\" class=\"wp-image-15794\" style=\"width:506px;height:auto\" srcset=\"https:\/\/ifeelonline.com\/es\/wp-content\/uploads\/2023\/02\/ES_-Hyatt-HR-Interview_4-1024x1024.jpg 1024w, https:\/\/ifeelonline.com\/es\/wp-content\/uploads\/2023\/02\/ES_-Hyatt-HR-Interview_4-300x300.jpg 300w, https:\/\/ifeelonline.com\/es\/wp-content\/uploads\/2023\/02\/ES_-Hyatt-HR-Interview_4-150x150.jpg 150w, https:\/\/ifeelonline.com\/es\/wp-content\/uploads\/2023\/02\/ES_-Hyatt-HR-Interview_4-768x768.jpg 768w, https:\/\/ifeelonline.com\/es\/wp-content\/uploads\/2023\/02\/ES_-Hyatt-HR-Interview_4-1536x1536.jpg 1536w, https:\/\/ifeelonline.com\/es\/wp-content\/uploads\/2023\/02\/ES_-Hyatt-HR-Interview_4.jpg 1632w\" sizes=\"auto, (max-width: 1024px) 100vw, 1024px\" \/><\/a><\/figure>\n\n\n\n<h2 class=\"wp-block-heading\"><span class=\"ez-toc-section\" id=\"%C2%BFComo_prevenir_el_presentismo_laboral\"><\/span>\u00bfC\u00f3mo prevenir el presentismo laboral?<span class=\"ez-toc-section-end\"><\/span><\/h2>\n\n\n\n<p>Para abordar eficazmente el presentismo laboral, las organizaciones deben implementar <strong>estrategias integrales que prioricen el bienestar de los empleados<\/strong>. Algunas medidas efectivas incluyen:<\/p>\n\n\n\n<h3 class=\"wp-block-heading\">1. Optimizaci\u00f3n de la organizaci\u00f3n del trabajo<\/h3>\n\n\n\n<p>Aunque el presentismo laboral puede parecer un medio para alcanzar objetivos como mejorar el rendimiento, ganar reconocimiento profesional o evitar responsabilidades externas, su<strong> impacto negativo<\/strong> en el <a href=\"https:\/\/ifeelonline.com\/como-potenciar-el-bienestar-del-empleado\/\">bienestar de empleados y empresas<\/a> es significativo.<\/p>\n\n\n\n<p>Para prevenir esta din\u00e1mica, es esencial <strong>reestructurar la organizaci\u00f3n de tareas y reuniones, <\/strong>minimizando la necesidad de presencia f\u00edsica. Al eliminar distracciones y optimizar el tiempo, se puede<strong> fomentar una <a href=\"https:\/\/ifeelonline.com\/tenemos-una-cultura-empresarial-en-nuestra-empresa\/\">cultura empresarial <\/a>que desincentive el presentismo<\/strong>.<\/p>\n\n\n\n<h3 class=\"wp-block-heading\">2. Foco en los resultados<\/h3>\n\n\n\n<p>El presentismo laboral a menudo surge cuando los empleados se centran m\u00e1s en cumplir horarios r\u00edgidos que en completar sus tareas asignadas. Para combatir este problema, las empresas deben pr<strong>omover un enfoque centrado en los resultados, donde el tiempo y los recursos se utilicen eficazmente para cumplir con las responsabilidades laborales.<\/strong> Este cambio de perspectiva puede ayudar a reducir el presentismo y mejorar la productividad.&nbsp;<\/p>\n\n\n\n<h3 class=\"wp-block-heading\">3. Reconocimiento de la eficiencia<\/h3>\n\n\n\n<p>El presentismo persiste en parte<strong> porque se recompensa la mera presencia en el puesto de trabajo<\/strong>. Las empresas deben cambiar esta mentalidad, reconociendo y valorando la eficiencia y el uso \u00f3ptimo de los recursos por parte de los empleados. Al <strong>premiar la calidad del trabajo y no solo la cantidad de horas presentes<\/strong>, se puede disminuir el presentismo y fomentar un ambiente laboral m\u00e1s saludable.&nbsp;<\/p>\n\n\n\n<h3 class=\"wp-block-heading\">4. Flexibilidad en el formato de trabajo<\/h3>\n\n\n\n<p>La experiencia reciente con el teletrabajo ha demostrado que la eficacia no depende de la presencia f\u00edsica ni de horarios inflexibles. Las empresas que buscan prevenir los efectos negativos del presentismo, como parte de los <a href=\"https:\/\/ifeelonline.com\/riesgos-psicosociales-en-el-trabajo\/\">riesgos psicosociales,<\/a> deben <strong>implementar formatos de trabajo flexibles.<\/strong> Esta adaptabilidad no solo mejora la eficiencia, sino que tambi\u00e9n contribuye al<strong> bienestar general de los empleados.<\/strong><\/p>\n\n\n\n<blockquote class=\"wp-block-quote has-text-align-center is-layout-flow wp-block-quote-is-layout-flow\">\n<p>Descarga nuestra <a href=\"https:\/\/ifeelonline.com\/ebooks\/plantilla-riesgos-psicosociales-en-el-trabajo\/?partner=ifeel_internLinkPost\">plantilla de Factores de Riesgo Psicosocial <\/a>para <strong>prevenir problemas de salud mental en el trabajo<\/strong>. Con el respaldo de nuestros expertos, identificar\u00e1s y abordar\u00e1s eficientemente estos riesgos, promoviendo el bienestar de tus empleados y la productividad de tu empresa. \u00a1Desc\u00e1rgala ahora y mejora tu ambiente laboral!<\/p>\n<\/blockquote>\n\n\n\n<h3 class=\"wp-block-heading\">5. Fomentar una cultura positiva en el lugar de trabajo<\/h3>\n\n\n\n<p>Crear un ambiente donde los empleados se sientan valorados y apoyados es fundamental. Esto implica promover la comunicaci\u00f3n abierta y <strong>establecer pol\u00edticas que demuestren un compromiso genuino<\/strong> con el bienestar de los trabajadores.<\/p>\n\n\n\n<p>Adicionalmente, las organizaciones deben crear espacios seguros donde los empleados puedan discutir abiertamente sus preocupaciones sin temor a repercusiones. Para ello, se deben utilizar herramientas y tecnolog\u00edas que permitan <strong>identificar y abordar los problemas de salud mental de manera proactiva.<\/strong> Esto puede incluir soluciones de bienestar digital y programas de apoyo psicol\u00f3gico<\/p>\n\n\n\n<blockquote class=\"wp-block-quote has-text-align-center is-layout-flow wp-block-quote-is-layout-flow\">\n<p>Desde ifeel, hemos dise\u00f1ado un <a href=\"https:\/\/ifeelonline.com\/ebooks\/cultura-positiva\/?partner=ifeel_internLinkPost\" target=\"_blank\" rel=\"noreferrer noopener\">recurso imprescindible para fomentar una cultura positiva en tu equipo<\/a>. Descubre estrategias efectivas para mejorar el ambiente laboral y potenciar el bienestar de tus trabajadores. \u00a1No te lo pierdas y desc\u00e1rgalo gratis ahora!<\/p>\n<\/blockquote>\n\n\n\n<h3 class=\"wp-block-heading\" id=\"message\"><strong>6. Implementaci\u00f3n de soluciones de bienestar mental<\/strong><\/h3>\n\n\n\n<p>Las soluciones de salud mental son clave para reducir y prevenir el presentismo laboral porque abordan directamente su causa ra\u00edz: el bienestar emocional y psicol\u00f3gico de los empleados. Al ofrecer herramientas como terapia personalizada, evaluaciones de riesgo y programas de apoyo continuo, estas soluciones <strong>ayudan a los trabajadores a gestionar problemas como el estr\u00e9s, la ansiedad o el agotamiento, que suelen ser los principales impulsores del presentismo laboral. <\/strong><\/p>\n\n\n\n<p>De esta manera, al mejorar su salud mental, los empleados no solo recuperan su capacidad para rendir al m\u00e1ximo, sino que tambi\u00e9n se sienten m\u00e1s valorados y apoyados, <strong>lo que fomenta un entorno laboral m\u00e1s saludable y productivo.<\/strong><\/p>\n\n\n\n<p>En este sentido, <a href=\"https:\/\/ifeelonline.com\/es\/implementacion\/\">ifeel es una soluci\u00f3n integral <\/a>de salud mental dise\u00f1ada espec\u00edficamente para empresas con grandes plantillas que buscan mejorar el bienestar de sus empleados y optimizar su rendimiento organizacional. Gracias a su enfoque basado en datos y una red de m\u00e1s de 600 psic\u00f3logos certificados, ifeel permite a las organizaciones abordar de manera proactiva los desaf\u00edos relacionados con la salud mental. Entre sus principales beneficios destacan:<\/p>\n\n\n\n<ul class=\"wp-block-list\">\n<li><strong>Fomentar una cultura de bienestar<\/strong>: A trav\u00e9s de talleres y contenidos psicoeducativos, ifeel ayuda a normalizar las conversaciones sobre salud mental, promoviendo un entorno laboral m\u00e1s saludable y emp\u00e1tico.<br><\/li>\n\n\n\n<li><span style=\"box-sizing: border-box; margin: 0px; padding: 0px;\"><a href=\"https:\/\/ifeelonline.com\/salud-laboral\/reducir-costes-en-rrhh\/\" target=\"_blank\"><strong>Reducir costes<\/strong>:<\/a>\u00a0Identificar y tratar a tiempo casos de alto riesgo puede generar ahorros significativos, estimados entre <strong>\u20ac15.000 y \u20ac50.000<\/strong> por caso.<\/span><br><\/li>\n\n\n\n<li><strong>Mejorar la productividad<\/strong>: Al proporcionar apoyo emocional y psicol\u00f3gico, los empleados recuperan su capacidad para rendir al m\u00e1ximo, lo que impacta positivamente en los resultados de la empresa.<br><\/li>\n<\/ul>\n\n\n\n<p>Adem\u00e1s, <a href=\"https:\/\/ifeelonline.com\/es\/ebooks\/innovacion-digital-en-salud-mental\/\">a diferencia de los PAE tradicionales<\/a>, ifeel ofrece herramientas innovadoras como:<\/p>\n\n\n\n<ul class=\"wp-block-list\">\n<li><strong>Evaluaciones de riesgo en tiempo real<\/strong> para detectar casos de presentismo y otros problemas relacionados.<\/li>\n\n\n\n<li><strong>Terapia personalizada<\/strong> adaptada al nivel de riesgo de cada empleado (bajo, medio o alto).<\/li>\n\n\n\n<li><strong>Programas preventivos<\/strong> que incluyen talleres y contenidos dise\u00f1ados para evitar que los problemas de salud mental se conviertan en barreras para el desempe\u00f1o.<\/li>\n<\/ul>\n\n\n\n<p>Con su plataforma escalable y personalizada, ifeel no solo mejora el bienestar individual, sino que tambi\u00e9n impulsa una cultura organizacional sostenible y orientada al \u00e9xito.<\/p>\n\n\n\n<h2 class=\"wp-block-heading\"><span class=\"ez-toc-section\" id=\"Explora_el_impacto_real_de_ifeel_a_traves_de_nuestros_casos_de_estudio\"><\/span>Explora el impacto real de ifeel a trav\u00e9s de nuestros casos de estudio<span class=\"ez-toc-section-end\"><\/span><\/h2>\n\n\n\n<p>Para conocer en profundidad c\u00f3mo ifeel ha <strong>transformado el bienestar mental en diferentes organizaciones y sectores<\/strong>, te invitamos a descargar el resto de <a href=\"https:\/\/ifeelonline.com\/es\/ebooks\/#casosdeexito\">nuestros casos de estudio<\/a>, que detallan experiencias reales, resultados cl\u00ednicos y financieros, y las estrategias personalizadas que hemos implementado para maximizar el impacto en la salud emocional y la productividad de los equipos.\u00a0<\/p>\n\n\n\n<p>Descubre c\u00f3mo empresas l\u00edderes en sectores como <a href=\"https:\/\/ifeelonline.com\/es\/ebooks\/caso-de-estudio-salud-mental-en-el-sector-farmaceutico\/\"><strong>farmac\u00e9uticas<\/strong><\/a><strong>, <\/strong><a href=\"https:\/\/ifeelonline.com\/es\/ebooks\/caso-de-estudio-salud-mental-en-el-ambito-financiero\/\"><strong>finanzas<\/strong><\/a><strong>, <\/strong><a href=\"https:\/\/ifeelonline.com\/es\/salud-mental-en-la-industria-de-la-automocion-un-caso-de-estudio\/\"><strong>automoci\u00f3n<\/strong><\/a><strong>, <\/strong><a href=\"https:\/\/ifeelonline.com\/es\/ebooks\/la-solucion-definitiva-para-la-salud-mental-en-el-sector-retail\/\"><strong>retail<\/strong><\/a><strong>, <\/strong><a href=\"https:\/\/ifeelonline.com\/es\/ebooks\/transformando-la-salud-mental-en-la-industria-hotelera\/\"><strong>hosteler\u00eda<\/strong><\/a><strong>, tecnolog\u00eda y energ\u00eda<\/strong> han logrado reducir el absentismo, mejorar el compromiso y potenciar una cultura organizacional saludable gracias a nuestra soluci\u00f3n integral.&nbsp;<\/p>\n\n\n\n<p>No pierdas la oportunidad de inspirarte con estos ejemplos y llevar el bienestar mental a otro nivel en tu organizaci\u00f3n.<\/p>\n\n\n\n<h2 class=\"wp-block-heading\"><span class=\"ez-toc-section\" id=\"La_salud_mental_en_el_trabajo_uno_de_los_mayores_retos_de_las_organizaciones_empresariales_en_la_actualidad\"><\/span><strong>La salud mental en el trabajo, uno de los mayores retos de las organizaciones empresariales en la actualidad<\/strong><span class=\"ez-toc-section-end\"><\/span><\/h2>\n\n\n\n<p>Desde\u00a0<strong><a href=\"https:\/\/ifeelonline.com\/es\/como-funciona\/\">ifeel<\/a>,\u00a0<\/strong>creemos que <strong>la responsabilidad y la profesionalidad<\/strong> no implican necesariamente estar atacados a una silla tanto si trabajamos como si puntualmente no tenemos tareas que resolver. La productividad sostenible tambi\u00e9n significa que <strong>empleamos nuestro tiempo, concentraci\u00f3n y talento de manera inteligente<\/strong>, sin malgastarlos ni desgastarlos.\u00a0\u00a0<\/p>\n\n\n\n<p><strong>Nuestro <a href=\"https:\/\/ifeelonline.com\/es\/nuestra-metodologia\/\">equipo cl\u00ednico<\/a> brinda a las compa\u00f1\u00edas l\u00edderes en su sector una\u00a0<a href=\"https:\/\/ifeelonline.com\/como-funciona-ifeel-bienestar-laboral\/\">soluci\u00f3n din\u00e1mica, escalable y totalmente personalizada,<\/a>\u00a0potenciada por la IA.<\/strong>\u00a0Contamos con una estrategia y un enfoque <a href=\"https:\/\/ifeelonline.com\/es\/nuestro-departamento-de-investigacion-clinica\/\">basados en datos clave,<\/a> para ayudar a las organizaciones con presencia global a abordar uno de los mayores desaf\u00edos empresariales de la actualidad: la salud mental en el trabajo.<\/p>\n\n\n\n<p>Nuestra soluci\u00f3n de salud mental para empresas emplea&nbsp;<strong>pr\u00e1cticas basadas en la evidencia y m\u00e9todos innovadores,<\/strong>&nbsp;respaldados por la investigaci\u00f3n m\u00e1s reciente y una red de m\u00e1s de 600 profesionales de la salud mental. \u00bfTe gustar\u00eda saber m\u00e1s sobre nuestro&nbsp;<a href=\"https:\/\/ifeelonline.com\/nuestro-departamento-de-investigacion-clinica\/\">Departamento de Investigaci\u00f3n Cl\u00ednica<\/a>?&nbsp; No te olvides de visitar esta secci\u00f3n para mantenerte siempre informado sobre los \u00faltimos estudios e investigaciones en salud mental dentro de los entornos corporativos.<\/p>\n\n\n\n<p>\u200b\u200bEsperamos que este post sobre&nbsp;el <strong>presentismo laboral<\/strong>,<strong>&nbsp;<\/strong>te haya resultado interesante.<\/p>\n\n\n\n<p>Si deseas obtener m\u00e1s informaci\u00f3n sobre el\u00a0<strong><a href=\"https:\/\/ifeelonline.com\/es\/ebooks\/roi-soluciones-de-salud-mental-a-medida\/\">ROI de nuestra soluci\u00f3n personalizada<\/a> de salud mental para empresas<\/strong>,\u00a0<a href=\"https:\/\/ifeelonline.com\/solicitar-demo\/\">simplemente solic\u00edtalo aqu\u00ed\u00a0<\/a>y nuestro equipo realizar\u00e1 un c\u00e1lculo adaptado a las caracter\u00edsticas espec\u00edficas de tu empresa.<\/p>\n\n    <div class=\"xs_social_share_widget xs_share_url after_content \t\tmain_content  wslu-style-1 wslu-share-box-shaped wslu-fill-colored wslu-none wslu-share-horizontal wslu-theme-font-no wslu-main_content\">\n\n\t\t\n        <ul>\n\t\t\t        <\/ul>\n    <\/div> \n","protected":false},"excerpt":{"rendered":"<p>\u00bfSab\u00edas que el presentismo laboral cuesta casi el doble que el absentismo a las empresas? Esto es real.&nbsp; En la era de la hiperconectividad y la cultura del &#8220;siempre disponible&#8221;, un fantasma silencioso acecha las oficinas de las grandes corporaciones: el presentismo laboral. Este fen\u00f3meno, que va m\u00e1s all\u00e1 de la simple presencia f\u00edsica en [&hellip;]<\/p>\n","protected":false},"author":62,"featured_media":15860,"comment_status":"closed","ping_status":"open","sticky":false,"template":"","format":"standard","meta":{"content-type":"","postBodyCss":"","postBodyMargin":[],"postBodyPadding":[],"postBodyBackground":{"backgroundType":"classic","gradient":""},"footnotes":""},"categories":[311,471],"tags":[],"class_list":["post-10113","post","type-post","status-publish","format-standard","has-post-thumbnail","hentry","category-salud-laboral","category-estres-laboral"],"_links":{"self":[{"href":"https:\/\/ifeelonline.com\/es\/wp-json\/wp\/v2\/posts\/10113","targetHints":{"allow":["GET"]}}],"collection":[{"href":"https:\/\/ifeelonline.com\/es\/wp-json\/wp\/v2\/posts"}],"about":[{"href":"https:\/\/ifeelonline.com\/es\/wp-json\/wp\/v2\/types\/post"}],"author":[{"embeddable":true,"href":"https:\/\/ifeelonline.com\/es\/wp-json\/wp\/v2\/users\/62"}],"replies":[{"embeddable":true,"href":"https:\/\/ifeelonline.com\/es\/wp-json\/wp\/v2\/comments?post=10113"}],"version-history":[{"count":0,"href":"https:\/\/ifeelonline.com\/es\/wp-json\/wp\/v2\/posts\/10113\/revisions"}],"wp:featuredmedia":[{"embeddable":true,"href":"https:\/\/ifeelonline.com\/es\/wp-json\/wp\/v2\/media\/15860"}],"wp:attachment":[{"href":"https:\/\/ifeelonline.com\/es\/wp-json\/wp\/v2\/media?parent=10113"}],"wp:term":[{"taxonomy":"category","embeddable":true,"href":"https:\/\/ifeelonline.com\/es\/wp-json\/wp\/v2\/categories?post=10113"},{"taxonomy":"post_tag","embeddable":true,"href":"https:\/\/ifeelonline.com\/es\/wp-json\/wp\/v2\/tags?post=10113"}],"curies":[{"name":"wp","href":"https:\/\/api.w.org\/{rel}","templated":true}]}}