{"id":35,"date":"2023-01-30T15:26:50","date_gmt":"2023-01-30T15:26:50","guid":{"rendered":"https:\/\/ifeelonline.com\/de\/?p=35"},"modified":"2023-01-30T15:26:51","modified_gmt":"2023-01-30T15:26:51","slug":"wie-koennen-wir-bei-der-arbeit-unsere-psychische-gesundheit-pflegen","status":"publish","type":"post","link":"https:\/\/ifeelonline.com\/de\/wie-koennen-wir-bei-der-arbeit-unsere-psychische-gesundheit-pflegen\/","title":{"rendered":"Wie k\u00f6nnen wir bei der Arbeit unsere psychische Gesundheit pflegen?"},"content":{"rendered":"\n<p>Anl\u00e4sslich des <strong>Welttages der psychischen Gesundheit<\/strong> am 10. Oktober gibt es zahlreiche Sensibilisierungskampagnen dar\u00fcber, wie wichtig es ist, sich um den Teil von uns zu k\u00fcmmern, der nicht sichtbar ist, von dem aber unser Wohlbefinden in hohem Ma\u00dfe abh\u00e4ngt: unseren Geist.<\/p>\n\n\n\n<p>Im Jahr 2022 j\u00e4hrte sich diese Feier zum 25. Mal und es lassen sich viele Fortschritte in verschiedenen Richtungen erkennen: Verbesserung der psychischen Gesundheitsversorgung, Bedeutung der Gesundheit von Pflegekr\u00e4ften, gr\u00f6\u00dferes Angebot an psychologischen Pflegediensten&#8230;&nbsp;<\/p>\n\n\n\n<p>Es bleibt jedoch noch einiges zu tun. Was geschieht zum Beispiel <strong>am Arbeitsplatz<\/strong>, wenn psychische Probleme auftreten?&nbsp;<\/p>\n\n\n\n<p>Wenn wir ein k\u00f6rperliches Problem h\u00e4tten, w\u00fcrden wir nicht z\u00f6gern, unseren Chef um ein paar Tage Erholung zu bitten, aber wenn das Problem mit blo\u00dfem Auge nicht erkennbar ist, f\u00e4llt es uns etwas schwerer, dar\u00fcber zu sprechen. Mit anderen Worten: Probleme im Zusammenhang mit unserer psychischen Gesundheit sind immer noch mit einem gewissen Stigma behaftet, und es ist die Aufgabe aller, dagegen anzuk\u00e4mpfen. Zu diesem Zweck bieten wir Ihnen einige Ratschl\u00e4ge an.<\/p>\n\n\n\n<h2 class=\"wp-block-heading\"><strong>Was k\u00f6nnen wir als Arbeitnehmer tun?<\/strong><\/h2>\n\n\n\n<p><strong>Wir m\u00fcssen in uns gehen<\/strong> oder, anders gesagt, unsere Symptome erkennen. Wir m\u00fcssen uns bewusst machen, dass Antriebsschw\u00e4che und Lustlosigkeit oft ein Symptom daf\u00fcr sind, dass etwas nicht stimmt. Es ist auch wichtig zu wissen, dass unsere Sorgen oft Auswirkungen auf unseren K\u00f6rper haben, unter anderem in Form von Muskelschmerzen, Kopfschmerzen und Schlafproblemen.&nbsp;<\/p>\n\n\n\n<p><strong>Dar\u00fcber sprechen<\/strong>. Anderen mitzuteilen, was in einem vorgeht, f\u00e4llt oft sehr schwer. Am Arbeitsplatz, mit Kollegen, Freunden und der Familie dar\u00fcber zu sprechen, ist eine kleine Geste, die uns dabei hilft, uns von der Last zu befreien.&nbsp;&nbsp;<\/p>\n\n\n\n<p><strong>Um Hilfe bitten, anstatt Probleme zu ignorieren<\/strong>.&nbsp; Auf eine hochwertige Gesundheitsversorgung z\u00e4hlen, mit der M\u00f6glichkeit, einen Psychologen aufzusuchen, der uns in unserem eigenen Heilungsprozess begleitet, so wie es ein Arzt tut, wenn wir ein k\u00f6rperliches Problem haben.<\/p>\n\n\n\n<h2 class=\"wp-block-heading\"><strong>Was k\u00f6nnen wir als Angeh\u00f6rige oder Freunde tun?&nbsp;<\/strong><\/h2>\n\n\n\n<p>Wenn eine uns nahestehende Person eine schwierige Zeit durchmacht, m\u00fcssen wir bestimmte Aspekte ber\u00fccksichtigen, z. B. auf unsere Wortwahl achten oder vermeiden, Ratschl\u00e4ge zu erteilen, um die wir nicht gebeten wurden. Das Beste, was man in solchen Situationen tun kann, ist, <strong>einf\u00fchlsam zu sein<\/strong> und sich f\u00fcr die <strong>Bed\u00fcrfnisse der Person<\/strong> zu interessieren, um zu sehen, wie man ihr helfen kann.<\/p>\n\n\n\n<h2 class=\"wp-block-heading\"><strong>Und zu guter Letzt: Was k\u00f6nnen wir als Vorgesetzte tun?<\/strong><\/h2>\n\n\n\n<p><strong>Ein gutes Arbeitsumfeld f\u00f6rdern<\/strong>. Soziale Unterst\u00fctzung ist sowohl f\u00fcr unsere k\u00f6rperliche als auch f\u00fcr unsere emotionale Gesundheit einer der wichtigsten Schutzfaktoren. Daher ist die F\u00f6rderung von Teamarbeit und sozialen Beziehungen in unserem Arbeitsumfeld f\u00fcr den Schutz der psychischen Gesundheit unserer Mitarbeiter von entscheidender Bedeutung.<\/p>\n\n\n\n<p><strong>Das Stigma brechen.<\/strong>&nbsp; Man muss nicht darauf warten, dass jemand anderes beginnt, um das Thema psychische Gesundheit anzusprechen. Wir k\u00f6nnen selbst die Initiative ergreifen und jemanden fragen, wie er mit einem Problem oder Sorgen zurechtkommt.Kurzum, <strong>f\u00f6rdern Sie die Akzeptanz<\/strong>. Wenn wir akzeptieren, dass es genauso wichtig ist, unsere geistige Gesundheit zu pflegen, wie unsere k\u00f6rperliche Gesundheit, werden wir ruhiger, produktiver, besser gelaunt &#8230; und gl\u00fccklicher arbeiten!<\/p>\n\n    <div class=\"xs_social_share_widget xs_share_url after_content \t\tmain_content  wslu-style-1 wslu-share-box-shaped wslu-fill-colored wslu-none wslu-share-horizontal wslu-theme-font-no wslu-main_content\">\n\n\t\t\n        <ul>\n\t\t\t        <\/ul>\n    <\/div> \n","protected":false},"excerpt":{"rendered":"<p>Anl\u00e4sslich des Welttages der psychischen Gesundheit am 10. Oktober gibt es zahlreiche Sensibilisierungskampagnen dar\u00fcber, wie wichtig es ist, sich um den Teil von uns zu k\u00fcmmern, der nicht sichtbar ist, von dem aber unser Wohlbefinden in hohem Ma\u00dfe abh\u00e4ngt: unseren Geist. Im Jahr 2022 j\u00e4hrte sich diese Feier zum 25. Mal und es lassen sich [&hellip;]<\/p>\n","protected":false},"author":48,"featured_media":36,"comment_status":"open","ping_status":"open","sticky":false,"template":"","format":"standard","meta":{"content-type":"","postBodyCss":"","postBodyMargin":[],"postBodyPadding":[],"postBodyBackground":{"backgroundType":"classic","gradient":""},"footnotes":""},"categories":[1],"tags":[],"class_list":["post-35","post","type-post","status-publish","format-standard","has-post-thumbnail","hentry","category-sin-categoria"],"_links":{"self":[{"href":"https:\/\/ifeelonline.com\/de\/wp-json\/wp\/v2\/posts\/35","targetHints":{"allow":["GET"]}}],"collection":[{"href":"https:\/\/ifeelonline.com\/de\/wp-json\/wp\/v2\/posts"}],"about":[{"href":"https:\/\/ifeelonline.com\/de\/wp-json\/wp\/v2\/types\/post"}],"author":[{"embeddable":true,"href":"https:\/\/ifeelonline.com\/de\/wp-json\/wp\/v2\/users\/48"}],"replies":[{"embeddable":true,"href":"https:\/\/ifeelonline.com\/de\/wp-json\/wp\/v2\/comments?post=35"}],"version-history":[{"count":0,"href":"https:\/\/ifeelonline.com\/de\/wp-json\/wp\/v2\/posts\/35\/revisions"}],"wp:featuredmedia":[{"embeddable":true,"href":"https:\/\/ifeelonline.com\/de\/wp-json\/wp\/v2\/media\/36"}],"wp:attachment":[{"href":"https:\/\/ifeelonline.com\/de\/wp-json\/wp\/v2\/media?parent=35"}],"wp:term":[{"taxonomy":"category","embeddable":true,"href":"https:\/\/ifeelonline.com\/de\/wp-json\/wp\/v2\/categories?post=35"},{"taxonomy":"post_tag","embeddable":true,"href":"https:\/\/ifeelonline.com\/de\/wp-json\/wp\/v2\/tags?post=35"}],"curies":[{"name":"wp","href":"https:\/\/api.w.org\/{rel}","templated":true}]}}