{"id":122,"date":"2023-05-23T08:35:51","date_gmt":"2023-05-23T08:35:51","guid":{"rendered":"https:\/\/ifeelonline.com\/de\/?p=122"},"modified":"2023-05-23T08:38:30","modified_gmt":"2023-05-23T08:38:30","slug":"generalisierte-angststoerung-was-ist-sie-und-wie-kann-sie-behandelt-werden","status":"publish","type":"post","link":"https:\/\/ifeelonline.com\/de\/generalisierte-angststoerung-was-ist-sie-und-wie-kann-sie-behandelt-werden\/","title":{"rendered":"Generalisierte Angstst\u00f6rung: Was ist sie und wie kann sie behandelt werden?"},"content":{"rendered":"\n<p>Die generalisierte Angstst\u00f6rung zeichnet sich durch ein dauerhaftes und lang anhaltendes Gef\u00fchl der Beklemmung aus. Ein Gef\u00fchl der innerlichen Anspannung und der scheinbaren Unf\u00e4higkeit, sich zu entspannen, das sich \u00fcber einen l\u00e4ngeren Zeitraum hinzieht.<\/p>\n\n\n\n<p>Begleitet wird dieses Gef\u00fchl von k\u00f6rperlichen Symptomen wie Unruhe, Konzentrationsschwierigkeiten, Muskelverspannungen oder Schlafproblemen.<\/p>\n\n\n\n<p>Das typischste Merkmal liegt jedoch auf der kognitiven Ebene&nbsp;\u2013 Besorgnis. Sorge tritt einem solchen Ausma\u00df auf, dass man diese St\u00f6rung eher als \u201eexzessive Sorgenst\u00f6rung\u201c beschreiben k\u00f6nnte.<\/p>\n\n\n\n<h2 class=\"wp-block-heading\"><strong>Exzessive Sorge<\/strong><\/h2>\n\n\n\n<p>Die Person ist \u00fcber so gut wie alle Aspekte ihres Lebens besorgt. \u00dcber die Gegenwart und die Zukunft, dar\u00fcber, was mit den Menschen um sie herum geschehen k\u00f6nnte, sogar \u00fcber die allgemeine Situation im Land.<\/p>\n\n\n\n<p>Mit der Zeit werden die Betroffenen von diesen exzessiven Sorgen \u00fcberw\u00e4ltigt. Und das kann zur Folge haben, dass sie aufgrund dieser Angst viele Dingen aufgeben. Sie haben den Drang, m\u00f6glichst viele Aspekte in ihrem eigenen Leben und im Leben anderer zu kontrollieren.<\/p>\n\n\n\n<p>Andererseits f\u00fchlen sie sich unsicher. Die Folge sind negative Auswirkungen auf ihr Selbstwertgef\u00fchl und ihren Gem\u00fctszustand. H\u00e4ufig finden sich bei Menschen mit einer generalisierten Angstst\u00f6rung auch Symptome einer Depression.<\/p>\n\n\n\n<p>Im sozialen und famili\u00e4ren Umfeld werden sie manchmal als die typische <em>besorgte Mutter<\/em> wahrgenommen. Sie verfolgen nahezu alle Belange der Menschen um sie herum und brauchen permanent Informationen \u00fcber die Entwicklung der Ereignisse, um ihre \u00c4ngste und st\u00e4ndigen Sorgen zu beruhigen.<\/p>\n\n\n\n<p>Zwar mag dies auf den ersten Blick als Zeichen von Liebe und F\u00fcrsorge f\u00fcr andere wahrgenommen werden, doch in Wirklichkeit verursacht das, was die Betroffenen empfinden, echtes Leid, das jenseits ihrer Kontrolle liegt. Menschen mit generalisierter Angstst\u00f6rung k\u00f6nnen mit der Zeit sogar den Eindruck vermitteln, sie h\u00e4tten kein Vertrauen in ihr Umfeld.<\/p>\n\n\n\n<h2 class=\"wp-block-heading\"><strong>Beginn und Pr\u00e4valenz<\/strong><\/h2>\n\n\n\n<p>Die generalisierte Angstst\u00f6rung tritt im fr\u00fchen Erwachsenenalter von etwa 20&nbsp;Jahren auf und wird in der Regel chronisch. Allerdings kann es in bestimmten Situationen mit vermehrtem Stress auch zu schlimmeren Phasen kommen.<\/p>\n\n\n\n<p>Die Pr\u00e4valenz dieser St\u00f6rung liegt in der Allgemeinbev\u00f6lkerung bei sch\u00e4tzungsweise 5&nbsp;%, wobei Frauen in einem Verh\u00e4ltnis von zwei zu einem Drittel h\u00e4ufiger betroffen sind als M\u00e4nner.<\/p>\n\n\n\n<h2 class=\"wp-block-heading\"><strong>Behandlung der generalisierten Angstst\u00f6rung<\/strong><\/h2>\n\n\n\n<p>Es gibt zwei bew\u00e4hrte Behandlungsmethoden f\u00fcr generalisierte Angstzust\u00e4nde: die medikament\u00f6se Behandlung und die psychologische Behandlung, genauer gesagt die kognitive Verhaltenstherapie.<\/p>\n\n\n\n<p>Im Falle einer medikament\u00f6sen Behandlung werden Benzodiazepine, also Anxiolytika, eingesetzt. Durchgef\u00fchrt werden die Behandlungen von Psychiatern und, in begrenztem Umfang, von Allgemeinmedizinerinnen. Da die Medikamente stark suchterzeugend sein k\u00f6nnen, m\u00fcssen sie stets unter \u00e4rztlicher Aufsicht eingenommen werden.<\/p>\n\n\n\n<p>Diese Behandlung hat jedoch ihre Grenzen, da sie sich nur auf eines der Symptome konzentriert, dem Patienten aber nicht die richtigen Werkzeuge zur Beseitigung des Problems in die Hand gibt.<\/p>\n\n\n\n<p>Deshalb kommen im Rahmen der Psychologie die bereits erw\u00e4hnten kognitiven Verhaltenstherapien zum Einsatz.<\/p>\n\n\n\n<p>Im ersten Teil der Therapie werden zun\u00e4chst die verschiedenen Bef\u00fcrchtungen definiert und nach Themen gruppiert. Nachdem diese Sorgen ermittelt wurden, liegt der Schwerpunkt darauf, dass sich die Person ihnen aussetzt.<\/p>\n\n\n\n<p>Die Patientin erlernt Entspannungstechniken, damit sie weniger \u00e4ngstlich an ihre Sorgen herangehen kann. Durch das Training kann der Betroffene sich seinen Gedanken schlie\u00dflich relativ angstfrei n\u00e4hern.<\/p>\n\n\n\n<p>Dieser Vorgang wird f\u00fcr jede thematische Gruppe von Sorgen wiederholt. Da die Themen, um die die Sorgen kreisen, in der Regel sehr vielf\u00e4ltig sind, ist seitens des Patienten ein gewisses Ma\u00df an Zeit und Engagement erforderlich, um die Angstgef\u00fchle tats\u00e4chlich weitgehend in den Griff zu bekommen.<\/p>\n\n\n\n<h2 class=\"wp-block-heading\">Meditation und generalisierte Angstzust\u00e4nde<\/h2>\n\n\n\n<p>In letzter Zeit haben sich auch alternative Therapien f\u00fcr generalisierte Angstst\u00f6rungen als wirksam erwiesen. Dazu geh\u00f6ren auch Meditation und Entspannungs\u00fcbungen.<\/p>\n\n\n\n<p>Bei diesen Techniken geht es im Wesentlichen darum, dass wir unsere Gedanken und Sorgen <em>wahrnehmen<\/em> k\u00f6nnen, ohne in sie \u201eeinzutauchen\u201c. Es dauert, bis man diese Techniken beherrscht, aber sie haben von Anfang an eine positive Wirkung. Durch den Lernprozess erwirbt man F\u00e4higkeiten, die gerade f\u00fcr Menschen mit einer generalisierten Angstst\u00f6rung besonders hilfreich sind.<\/p>\n\n\n\n<p>Durch die Meditation wird man sich der Flut von Ideen und Gedanken, die einem den ganzen Tag \u00fcber durch den Kopf gehen, und all der Informationen, die man eigentlich als irrelevant \u201eaussortiert\u201c, bewusst. W\u00fcrden wir uns mit all diesen Gedanken befassen, w\u00e4re unser Kopf nicht in der Lage, auf die wichtigeren Reize unseres t\u00e4glichen Lebens einzugehen.<\/p>\n\n\n\n<p>Auf diese Art verbessern Betroffene nach und nach ihre F\u00e4higkeit, ihr Leben nicht von Gedanken dominieren oder l\u00e4hmen zu lassen. Jetzt entscheiden sie selbst, was wirklich wichtig ist, worauf sie ihre Aufmerksamkeit richten und worauf nicht.<\/p>\n\n\n\n<p>Diese Techniken erweisen sich daher&nbsp;\u2013 in Kombination mit anderen Ma\u00dfnahmen im Rahmen einer umfassenden Psychotherapie&nbsp;\u2013 als beste L\u00f6sung zur \u00dcberwindung einer generalisierten Angstst\u00f6rung.<\/p>\n\n    <div class=\"xs_social_share_widget xs_share_url after_content \t\tmain_content  wslu-style-1 wslu-share-box-shaped wslu-fill-colored wslu-none wslu-share-horizontal wslu-theme-font-no wslu-main_content\">\n\n\t\t\n        <ul>\n\t\t\t        <\/ul>\n    <\/div> \n","protected":false},"excerpt":{"rendered":"<p>Die generalisierte Angstst\u00f6rung zeichnet sich durch ein dauerhaftes und lang anhaltendes Gef\u00fchl der Beklemmung aus. Ein Gef\u00fchl der innerlichen Anspannung und der scheinbaren Unf\u00e4higkeit, sich zu entspannen, das sich \u00fcber einen l\u00e4ngeren Zeitraum hinzieht. Begleitet wird dieses Gef\u00fchl von k\u00f6rperlichen Symptomen wie Unruhe, Konzentrationsschwierigkeiten, Muskelverspannungen oder Schlafproblemen. Das typischste Merkmal liegt jedoch auf der kognitiven [&hellip;]<\/p>\n","protected":false},"author":57,"featured_media":123,"comment_status":"open","ping_status":"open","sticky":false,"template":"","format":"standard","meta":{"content-type":"","postBodyCss":"","postBodyMargin":[],"postBodyPadding":[],"postBodyBackground":{"backgroundType":"classic","gradient":""},"footnotes":""},"categories":[3,1],"tags":[],"class_list":["post-122","post","type-post","status-publish","format-standard","has-post-thumbnail","hentry","category-ifeel-app","category-sin-categoria"],"_links":{"self":[{"href":"https:\/\/ifeelonline.com\/de\/wp-json\/wp\/v2\/posts\/122","targetHints":{"allow":["GET"]}}],"collection":[{"href":"https:\/\/ifeelonline.com\/de\/wp-json\/wp\/v2\/posts"}],"about":[{"href":"https:\/\/ifeelonline.com\/de\/wp-json\/wp\/v2\/types\/post"}],"author":[{"embeddable":true,"href":"https:\/\/ifeelonline.com\/de\/wp-json\/wp\/v2\/users\/57"}],"replies":[{"embeddable":true,"href":"https:\/\/ifeelonline.com\/de\/wp-json\/wp\/v2\/comments?post=122"}],"version-history":[{"count":0,"href":"https:\/\/ifeelonline.com\/de\/wp-json\/wp\/v2\/posts\/122\/revisions"}],"wp:featuredmedia":[{"embeddable":true,"href":"https:\/\/ifeelonline.com\/de\/wp-json\/wp\/v2\/media\/123"}],"wp:attachment":[{"href":"https:\/\/ifeelonline.com\/de\/wp-json\/wp\/v2\/media?parent=122"}],"wp:term":[{"taxonomy":"category","embeddable":true,"href":"https:\/\/ifeelonline.com\/de\/wp-json\/wp\/v2\/categories?post=122"},{"taxonomy":"post_tag","embeddable":true,"href":"https:\/\/ifeelonline.com\/de\/wp-json\/wp\/v2\/tags?post=122"}],"curies":[{"name":"wp","href":"https:\/\/api.w.org\/{rel}","templated":true}]}}