{"id":114,"date":"2023-05-23T08:35:52","date_gmt":"2023-05-23T08:35:52","guid":{"rendered":"https:\/\/ifeelonline.com\/de\/?p=114"},"modified":"2023-05-23T08:39:08","modified_gmt":"2023-05-23T08:39:08","slug":"dysthymie-wie-laesst-sie-sich-von-einer-depression-unterscheiden","status":"publish","type":"post","link":"https:\/\/ifeelonline.com\/de\/dysthymie-wie-laesst-sie-sich-von-einer-depression-unterscheiden\/","title":{"rendered":"Dysthymie: Wie l\u00e4sst sie sich von einer Depression unterscheiden?"},"content":{"rendered":"\n<p>Die Dysthymie \u00e4u\u00dfert sich in Form eines Stimmungstiefs, das zwar keine Depression ist, aber \u00fcber einen l\u00e4ngeren Zeitraum anh\u00e4lt. Die Symptome der Betroffenen lassen nicht darauf schlie\u00dfen, dass es sich um eine schwere depressive Episode handelt, da weniger Anzeichen auftreten als bei Menschen mit eindeutigen Depressionen. Bei einer Depression kommt das Leben der Betroffenen praktisch zum Stillstand. In vielen F\u00e4llen k\u00f6nnen depressive Menschen nicht einmal das Bett verlassen und haben daher erhebliche Probleme in Bezug auf Arbeit, Familie und Gesellschaft.<\/p>\n\n\n\n<p>Bei der Dysthymie sind die Symptome nicht so schwerwiegend wie bei der Depression und die betroffene Person kann f\u00fcr gew\u00f6hnlich ein mehr oder weniger normales Leben f\u00fchren. Der Nachteil gegen\u00fcber der Depression liegt jedoch in der Dauer der Symptome, da diese oft chronisch sind.<\/p>\n\n\n\n<p>Eine Person mit Dysthymie wird oft als trauriger, melancholischer Mensch definiert. Die Betroffenen haben die Traurigkeit als ihre pers\u00f6nliche Charaktereigenschaft verinnerlicht. Oft sind sie sehr pessimistisch und haben wenig Hoffnung in die Zukunft.<\/p>\n\n\n\n<p>Sie neigen zu einer unfreiwilligen Abschottung von der Au\u00dfenwelt. Meist f\u00fchren ihre traurigen Gespr\u00e4che und Stimmungen dazu, dass sich die Menschen um sie herum distanzieren, was die Symptome nur noch verschlimmert.<\/p>\n\n\n\n<h2 class=\"wp-block-heading\"><strong>Verlauf und Pr\u00e4valenz der Dysthymie<\/strong><\/h2>\n\n\n\n<p>Zu dieser St\u00f6rung liegen nur wenige Untersuchungen vor, allerdings ergab eine US-Studie aus den 1980er-Jahren, dass 3&nbsp;% der Bev\u00f6lkerung an Dysthymie leiden.<\/p>\n\n\n\n<p>Ferner wurde festgestellt, dass doppelt so viele Frauen wie M\u00e4nner betroffen sind und dass \u00e4ltere Altersgruppen h\u00e4ufiger daran leiden. Laut dieser Studie tritt Dysthymie bei Alleinstehenden doppelt so h\u00e4ufig auf wie bei Verheirateten und es gibt mehr F\u00e4lle in st\u00e4dtischen als in l\u00e4ndlichen Gebieten.<\/p>\n\n\n\n<p>In der Regel entwickelt sich diese St\u00f6rung rund um das 20.&nbsp;Lebensjahr. Oft geht ihr ein einschneidendes Negativerlebnis voraus, was jedoch nicht zwangsl\u00e4ufig der Fall sein muss.<\/p>\n\n\n\n<p>Beginnt die St\u00f6rung vor diesem Alter, verschlechtert sich die Prognose, da die Symptome l\u00e4nger andauern k\u00f6nnen und sich m\u00f6glicherweise schwerer korrigieren lassen.<\/p>\n\n\n\n<h2 class=\"wp-block-heading\"><strong>So bin ich eben, ich brauche keinen Psychologen<\/strong><\/h2>\n\n\n\n<p>Das gr\u00f6\u00dfte Problem bei der Behandlung von Patienten mit Dysthymie ist, dass ihre Symptome nicht so schwerwiegend sind, dass sie ihr Leben ma\u00dfgeblich beeintr\u00e4chtigen. Sie gew\u00f6hnen sich an dieses Leben und halten es f\u00fcr normal. Au\u00dferdem muss man sich vor Augen halten, dass es sich um pessimistische Menschen handelt, die kaum an eine Besserung glauben.<\/p>\n\n\n\n<p>Genau diese Nichtbehandlung der Symptome im Anfangsstadium f\u00fchrt dazu, dass das Problem chronisch wird. Es k\u00f6nnen sich daraus sogar Episoden einer schweren Depression entwickeln, die als <em>Double Depression<\/em> bezeichnet wird.<\/p>\n\n\n\n<p>Eine Double Depression ist gepr\u00e4gt von Phasen einer sehr akuten Depression einhergehend mit einer anhaltend gedr\u00fcckten Stimmung. Diese <em>Depressionssch\u00fcbe<\/em> klingen innerhalb weniger Tage oder Wochen ab, hinterlassen aber tiefe Spuren bei den Patienten.<\/p>\n\n\n\n<h2 class=\"wp-block-heading\"><strong>Leben mit Dysthymie<\/strong><\/h2>\n\n\n\n<p>Das bei Patienten mit Dysthymie auftretende Hauptproblem liegt im Bereich der sozialen Kontakte und Partnerschaften.<\/p>\n\n\n\n<p>Personen, die mit einem an Dysthymie leidenden Menschen zusammenleben, f\u00fchlen sich oft sehr frustriert. Ihre Versuche, dessen Stimmung zu heben, scheitern in der Regel. Die Krankheit wird nach und nach zum Mittelpunkt der Beziehung. In einigen F\u00e4llen verschlechtert sich die Stimmung dieser Personen sogar parallel zu der des Dysthymikers.<\/p>\n\n\n\n<p>Psychologen raten Betroffenen, eine gewisse Distanz zu diesen depressiven Symptomen zu schaffen und, auch wenn es schwerf\u00e4llt, ihre nahezu dauerhafte Traurigkeit nicht zum zentralen Gespr\u00e4chsthema zu machen. Der Wunsch, dem geliebten Menschen zu helfen oder ihn sogar zu \u201eretten\u201c, kann schnell dazu f\u00fchren, dass nicht nur die Beziehung, sondern auch die geistige Gesundheit der Menschen im nahen Umfeld Schaden nimmt.<\/p>\n\n\n\n<h2 class=\"wp-block-heading\"><strong>Behandlung der Dysthymie<\/strong><\/h2>\n\n\n\n<p>Um zu verhindern, dass diese Symptome chronisch werden oder sich weiterentwickeln, empfiehlt es sich, m\u00f6glichst bald eine psychologische Fachkraft aufzusuchen.<\/p>\n\n\n\n<p>Die Psychologie bietet eine Vielzahl von Behandlungsm\u00f6glichkeiten f\u00fcr die Dysthymie. In vielen F\u00e4llen leidet die Patientin seit vielen Jahren unter dieser St\u00f6rung, so dass sich die Behandlung nicht nur auf diese Symptome beschr\u00e4nkt, sondern einen viel umfassenderen Ansatz erforderlich macht.<\/p>\n\n\n\n<p>Zu Beginn der Therapie werden die negativen Gef\u00fchle, die der Patient sowohl gegenw\u00e4rtig als auch mit Blick auf die Zukunft hat, mit einer Vielzahl von Techniken wie Projektion (Visualisierung der nahen Zukunft, Erarbeitung von Zielen und Arbeit an der Motivation) und Katharsis (Ausleben der Gef\u00fchle) angegangen.<\/p>\n\n\n\n<p>Wenn die Patientin sich lebhafter und ergebnisorientierter zeigt, erfolgt in der zweiten Phase der Therapie eine personalisierte Behandlung, um weitere ihrer Defizite zu bearbeiten. Zu den verschiedenen M\u00f6glichkeiten geh\u00f6ren beispielsweise Techniken zur Verbesserung der sozialen Kompetenzen oder der Stressbew\u00e4ltigung.<\/p>\n\n    <div class=\"xs_social_share_widget xs_share_url after_content \t\tmain_content  wslu-style-1 wslu-share-box-shaped wslu-fill-colored wslu-none wslu-share-horizontal wslu-theme-font-no wslu-main_content\">\n\n\t\t\n        <ul>\n\t\t\t        <\/ul>\n    <\/div> \n","protected":false},"excerpt":{"rendered":"<p>Die Dysthymie \u00e4u\u00dfert sich in Form eines Stimmungstiefs, das zwar keine Depression ist, aber \u00fcber einen l\u00e4ngeren Zeitraum anh\u00e4lt. Die Symptome der Betroffenen lassen nicht darauf schlie\u00dfen, dass es sich um eine schwere depressive Episode handelt, da weniger Anzeichen auftreten als bei Menschen mit eindeutigen Depressionen. Bei einer Depression kommt das Leben der Betroffenen praktisch [&hellip;]<\/p>\n","protected":false},"author":57,"featured_media":115,"comment_status":"open","ping_status":"open","sticky":false,"template":"","format":"standard","meta":{"content-type":"","postBodyCss":"","postBodyMargin":[],"postBodyPadding":[],"postBodyBackground":{"backgroundType":"classic","gradient":""},"footnotes":""},"categories":[3,1],"tags":[],"class_list":["post-114","post","type-post","status-publish","format-standard","has-post-thumbnail","hentry","category-ifeel-app","category-sin-categoria"],"_links":{"self":[{"href":"https:\/\/ifeelonline.com\/de\/wp-json\/wp\/v2\/posts\/114","targetHints":{"allow":["GET"]}}],"collection":[{"href":"https:\/\/ifeelonline.com\/de\/wp-json\/wp\/v2\/posts"}],"about":[{"href":"https:\/\/ifeelonline.com\/de\/wp-json\/wp\/v2\/types\/post"}],"author":[{"embeddable":true,"href":"https:\/\/ifeelonline.com\/de\/wp-json\/wp\/v2\/users\/57"}],"replies":[{"embeddable":true,"href":"https:\/\/ifeelonline.com\/de\/wp-json\/wp\/v2\/comments?post=114"}],"version-history":[{"count":0,"href":"https:\/\/ifeelonline.com\/de\/wp-json\/wp\/v2\/posts\/114\/revisions"}],"wp:featuredmedia":[{"embeddable":true,"href":"https:\/\/ifeelonline.com\/de\/wp-json\/wp\/v2\/media\/115"}],"wp:attachment":[{"href":"https:\/\/ifeelonline.com\/de\/wp-json\/wp\/v2\/media?parent=114"}],"wp:term":[{"taxonomy":"category","embeddable":true,"href":"https:\/\/ifeelonline.com\/de\/wp-json\/wp\/v2\/categories?post=114"},{"taxonomy":"post_tag","embeddable":true,"href":"https:\/\/ifeelonline.com\/de\/wp-json\/wp\/v2\/tags?post=114"}],"curies":[{"name":"wp","href":"https:\/\/api.w.org\/{rel}","templated":true}]}}