{"id":110,"date":"2023-05-23T08:35:52","date_gmt":"2023-05-23T08:35:52","guid":{"rendered":"https:\/\/ifeelonline.com\/de\/?p=110"},"modified":"2023-05-23T08:37:43","modified_gmt":"2023-05-23T08:37:43","slug":"krankschreibung-bei-depressionen-ein-werkzeug-im-dienste-der-gesundheit","status":"publish","type":"post","link":"https:\/\/ifeelonline.com\/de\/krankschreibung-bei-depressionen-ein-werkzeug-im-dienste-der-gesundheit\/","title":{"rendered":"Krankschreibung bei Depressionen: ein Werkzeug im Dienste der Gesundheit"},"content":{"rendered":"\n<p>Arbeitnehmer haben das Recht, sich wegen Depressionen krankschreiben zu lassen, wenn ihre psychische Gesundheit unter einer entsprechenden St\u00f6rung leidet und sie ihre Arbeitst\u00e4tigkeit zu einer angemessenen Behandlung und bestm\u00f6glichen Genesung vor\u00fcbergehend unterbrechen m\u00fcssen.\u00a0<\/p>\n\n\n\n<p>Man sollte wissen, dass es sich bei Depression um eine psychische St\u00f6rung mit unterschiedlichen Auspr\u00e4gungen handelt. In schweren F\u00e4llen sollte sie als ernsthaftes Gesundheitsproblem verstanden werden und kann f\u00fcr den Betroffenen erhebliche Beeintr\u00e4chtigungen mit sich bringen.\u00a0<\/p>\n\n\n\n<p>Meist verwechselt man diese Gem\u00fctsst\u00f6rung mit einem Gef\u00fchl intensiver Traurigkeit, bei dem die Person in permanente Melancholie versinkt. Tats\u00e4chlich geh\u00f6rt zur Depression neben dieser melancholischen Stimmung auch ein Zustand der Apathie, Lustlosigkeit, Hoffnungslosigkeit in Bezug auf die Zukunft, Unf\u00e4higkeit, sich an den verschiedenen Aspekten des Lebens zu erfreuen und zu beteiligen, und der emotionalen Abkopplung vom Umfeld des Betroffenen.\u00a0<\/p>\n\n\n\n<h2 class=\"wp-block-heading\"><strong>Der Nutzen einer Krankschreibung bei Depressionen<\/strong><\/h2>\n\n\n\n<p>Wie bereits erw\u00e4hnt, ist ein depressiver Mensch nicht einfach nur sehr traurig, sondern emotional so \u201eabgestumpft\u201c, dass sein Verantwortungsbewusstsein und seine Bindung an das Leben und die Menschen in seinem Umfeld immer schw\u00e4cher werden.&nbsp;<\/p>\n\n\n\n<p>Aus diesem Grund ist es wichtig, eine Depression richtig zu diagnostizieren, die erforderliche psychologische und gegebenenfalls psychiatrische Behandlung einzuleiten und der Person die notwendigen Voraussetzungen zu bieten, damit es ihr m\u00f6glichst schnell besser geht.&nbsp;<\/p>\n\n\n\n<p>Dieser Prozess erfordert Zeit, und in diesem Zusammenhang kommt das Konzept der Krankschreibung bei Depressionen zum Tragen. Man muss ber\u00fccksichtigen, dass die depressive Person ab einem bestimmten Punkt weder psychisch noch physisch in der Lage ist, den Anforderungen ihres Arbeitsplatzes gerecht zu werden und daher eine Pause braucht, um sich zu erholen, ohne zwangsl\u00e4ufig ihren Arbeitsplatz zu verlieren.&nbsp;<\/p>\n\n\n\n<p>Aus verwaltungstechnischer Sicht kann ein Arbeitnehmer bei Depressionen aus zwei verschiedenen Gr\u00fcnden krankgeschrieben werden.&nbsp;<\/p>\n\n\n\n<p>Zum einen aus pers\u00f6nlichen Gr\u00fcnden, d.&nbsp;h. aufgrund von Ausl\u00f6sern der Depression, die nichts mit der Arbeit zu tun haben. Diese Gr\u00fcnde fallen unter die <em>normalen Krankheitsrisiken<\/em>. Bei derart bedingten Problemen ist die Haus\u00e4rztin f\u00fcr die Krankschreibung zust\u00e4ndig.&nbsp;<\/p>\n\n\n\n<p>Andererseits gibt es Gr\u00fcnde, die in direktem Zusammenhang mit der Arbeit stehen (z.\u00a0B. ein anhaltender Burn-out, Konflikte mit Arbeitskollegen oder sogar sexuelle Bel\u00e4stigung durch ein Teammitglied). In diesem Fall spricht man von <em>berufsbedingten Krankheitsrisiken<\/em>, f\u00fcr deren Beurteilung die Berufsgenossenschaft zust\u00e4ndig ist.\u00a0<\/p>\n\n\n\n<p>Leider k\u00f6nnen Unternehmen depressionsbedingte Krankschreibungen bei ihren Mitarbeiterinnen nicht immer verhindern. Sie m\u00fcssen jedoch ihr M\u00f6glichstes tun, um ihnen vorzubeugen, indem sie die berufsbedingten Ursachen ermitteln und die notwendigen Ma\u00dfnahmen zum Schutz der Gesundheit ihrer Mitarbeiter ergreifen.&nbsp;<\/p>\n\n    <div class=\"xs_social_share_widget xs_share_url after_content \t\tmain_content  wslu-style-1 wslu-share-box-shaped wslu-fill-colored wslu-none wslu-share-horizontal wslu-theme-font-no wslu-main_content\">\n\n\t\t\n        <ul>\n\t\t\t        <\/ul>\n    <\/div> \n","protected":false},"excerpt":{"rendered":"<p>Arbeitnehmer haben das Recht, sich wegen Depressionen krankschreiben zu lassen, wenn ihre psychische Gesundheit unter einer entsprechenden St\u00f6rung leidet und sie ihre Arbeitst\u00e4tigkeit zu einer angemessenen Behandlung und bestm\u00f6glichen Genesung vor\u00fcbergehend unterbrechen m\u00fcssen.\u00a0 Man sollte wissen, dass es sich bei Depression um eine psychische St\u00f6rung mit unterschiedlichen Auspr\u00e4gungen handelt. In schweren F\u00e4llen sollte sie als [&hellip;]<\/p>\n","protected":false},"author":57,"featured_media":111,"comment_status":"open","ping_status":"open","sticky":false,"template":"","format":"standard","meta":{"content-type":"","postBodyCss":"","postBodyMargin":[],"postBodyPadding":[],"postBodyBackground":{"backgroundType":"classic","gradient":""},"footnotes":""},"categories":[3,1],"tags":[],"class_list":["post-110","post","type-post","status-publish","format-standard","has-post-thumbnail","hentry","category-ifeel-app","category-sin-categoria"],"_links":{"self":[{"href":"https:\/\/ifeelonline.com\/de\/wp-json\/wp\/v2\/posts\/110","targetHints":{"allow":["GET"]}}],"collection":[{"href":"https:\/\/ifeelonline.com\/de\/wp-json\/wp\/v2\/posts"}],"about":[{"href":"https:\/\/ifeelonline.com\/de\/wp-json\/wp\/v2\/types\/post"}],"author":[{"embeddable":true,"href":"https:\/\/ifeelonline.com\/de\/wp-json\/wp\/v2\/users\/57"}],"replies":[{"embeddable":true,"href":"https:\/\/ifeelonline.com\/de\/wp-json\/wp\/v2\/comments?post=110"}],"version-history":[{"count":0,"href":"https:\/\/ifeelonline.com\/de\/wp-json\/wp\/v2\/posts\/110\/revisions"}],"wp:featuredmedia":[{"embeddable":true,"href":"https:\/\/ifeelonline.com\/de\/wp-json\/wp\/v2\/media\/111"}],"wp:attachment":[{"href":"https:\/\/ifeelonline.com\/de\/wp-json\/wp\/v2\/media?parent=110"}],"wp:term":[{"taxonomy":"category","embeddable":true,"href":"https:\/\/ifeelonline.com\/de\/wp-json\/wp\/v2\/categories?post=110"},{"taxonomy":"post_tag","embeddable":true,"href":"https:\/\/ifeelonline.com\/de\/wp-json\/wp\/v2\/tags?post=110"}],"curies":[{"name":"wp","href":"https:\/\/api.w.org\/{rel}","templated":true}]}}